{"@context":"https:\/\/schema.org\/","@type":"CollectionPage","@id":"https:\/\/www.anwalt-zuerich.attorney\/ch\/tag\/nachlass\/#CollectionPage","headline":"Nachlass Tag","description":"","url":"https:\/\/www.anwalt-zuerich.attorney\/ch\/tag\/nachlass\/","hasPart":[{"@type":"Article","@id":"https:\/\/www.anwalt-zuerich.attorney\/ch\/anwalt-erbrecht\/","headline":"Anwalt Erbrecht","url":"https:\/\/www.anwalt-zuerich.attorney\/ch\/anwalt-erbrecht\/","datePublished":"2021-10-15","dateModified":"2021-12-19","mainEntityOfPage":"https:\/\/www.anwalt-zuerich.attorney\/ch\/anwalt-erbrecht\/","author":{"@type":"Person","@id":"https:\/\/www.anwalt-zuerich.attorney\/ch\/author\/anwalt-zuerich\/#Person","name":"Anwalt Zuerich","url":"https:\/\/www.anwalt-zuerich.attorney\/ch\/author\/anwalt-zuerich\/","identifier":1,"image":{"@type":"ImageObject","@id":"https:\/\/secure.gravatar.com\/avatar\/42daca3ba25e2656c8a93581cdf1443d649767a7cbec9c51a67a8fd9baded316?s=96&d=mm&r=g","url":"https:\/\/secure.gravatar.com\/avatar\/42daca3ba25e2656c8a93581cdf1443d649767a7cbec9c51a67a8fd9baded316?s=96&d=mm&r=g","height":96,"width":96}},"publisher":{"@type":"Organization","name":"Anwaltskanzlei Wittibschlager","logo":{"@type":"ImageObject","@id":"https:\/\/www.anwalt-zuerich.attorney\/ch\/wp-content\/uploads\/2019\/02\/Anwaltskanzlei-Wittibschlager.jpg","url":"https:\/\/www.anwalt-zuerich.attorney\/ch\/wp-content\/uploads\/2019\/02\/Anwaltskanzlei-Wittibschlager.jpg","width":600,"height":60}},"image":{"@type":"ImageObject","@id":"https:\/\/www.anwalt-zuerich.attorney\/ch\/wp-content\/uploads\/2020\/12\/Bildschirmfoto-2020-12-06-um-20.04.19.png","url":"https:\/\/www.anwalt-zuerich.attorney\/ch\/wp-content\/uploads\/2020\/12\/Bildschirmfoto-2020-12-06-um-20.04.19.png","height":804,"width":1348},"keywords":["Ausschlagung","Erbfolge","Erbgang","Erbteilung","Erbvertrag","gesetzliches Erbrecht","Herabsetzungsklage","Immobilien Erbrecht","Nachlass","Nachlassplanung","Nachverm\u00e4chtnis","Teilungsklage","Unternehmensnachfolge","Verm\u00e4chtnis","Verm\u00f6gensnachfolge","Vorausverm\u00e4chtnis","Willensvollstreckung"],"commentCount":"8","comment":null}]}