{"id":10161,"date":"2021-12-05T08:25:57","date_gmt":"2021-12-05T08:25:57","guid":{"rendered":"https:\/\/www.anwalt-zuerich.attorney\/ch\/?p=10161"},"modified":"2021-12-22T08:02:22","modified_gmt":"2021-12-22T08:02:22","slug":"anwalt-verwaltungsrecht","status":"publish","type":"post","link":"https:\/\/www.anwalt-zuerich.attorney\/ch\/anwalt-verwaltungsrecht\/","title":{"rendered":"Anwalt Verwaltungsrecht"},"content":{"rendered":"\n<p class=\"yoast-reading-time__wrapper\"><span class=\"yoast-reading-time__icon\"><svg aria-hidden=\"true\" focusable=\"false\" data-icon=\"clock\" width=\"20\" height=\"20\" fill=\"none\" stroke=\"currentColor\" style=\"display:inline-block;vertical-align:-0.1em\" role=\"img\" xmlns=\"http:\/\/www.w3.org\/2000\/svg\" viewbox=\"0 0 24 24\"><path stroke-linecap=\"round\" stroke-linejoin=\"round\" stroke-width=\"2\" d=\"M12 8v4l3 3m6-3a9 9 0 11-18 0 9 9 0 0118 0z\"><\/path><\/svg><\/span><span class=\"yoast-reading-time__spacer\" style=\"display:inline-block;width:1em\"><\/span><span class=\"yoast-reading-time__descriptive-text\">Voraussichtliche Lesedauer:  <\/span><span class=\"yoast-reading-time__reading-time\">5<\/span><span class=\"yoast-reading-time__time-unit\"> Minuten<\/span><\/p>\n\n\n\n<p>Suchen Sie einen Anwalt und Experten f\u00fcr Verwaltungsrecht? Das Staats- und Verwaltungsrecht enth\u00e4lt Regelungen \u00fcber die Organisation des Staates an sich, die Verteilung von Kompetenzen, die Zust\u00e4ndigkeit f\u00fcr bestimmte Verfahren, und auch Verfahrensvorschriften, sofern staatliche Beh\u00f6rden involviert sind. Dass die Schweiz in 26 Kantone unterteilt und eine Demokratie ist, ist Bestandteil des Staatsrechts. Dass Sie sich in Ihre Einwohnergemeinde binnen einer bestimmten Frist anmelden und eventuell eine Geb\u00fchr entrichten m\u00fcssen, ist hingegen ein Teil des Verwaltungsrechts. <\/p>\n\n\n\n<div class=\"wp-block-yoast-seo-table-of-contents yoast-table-of-contents\"><h2>Inhaltsverzeichnis<\/h2><ul><li><a href=\"#h-ffentliche-verwaltung\" data-level=\"2\">\u00d6ffentliche Verwaltung<\/a><\/li><li><a href=\"#h-was-umfasst-das-verwaltungsrecht\" data-level=\"2\">Was umfasst das Verwaltungsrecht?<\/a><\/li><li><a href=\"#h-unterschied-zwischen-dem-verwaltungsrecht-und-dem-zivilrecht\" data-level=\"2\">Unterschied zwischen dem Verwaltungsrecht und dem Zivilrecht<\/a><\/li><li><a href=\"#h-das-verfahren-im-verwaltungsrecht\" data-level=\"2\">Das Verfahren im Verwaltungsrecht<\/a><\/li><li><a href=\"#h-hier-finden-sie-ihren-anwalt-f-r-verwaltungsrecht-im-herzen-der-stadt-z-rich-routenplaner\" data-level=\"2\">Hier finden Sie Ihren Anwalt f\u00fcr Verwaltungsrecht im Herzen der Stadt Z\u00fcrich &#8211; Routenplaner<\/a><\/li><li><a href=\"#h-ffnungszeiten-und-telefonische-erreichbarkeit-ihres-anwaltes-f-r-verwaltungsrecht\" data-level=\"2\">\u00d6ffnungszeiten und telefonische Erreichbarkeit Ihres Anwaltes f\u00fcr Verwaltungsrecht<\/a><\/li><\/ul><\/div>\n\n\n\n<section id=\"section-e7aff25c-21cd-4b3e-a0d7-a8a415f855f9\" class=\"wp-block-gutentor-divider section-e7aff25c-21cd-4b3e-a0d7-a8a415f855f9 gutentor-element gutentor-section gutentor-divider text-center\"><div class=\"grid-container\"><div class=\"gutentor-divider-box\"><span><svg xmlns=\"http:\/\/www.w3.org\/2000\/svg\" viewBox=\"0 0 240 40\" preserveAspectRatio=\"none\"><path d=\"M56.2 20c5.3-.1 10.6-.2 16-.3l16-.2c10.6-.1 21.3-.1 31.9-.2 10.6.1 21.3 0 31.9.1l16 .2c5.3.1 10.6.2 16 .3-5.3.1-10.6.2-16 .3l-16 .2c-10.6.1-21.3.1-31.9.1-10.6-.1-21.3 0-31.9-.2l-16-.2c-5.4.1-10.7 0-16-.1z\"><\/path><\/svg><\/span><\/div><\/div><\/section>\n\n\n\n<div class=\"wp-block-columns alignwide are-vertically-aligned-center is-layout-flex wp-container-core-columns-is-layout-9d6595d7 wp-block-columns-is-layout-flex\">\n<div class=\"wp-block-column is-layout-flow wp-block-column-is-layout-flow\" style=\"flex-basis:50%\">\n<p class=\"has-large-font-size\"><strong>Ihre Anw\u00e4ltin<\/strong><\/p>\n\n\n\n<h2 class=\"wp-block-heading\" id=\"h-scheidungsanw-ltin-und-inhaberin-der-anwaltskanzlei\"><strong><a href=\"https:\/\/www.anwalt-zuerich.attorney\/scheidungsanwalt\/\">Scheidungsanw\u00e4ltin<\/a><\/strong> und <strong>Inhaberin der Anwaltskanzlei <\/strong><\/h2>\n\n\n\n<p>Ich und mein Team beraten und vertreten <strong>Privatpersonen<\/strong> im <a href=\"https:\/\/www.anwalt-zuerich.attorney\/ch\/anwalt-arbeitsrecht-zuerich\/\">Arbeits-<\/a>, <a href=\"https:\/\/www.anwalt-zuerich.attorney\/ch\/anwalt-erbrecht\/\">Erbrecht<\/a> und <a href=\"https:\/\/www.anwalt-zuerich.attorney\/ch\/anwalt-familienrecht\/\">Familienrecht<\/a> sowie bei der  Vorsorge- und Nachlassplanung. Mein Fokus richtet sich auf <a href=\"https:\/\/www.anwalt-zuerich.attorney\/ch\/anwalt-scheidung\/\">Scheidung<\/a>, Trennung und <a href=\"https:\/\/www.anwalt-zuerich.attorney\/ch\/anwalt-eherecht-eheschutz\/\">Eheschutz<\/a>.<\/p>\n\n\n\n<p><strong>Unternehmen<\/strong> unterst\u00fctze ich im <a href=\"https:\/\/www.anwalt-zuerich.attorney\/ch\/anwalt-unternehmensrecht-firmenrecht-betriebsnachfolge\/\">Unternehmens- und Firmenrecht<\/a>, der <a href=\"https:\/\/www.anwalt-zuerich.attorney\/ch\/anwalt-unternehmensrecht-firmenrecht-betriebsnachfolge\/\">Unternehmensnachfolge<\/a>, im <a href=\"https:\/\/www.anwalt-zuerich.attorney\/ch\/anwalt-mietrecht\/\">Miet-<\/a>, <a href=\"https:\/\/www.anwalt-zuerich.attorney\/ch\/anwalt-baurecht\/\">Bau-<\/a> &amp; <a href=\"https:\/\/www.anwalt-zuerich.attorney\/ch\/anwalt-gesellschaftsrecht\/\">Gesellschaftsrecht<\/a>, <a href=\"https:\/\/www.anwalt-zuerich.attorney\/ch\/anwalt-immobilienrecht\/\">Immobilienrecht<\/a>, <a href=\"https:\/\/www.anwalt-zuerich.attorney\/ch\/anwalt-it-recht-datenschutz-zuerich\/\">IT-Recht &amp; Datenschutz<\/a>, <a href=\"https:\/\/www.anwalt-zuerich.attorney\/ch\/anwalt-immaterialgueterrecht-markenschutz\/\">Marken-<\/a>, <a href=\"https:\/\/www.anwalt-zuerich.attorney\/ch\/haftpflichtrecht-versicherungsrecht\/\">Haftpflicht- &amp; Versicherungsrecht<\/a> sowie im <a href=\"https:\/\/www.anwalt-zuerich.attorney\/ch\/anwalt-vertragsrecht\/\">Vertrags-<\/a> &amp;<a href=\"https:\/\/www.anwalt-zuerich.attorney\/rechtsberatung\/Firmengruendung-Gesellschaftsrecht-Handelsrecht\/\"> <\/a><a href=\"https:\/\/www.anwalt-zuerich.attorney\/ch\/anwalt-wirtschaftsrecht\/\">Wirtschaftsrecht<\/a>.&nbsp;<\/p>\n<\/div>\n\n\n\n<div class=\"wp-block-column is-layout-flow wp-block-column-is-layout-flow\" style=\"flex-basis:50%\">\n<figure class=\"wp-block-image is-style-default\"><img decoding=\"async\" width=\"300\" height=\"413\" src=\"https:\/\/www.anwalt-zuerich.attorney\/ch\/wp-content\/uploads\/2019\/12\/Screenshot-2018-07-31-13.19.00-e1576162692534.png\" alt=\"Scheidungsanwalt Anwalt internationales Privatrecht\" class=\"wp-image-590\"\/><figcaption><em>Ihr <strong>Scheidungsanwalt<\/strong> oder <strong>Anwalt<\/strong> f\u00fcr <strong>internationales Privatrecht<\/strong> kann Sie unterst\u00fctzten!<\/em><\/figcaption><\/figure>\n<\/div>\n<\/div>\n\n\n\n<blockquote class=\"wp-block-quote has-text-align-center is-style-large is-layout-flow wp-block-quote-is-layout-flow\"><p>Mit Leidenschaft stehen wir f\u00fcr Ihre Interessen ein!<\/p><cite>Stanislava Wittibschlager, Inhaberin der Kanzlei Wittibschlager<\/cite><\/blockquote>\n\n\n\n<div class=\"wp-block-image\"><figure class=\"aligncenter size-full\"><img decoding=\"async\" width=\"426\" height=\"103\" src=\"https:\/\/www.anwalt-zuerich.attorney\/ch\/wp-content\/uploads\/2020\/12\/cropped-Bildschirmfoto-2020-12-02-um-19.24.01.png\" alt=\"Anwaltskanzlei Wittibschlager\" class=\"wp-image-7211\" srcset=\"https:\/\/www.anwalt-zuerich.attorney\/ch\/wp-content\/uploads\/2020\/12\/cropped-Bildschirmfoto-2020-12-02-um-19.24.01.png 426w, https:\/\/www.anwalt-zuerich.attorney\/ch\/wp-content\/uploads\/2020\/12\/cropped-Bildschirmfoto-2020-12-02-um-19.24.01-300x73.png 300w\" sizes=\"(max-width: 426px) 100vw, 426px\" \/><\/figure><\/div>\n\n\n\n<p class=\"has-text-align-center\"> <\/p>\n\n\n\n<h2 class=\"wp-block-heading\" id=\"h-ffentliche-verwaltung\">\u00d6ffentliche Verwaltung<\/h2>\n\n\n\n<p>Die \u00f6ffentliche Verwaltung begegnet uns t\u00e4glich, wenn man etwa an \u00f6ffentliche Geb\u00e4ude, Schulen, Universit\u00e4ten, die Z\u00fcrcher Kantonalbank, oder andere \u00f6ffentlichen Einrichtungen denkt. Genauso kann man aber auch betroffen sein, wenn es um eine Berechtigung zur Aus\u00fcbung eines Gewerbes, oder die Bewilligung eines Parkplatzes oder dergleichen mehr geht. Auch die Finanzverwaltung z\u00e4hlt zu diesem Bereich. Klar ist, dass in diesen Themengebieten regelm\u00e4ssig Fragestellungen, bis hin zu handfesten Streitigkeiten entstehen k\u00f6nnen. Unser Anwalt f\u00fcr Verwaltungsrecht unterst\u00fctzt Sie gerne bei Ihrem Anliegen!<\/p>\n\n\n\n<h2 class=\"wp-block-heading\" id=\"h-was-umfasst-das-verwaltungsrecht\">Was umfasst das Verwaltungsrecht?<\/h2>\n\n\n\n<p>Das Verwaltungsrecht umfasst einerseits in gewisser Weise die Organisationsstruktur des Staates. Welche Beh\u00f6rde ist zust\u00e4ndig, wo wende ich mich hin, wer \u00fcberpr\u00fcft Geb\u00e4ude und dergleichen mehr. Im Verh\u00e4ltnis zum B\u00fcrger ist das Verwaltungsrecht dann einschl\u00e4gig, wenn der Staat hoheitlich t\u00e4tig wird. Dies gilt zb. f\u00fcr die Polizei, f\u00fcr jedewede Art von verwaltungsrechtlichen Verordnungen, bspw. im Abfall- oder Wasserbereich, Raumordnungen, das Gewerberecht oder auch das Steuerrecht kann man zum Verwaltungsrecht z\u00e4hlen. Entscheidungen von Verwaltungsbeh\u00f6rden sind nicht immer rechtlich korrekt, verh\u00e4ltnism\u00e4ssig oder in der Sache richtig, weshalb es sich in vielen F\u00e4llen lohnt, solche Entscheidungen mittels Einsprache oder Beschwerde einer \u00dcberpr\u00fcfung zu unterziehen. Unser Anwalt f\u00fcr Verwaltungsrecht unterst\u00fctzt Sie gerne bei Ihrem Anliegen!<\/p>\n\n\n\n<figure class=\"wp-block-image size-large is-style-rounded\"><img decoding=\"async\" width=\"1024\" height=\"361\" src=\"https:\/\/www.anwalt-zuerich.attorney\/ch\/wp-content\/uploads\/2021\/12\/Anwalt-Verwaltungsrecht-1024x361.png\" alt=\"Anwalt Verwaltungsrecht\" class=\"wp-image-10281\" srcset=\"https:\/\/www.anwalt-zuerich.attorney\/ch\/wp-content\/uploads\/2021\/12\/Anwalt-Verwaltungsrecht-1024x361.png 1024w, https:\/\/www.anwalt-zuerich.attorney\/ch\/wp-content\/uploads\/2021\/12\/Anwalt-Verwaltungsrecht-300x106.png 300w, https:\/\/www.anwalt-zuerich.attorney\/ch\/wp-content\/uploads\/2021\/12\/Anwalt-Verwaltungsrecht-768x271.png 768w, https:\/\/www.anwalt-zuerich.attorney\/ch\/wp-content\/uploads\/2021\/12\/Anwalt-Verwaltungsrecht.png 1230w\" sizes=\"(max-width: 1024px) 100vw, 1024px\" \/><figcaption><em>Ihr <strong>Anwalt<\/strong> f\u00fcr <strong>Verwaltungsrecht<\/strong><\/em> kann helfen!<\/figcaption><\/figure>\n\n\n\n<p>In diesem Bereich k\u00f6nnen viele Fragestellungen und Probleme auftreten. Neben dem klassischen Beispiel des F\u00fchrerausweisentzugs, kann es sich um Fragestellungen des <a href=\"https:\/\/www.anwalt-zuerich.attorney\/ch\/anwalt-baurecht\/\">Baurechts<\/a>, Umweltrechts, <a href=\"https:\/\/www.anwalt-zuerich.attorney\/ch\/anwalt-schulrecht\/\">Bildungsrechts<\/a>, Energierecht oder Wirtschaftsverwaltungsrecht (Bewilligungen f\u00fcr M\u00e4rkte, etc.) handeln. Unser Anwalt f\u00fcr Verwaltungsrecht unterst\u00fctzt Sie dabei, ganz gleich ob Beh\u00f6rde, Unternehmen oder Privatperson bei der Durchf\u00fchrung des Verwaltungsverfahrens und stellen sicher, dass Ihren Rechten zum Durchbruch verholfen wird. Es stellen sich ebenso im Bereich von Konzessions- und Bewilligungsverfahren Fragen, die die Unterst\u00fctzung durch einen Anwalt f\u00fcr Verwaltungsrecht sinnvoll erscheinen lassen. Das <a href=\"https:\/\/www.anwalt-zuerich.attorney\/ch\/anwalt-anwaeltin-auslaenderrecht-migrationsrecht\/\">Ausl\u00e4nderrecht und Migrationsrecht<\/a> ist ein klassischer Rechtsbereich des Verwaltungsrechts. Unser Anwalt f\u00fcr Verwaltungsrecht bem\u00fcht sich stets, das Verfahren in kurzer Zeit und mit gebotener Sorgfalt zu einem positiven Ende zu bringen, sodass Sie Ihre Zeit wieder dem widmen k\u00f6nnen, womit Sie sich gerne besch\u00e4ftigen.<\/p>\n\n\n\n<h2 class=\"wp-block-heading\" id=\"h-unterschied-zwischen-dem-verwaltungsrecht-und-dem-zivilrecht\">Unterschied zwischen dem Verwaltungsrecht und dem Zivilrecht<\/h2>\n\n\n\n<p>Der wesentliche Unterschied zum <a href=\"https:\/\/www.anwalt-zuerich.attorney\/ch\/privatrecht-anwalt-zuerich\/\">Zivilrecht<\/a> besteht darin, dass einander in verwaltungsrechtlichen Angelegenheiten eine Person und der Staat gegen\u00fcberstehen. Das Verwaltungsrecht regelt, wie die staatlichen Institutionen funktionieren und welche Kompetenzen sie haben, sowie welche Verfahrensregeln zur Anwendung gelangen. Die praktischen Anwendungsf\u00e4lle, wo eine Person mit dem Verwaltungsrecht in Ber\u00fchrung kommt, sind das \u00f6ffentliche Ordnungsrecht (und hier prominent die Strassenverkehrsordnung \/ <a href=\"https:\/\/www.anwalt-zuerich.attorney\/ch\/anwalt-strassenverkehrsrecht\/\">Strassenverkehrsrecht<\/a>), Umweltrecht, Baurecht, Bewilligungen oder auch Wirtschaftsverwaltungsrecht. Wir beraten und unterst\u00fctzen Sie in allen Angelegenheiten vor Beh\u00f6rden oder auch Gerichten.<\/p>\n\n\n\n<h2 class=\"wp-block-heading\" id=\"h-das-verfahren-im-verwaltungsrecht\">Das Verfahren im Verwaltungsrecht<\/h2>\n\n\n\n<p>Wer sich ungerecht behandelt f\u00fchlt, oder aus sonst irgendeinem Grund mit einem Entscheid oder Handeln einer Verwaltungsbeh\u00f6rde nicht einverstanden ist, kann sich auf mehrerlei Art und Weise dagegen wehren. Einerseits steht meist die Einsprache\/Beschwerde gegen einen konkreten Akt offen. Andererseits kommt nat\u00fcrlich an einem Punkt auch die klagsweise Durchsetzung eines Begehrens in Betracht. In solch einem Verfahren stehen sich dann eine Person und der Staat gegen\u00fcber. Vereinbaren Sie ein unverbindliches Beratungsgespr\u00e4ch in unserer Kanzlei, wo wir Ihren Fall genau analysieren und besprechen, und sodann etwaige weitere Schritte festlegen k\u00f6nnen. In der Folge \u00fcbernehmen wir f\u00fcr Sie alle Themen, die rund um ein Verfahren zu erledigen sind, und informieren Sie dabei stets offen und transparent \u00fcber die Chancen und den aktuellen Stand des Verfahrens. Unser Anwalt f\u00fcr Verwaltungsrecht ist f\u00fcr Sie da!<\/p>\n\n\n\n<section id=\"section-a90e4c9c-400f-4d59-b075-d9f1d15b1c17\" class=\"wp-block-gutentor-divider section-a90e4c9c-400f-4d59-b075-d9f1d15b1c17 gutentor-element gutentor-section gutentor-divider text-center\"><div class=\"grid-container\"><div class=\"gutentor-divider-box\"><span><svg xmlns=\"http:\/\/www.w3.org\/2000\/svg\" viewBox=\"0 0 240 40\" preserveAspectRatio=\"none\"><path d=\"M56.2 20c5.3-.1 10.6-.2 16-.3l16-.2c10.6-.1 21.3-.1 31.9-.2 10.6.1 21.3 0 31.9.1l16 .2c5.3.1 10.6.2 16 .3-5.3.1-10.6.2-16 .3l-16 .2c-10.6.1-21.3.1-31.9.1-10.6-.1-21.3 0-31.9-.2l-16-.2c-5.4.1-10.7 0-16-.1z\"><\/path><\/svg><\/span><\/div><\/div><\/section>\n\n\n\n<h2 class=\"wp-block-heading\" id=\"h-hier-finden-sie-ihren-anwalt-f-r-verwaltungsrecht-im-herzen-der-stadt-z-rich-routenplaner\">Hier finden Sie Ihren Anwalt f\u00fcr Verwaltungsrecht im Herzen der Stadt Z\u00fcrich &#8211; Routenplaner<\/h2>\n\n\n\n<div class=\"wp-block-yoast-seo-local-map\"><div id=\"map_canvas\" class=\"wpseo-map-canvas\" style=\"max-width: 100%; width: 400px; height: 300px;\"><ul><li><a href=\"https:\/\/www.anwalt-zuerich.attorney\/ch\/\">Anwaltskanzlei Zuerich<\/a><\/li><\/ul><\/div><div id=\"wpseo-directions-wrapper\"><h3 id=\"wpseo-directions\" class=\"wpseo-directions-heading\">Route<\/h3><form action=\"\" method=\"post\" class=\"wpseo-directions-form\" id=\"wpseo-directions-form\" onsubmit=\"wpseo_calculate_route( wpseoMapOptions[0].map, wpseoMapOptions[0].directionsDisplay, wpseoMapOptions[0].mapVars[0], wpseoMapOptions[0].mapVars[1], 0); return false;\"><p>Deine Adresse: <input type=\"text\" size=\"20\" id=\"origin\" value=\"\" \/><input type=\"submit\" class=\"wpseo-directions-submit\" value=\"Zeige Route\"><span id=\"wpseo-noroute\" style=\"display: none;\">Es konnte keine Route berechnet werden.<\/span><\/p><\/form><div id=\"directions\"><\/div><\/div><\/div>\n\n\n\n<section id=\"section-b53f4ccc-5b40-461e-b19c-5bc06721d549\" class=\"wp-block-gutentor-divider section-b53f4ccc-5b40-461e-b19c-5bc06721d549 gutentor-element gutentor-section gutentor-divider text-center\"><div class=\"grid-container\"><div class=\"gutentor-divider-box\"><span><svg xmlns=\"http:\/\/www.w3.org\/2000\/svg\" viewBox=\"0 0 240 40\" preserveAspectRatio=\"none\"><path d=\"M56.2 20c5.3-.1 10.6-.2 16-.3l16-.2c10.6-.1 21.3-.1 31.9-.2 10.6.1 21.3 0 31.9.1l16 .2c5.3.1 10.6.2 16 .3-5.3.1-10.6.2-16 .3l-16 .2c-10.6.1-21.3.1-31.9.1-10.6-.1-21.3 0-31.9-.2l-16-.2c-5.4.1-10.7 0-16-.1z\"><\/path><\/svg><\/span><\/div><\/div><\/section>\n\n\n\n<div class=\"wp-block-yoast-seo-local-address\"><div id=\"wpseo_location-\" class=\"wpseo-location\"><h3><span class=\"wpseo-business-name\">Anwaltskanzlei Zuerich<\/span><\/h3><div class=\"wpseo-address-wrapper\"><div class=\"street-address\">L\u00f6wenstrasse 43<\/div><span class=\"locality\"> Z\u00fcrich<\/span><\/div><span class=\"wpseo-phone\">Telefon: <a href=\"tel:+41435450150\" class=\"tel\"><span>+41435450150<\/span><\/a><\/span><br\/><span class=\"wpseo-email\">E-Mail: <a href=\"mailto:in&#102;&#111;&#064;&#119;&#105;t&#116;&#105;&#098;&#045;&#108;aw&#046;ch\">&#105;&#110;&#102;&#111;&#64;&#119;&#105;t&#116;&#105;b-la&#119;.c&#104;<\/a><\/span><br\/><\/div><\/div>\n\n\n\n<section id=\"section-cdd392fd-b965-43a1-893e-ebec90beb3dd\" class=\"wp-block-gutentor-divider section-cdd392fd-b965-43a1-893e-ebec90beb3dd gutentor-element gutentor-section gutentor-divider text-center\"><div class=\"grid-container\"><div class=\"gutentor-divider-box\"><span><svg xmlns=\"http:\/\/www.w3.org\/2000\/svg\" viewBox=\"0 0 240 40\" preserveAspectRatio=\"none\"><path d=\"M56.2 20c5.3-.1 10.6-.2 16-.3l16-.2c10.6-.1 21.3-.1 31.9-.2 10.6.1 21.3 0 31.9.1l16 .2c5.3.1 10.6.2 16 .3-5.3.1-10.6.2-16 .3l-16 .2c-10.6.1-21.3.1-31.9.1-10.6-.1-21.3 0-31.9-.2l-16-.2c-5.4.1-10.7 0-16-.1z\"><\/path><\/svg><\/span><\/div><\/div><\/section>\n\n\n<p class='wp-call-button-block-button wp-call-button-block-button-center'><a class='wp-call-button-in-btn' href='tel:+41435450150' style='background-color:#3b5998' ><svg x=\"0px\" y=\"0px\" width=\"459px\" height=\"459px\" viewBox=\"0 0 459 459\">\r\n\t\t\t\t<path\r\n\t\t\t\t\td=\"M91.8,198.9c35.7,71.4,96.9,130.05,168.3,168.3L316.2,311.1c7.649-7.649,17.85-10.199,25.5-5.1c28.05,10.2,58.649,15.3,91.8,15.3c15.3,0,25.5,10.2,25.5,25.5v86.7c0,15.3-10.2,25.5-25.5,25.5C193.8,459,0,265.2,0,25.5C0,10.2,10.2,0,25.5,0h89.25c15.3,0,25.5,10.2,25.5,25.5c0,30.6,5.1,61.2,15.3,91.8c2.55,7.65,0,17.85-5.1,25.5L91.8,198.9z\"\r\n\t\t\t\t\/>\r\n\t\t\t<\/svg> +41 43 545 01 50<\/a><\/p>\n\n\n<section id=\"section-4b38ee33-f9b7-40e3-ad5f-7aadc78d7961\" class=\"wp-block-gutentor-divider section-4b38ee33-f9b7-40e3-ad5f-7aadc78d7961 gutentor-element gutentor-section gutentor-divider text-center\"><div class=\"grid-container\"><div class=\"gutentor-divider-box\"><span><svg xmlns=\"http:\/\/www.w3.org\/2000\/svg\" viewBox=\"0 0 240 40\" preserveAspectRatio=\"none\"><path d=\"M56.2 20c5.3-.1 10.6-.2 16-.3l16-.2c10.6-.1 21.3-.1 31.9-.2 10.6.1 21.3 0 31.9.1l16 .2c5.3.1 10.6.2 16 .3-5.3.1-10.6.2-16 .3l-16 .2c-10.6.1-21.3.1-31.9.1-10.6-.1-21.3 0-31.9-.2l-16-.2c-5.4.1-10.7 0-16-.1z\"><\/path><\/svg><\/span><\/div><\/div><\/section>\n\n\n\n<h2 class=\"wp-block-heading\" id=\"h-ffnungszeiten-und-telefonische-erreichbarkeit-ihres-anwaltes-f-r-verwaltungsrecht\">\u00d6ffnungszeiten und telefonische Erreichbarkeit Ihres Anwaltes f\u00fcr Verwaltungsrecht<\/h2>\n\n\n\n<div class=\"wp-block-yoast-seo-local-opening-hours\"><div class=\"wpseo-opening-hours-wrapper\"><table class=\"wpseo-opening-hours\" id =\"wpseo-opening-hours-\"><tr><td class=\"day\">Montag<\/td><td class=\"time\"><span>8:00 AM - 5:00 PM<\/span><\/td><\/tr><tr><td class=\"day\">Dienstag<\/td><td class=\"time\"><span>8:00 AM - 5:00 PM<\/span><\/td><\/tr><tr><td class=\"day\">Mittwoch<\/td><td class=\"time\"><span>8:00 AM - 5:00 PM<\/span><\/td><\/tr><tr><td class=\"day\">Donnerstag<\/td><td class=\"time\"><span>8:00 AM - 5:00 PM<\/span><\/td><\/tr><tr><td class=\"day\">Freitag<\/td><td class=\"time\"><span>8:00 AM - 5:00 PM<\/span><\/td><\/tr><tr><td class=\"day\">Samstag<\/td><td class=\"time\">Geschlossen<\/td><\/tr><tr><td class=\"day\">Sonntag<\/td><td class=\"time\">Geschlossen<\/td><\/tr><\/table><\/div><\/div>\n\n\n\n<section id=\"section-e64bfd93-2fda-40f7-82fa-f061a70934bd\" class=\"wp-block-gutentor-divider section-e64bfd93-2fda-40f7-82fa-f061a70934bd gutentor-element gutentor-section gutentor-divider text-center\"><div class=\"grid-container\"><div class=\"gutentor-divider-box\"><span><svg xmlns=\"http:\/\/www.w3.org\/2000\/svg\" viewBox=\"0 0 240 40\" preserveAspectRatio=\"none\"><path d=\"M56.2 20c5.3-.1 10.6-.2 16-.3l16-.2c10.6-.1 21.3-.1 31.9-.2 10.6.1 21.3 0 31.9.1l16 .2c5.3.1 10.6.2 16 .3-5.3.1-10.6.2-16 .3l-16 .2c-10.6.1-21.3.1-31.9.1-10.6-.1-21.3 0-31.9-.2l-16-.2c-5.4.1-10.7 0-16-.1z\"><\/path><\/svg><\/span><\/div><\/div><\/section>\n\n\n\n<h2 class=\"wp-block-heading\" id=\"h-als-anw-ltin-expertin-f-r-internationales-privatrecht-ber-t-stanislava-wittibschlager-kabeleins-die-weltwoche-und-den-blick\">Als Anw\u00e4ltin &amp; Expertin f\u00fcr internationales Privatrecht ber\u00e4t Stanislava Wittibschlager Kabeleins, die Weltwoche und den Blick.<\/h2>\n\n\n\n<p><strong>Achtung Abzocke<\/strong> geh\u00f6rt zu den erfolgreichsten Sendungen auf Kabeleins. Der beliebte <strong>TV-Moderator Peter Giesel<\/strong> l\u00e4sst sich gerne von Stanislava Wittibschlager, Inhaberin einer Anwaltskanzlei im Herzen der Stadt Z\u00fcrich, beraten. Auch als <a href=\"https:\/\/www.anwalt-zuerich.attorney\/ch\/anwalt-kapitalmarktrecht\/\">Anwalt f\u00fcr Kapitalmarktrecht<\/a> unterst\u00fctzt unser Wirtschaftsrechtsexperte Sie kompetent.<br><\/p>\n\n\n\n<figure class=\"wp-block-embed aligncenter is-type-video is-provider-youtube wp-block-embed-youtube wp-embed-aspect-16-9 wp-has-aspect-ratio\"><div class=\"wp-block-embed__wrapper\">\n<iframe title=\"Krumme Gesch\u00e4fte: E-Bike-Verk\u00e4ufer verpfeift Ex-Gesch\u00e4ftspartner| 2\/3 | Achtung Abzocke | Kabel Eins\" width=\"550\" height=\"309\" src=\"https:\/\/www.youtube.com\/embed\/34dHcfpV3QQ?start=41&#038;feature=oembed\" frameborder=\"0\" allow=\"accelerometer; autoplay; clipboard-write; encrypted-media; gyroscope; picture-in-picture; web-share\" referrerpolicy=\"strict-origin-when-cross-origin\" allowfullscreen><\/iframe>\n<\/div><figcaption><strong>TV-Moderator Peter Giesel<\/strong> l\u00e4sst sich von Stanislava Wittibschlager zum Schweizer Insolvenzrecht beraten. Auch als Anwalt f\u00fcr Verwaltungsrecht oder Als <a href=\"https:\/\/www.anwalt-zuerich.attorney\/ch\/anwalt-wettbewerbsrecht\/\">Anwalt f\u00fcr Wettbewerbsrecht<\/a> leistet Frau Wittibschlager wertvolle rechtliche Unterst\u00fctzung.<\/figcaption><\/figure>\n\n\n\n<p>Auch in bekannten Schweizer Zeitungen, wie z.B. im <strong>Blick<\/strong> und in der <strong>Weltwoche<\/strong>, wird die Inhaberin der Anwaltskanzlei Wittibschlager als <strong>Scheidungsanw\u00e4ltin<\/strong> und Expertin f\u00fcr <strong>grenz\u00fcberschreitende Rechtsf\u00e4lle<\/strong> gerne zu Rate gezogen.<\/p>\n\n\n\n<section id=\"section-8f7e4e0d-43b6-4747-afb3-e7a50dca4dbe\" class=\"wp-block-gutentor-divider section-8f7e4e0d-43b6-4747-afb3-e7a50dca4dbe gutentor-element gutentor-section gutentor-divider text-center\"><div class=\"grid-container\"><div class=\"gutentor-divider-box\"><span><svg xmlns=\"http:\/\/www.w3.org\/2000\/svg\" viewBox=\"0 0 240 40\" preserveAspectRatio=\"none\"><path d=\"M56.2 20c5.3-.1 10.6-.2 16-.3l16-.2c10.6-.1 21.3-.1 31.9-.2 10.6.1 21.3 0 31.9.1l16 .2c5.3.1 10.6.2 16 .3-5.3.1-10.6.2-16 .3l-16 .2c-10.6.1-21.3.1-31.9.1-10.6-.1-21.3 0-31.9-.2l-16-.2c-5.4.1-10.7 0-16-.1z\"><\/path><\/svg><\/span><\/div><\/div><\/section>\n\n\n\n<p>Weitere Infos<\/p>\n\n\n\n<ul class=\"wp-block-yoast-seo-related-links\"><li><a href=\"https:\/\/www.anwalt-zuerich.attorney\/ch\/anwalt-arbeitsrecht-zuerich\/\">Arbeitsrecht<\/a><\/li><li><a href=\"https:\/\/www.anwalt-zuerich.attorney\/ch\/anwalt-schuldbetreibungsrecht-konkursrecht\/\">Schuldbetreibung und Konkursrecht<\/a><\/li><li><a href=\"https:\/\/www.anwalt-zuerich.attorney\/ch\/privatrecht-anwalt-zuerich\/\">Zivilrecht \/ Privatrecht<\/a><\/li><li><a href=\"https:\/\/www.anwalt-zuerich.attorney\/ch\/anwalt-konkubinat\/\">Konkubinat<\/a><\/li><li><a href=\"https:\/\/www.anwalt-zuerich.attorney\/ch\/anwalt-wirtschaftsrecht\/\">Wirtschaftsrecht<\/a><\/li><\/ul>\n<div style='text-align:center' class='yasr-auto-insert-visitor'><\/div>","protected":false},"excerpt":{"rendered":"<p>Suchen Sie einen Anwalt und Experten f\u00fcr Verwaltungsrecht? Das Staats- und Verwaltungsrecht enth\u00e4lt Regelungen \u00fcber die Organisation des Staates an sich, die Verteilung von Kompetenzen, die Zust\u00e4ndigkeit f\u00fcr bestimmte Verfahren, und auch Verfahrensvorschriften, sofern staatliche Beh\u00f6rden involviert sind. Dass die Schweiz in 26 Kantone unterteilt und eine Demokratie ist, ist Bestandteil des Staatsrechts. Dass Sie [&hellip;]<\/p>\n","protected":false},"author":1,"featured_media":10281,"comment_status":"closed","ping_status":"closed","sticky":false,"template":"","format":"standard","meta":{"yasr_overall_rating":0,"yasr_post_is_review":"","yasr_auto_insert_disabled":"","yasr_review_type":"","footnotes":""},"categories":[1],"tags":[],"class_list":["post-10161","post","type-post","status-publish","format-standard","has-post-thumbnail","hentry","category-anwalt-zuerich"],"yasr_visitor_votes":{"stars_attributes":{"read_only":true,"span_bottom":"<div class='yasr-small-block-bold'><span class='yasr-visitor-votes-must-sign-in'>99% zufriedene Nutzer \/ Durchschnittsbewertungen unserer Klienten<\/span><\/div>"},"number_of_votes":12,"sum_votes":60},"gutentor_comment":0,"yoast_head":"<!-- This site is optimized with the Yoast SEO Premium plugin v26.4 (Yoast SEO v26.4) - https:\/\/yoast.com\/wordpress\/plugins\/seo\/ -->\n<title>Ihr Anwalt f\u00fcr Verwaltungsrecht setzt Ihre Interessen durch<\/title>\n<meta name=\"description\" content=\"Ihr Anwalt f\u00fcr Verwaltungsrecht bietet Rechtsbeistand in Angelegenheiten der \u00f6ffentlichen Verwaltung. Wir setzen Ihre Interessen durch!\" \/>\n<meta name=\"robots\" content=\"index, follow, max-snippet:-1, max-image-preview:large, max-video-preview:-1\" \/>\n<link rel=\"canonical\" href=\"https:\/\/www.anwalt-zuerich.attorney\/ch\/anwalt-verwaltungsrecht\/\" \/>\n<meta property=\"og:locale\" content=\"de_DE\" \/>\n<meta property=\"og:type\" content=\"article\" \/>\n<meta property=\"og:title\" content=\"Anwalt Verwaltungsrecht\" \/>\n<meta property=\"og:description\" content=\"Ihr Anwalt f\u00fcr Verwaltungsrecht bietet Rechtsbeistand in Angelegenheiten der \u00f6ffentlichen Verwaltung. Wir setzen Ihre Interessen durch!\" \/>\n<meta property=\"og:url\" content=\"https:\/\/www.anwalt-zuerich.attorney\/ch\/anwalt-verwaltungsrecht\/\" \/>\n<meta property=\"og:site_name\" content=\"Anwalt Z\u00fcrich\" \/>\n<meta property=\"article:publisher\" content=\"https:\/\/www.facebook.com\/Anwalt-f%c3%bcr-Familienrech-Arbeitsrecht-und-Scheidungsrecht-Z%c3%bcrich-2016470341934582\" \/>\n<meta property=\"article:published_time\" content=\"2021-12-05T08:25:57+00:00\" \/>\n<meta property=\"article:modified_time\" content=\"2021-12-22T08:02:22+00:00\" \/>\n<meta property=\"og:image\" content=\"https:\/\/www.anwalt-zuerich.attorney\/ch\/wp-content\/uploads\/2021\/12\/Anwalt-Verwaltungsrecht.png\" \/>\n\t<meta property=\"og:image:width\" content=\"1230\" \/>\n\t<meta property=\"og:image:height\" content=\"434\" \/>\n\t<meta property=\"og:image:type\" content=\"image\/png\" \/>\n<meta name=\"author\" content=\"Anwalt Zuerich\" \/>\n<meta name=\"twitter:card\" content=\"summary_large_image\" \/>\n<meta name=\"twitter:label1\" content=\"Verfasst von\" \/>\n\t<meta name=\"twitter:data1\" content=\"Anwalt Zuerich\" \/>\n\t<meta name=\"twitter:label2\" content=\"Gesch\u00e4tzte Lesezeit\" \/>\n\t<meta name=\"twitter:data2\" content=\"5\u00a0Minuten\" \/>\n<meta name=\"geo.placename\" content=\"Z\u00fcrich\" \/>\n<meta name=\"geo.position\" content=\"47.37554931640625;8.53688907623291\" \/>\n<meta name=\"geo.region\" content=\"Schweiz\" \/>\n<!-- \/ Yoast SEO Premium plugin. -->","yoast_head_json":{"title":"Ihr Anwalt f\u00fcr Verwaltungsrecht setzt Ihre Interessen durch","description":"Ihr Anwalt f\u00fcr Verwaltungsrecht bietet Rechtsbeistand in Angelegenheiten der \u00f6ffentlichen Verwaltung. Wir setzen Ihre Interessen durch!","robots":{"index":"index","follow":"follow","max-snippet":"max-snippet:-1","max-image-preview":"max-image-preview:large","max-video-preview":"max-video-preview:-1"},"canonical":"https:\/\/www.anwalt-zuerich.attorney\/ch\/anwalt-verwaltungsrecht\/","og_locale":"de_DE","og_type":"article","og_title":"Anwalt Verwaltungsrecht","og_description":"Ihr Anwalt f\u00fcr Verwaltungsrecht bietet Rechtsbeistand in Angelegenheiten der \u00f6ffentlichen Verwaltung. Wir setzen Ihre Interessen durch!","og_url":"https:\/\/www.anwalt-zuerich.attorney\/ch\/anwalt-verwaltungsrecht\/","og_site_name":"Anwalt Z\u00fcrich","article_publisher":"https:\/\/www.facebook.com\/Anwalt-f%c3%bcr-Familienrech-Arbeitsrecht-und-Scheidungsrecht-Z%c3%bcrich-2016470341934582","article_published_time":"2021-12-05T08:25:57+00:00","article_modified_time":"2021-12-22T08:02:22+00:00","og_image":[{"width":1230,"height":434,"url":"https:\/\/www.anwalt-zuerich.attorney\/ch\/wp-content\/uploads\/2021\/12\/Anwalt-Verwaltungsrecht.png","type":"image\/png"}],"author":"Anwalt Zuerich","twitter_card":"summary_large_image","twitter_misc":{"Verfasst von":"Anwalt Zuerich","Gesch\u00e4tzte Lesezeit":"5\u00a0Minuten"},"schema":{"@context":"https:\/\/schema.org","@graph":[{"@type":"Article","@id":"https:\/\/www.anwalt-zuerich.attorney\/ch\/anwalt-verwaltungsrecht\/#article","isPartOf":{"@id":"https:\/\/www.anwalt-zuerich.attorney\/ch\/anwalt-verwaltungsrecht\/"},"author":{"name":"Anwalt Zuerich","@id":"https:\/\/www.anwalt-zuerich.attorney\/ch\/#\/schema\/person\/95f940152c58e99e980bf0fb13e9f1c1"},"headline":"Anwalt Verwaltungsrecht","datePublished":"2021-12-05T08:25:57+00:00","dateModified":"2021-12-22T08:02:22+00:00","mainEntityOfPage":{"@id":"https:\/\/www.anwalt-zuerich.attorney\/ch\/anwalt-verwaltungsrecht\/"},"wordCount":966,"publisher":{"@id":"https:\/\/www.anwalt-zuerich.attorney\/ch\/#organization"},"image":{"@id":"https:\/\/www.anwalt-zuerich.attorney\/ch\/anwalt-verwaltungsrecht\/#primaryimage"},"thumbnailUrl":"https:\/\/www.anwalt-zuerich.attorney\/ch\/wp-content\/uploads\/2021\/12\/Anwalt-Verwaltungsrecht.png","articleSection":["Anwalt Z\u00fcrich"],"inLanguage":"de","accessibilityFeature":["tableOfContents"]},{"@type":"WebPage","@id":"https:\/\/www.anwalt-zuerich.attorney\/ch\/anwalt-verwaltungsrecht\/","url":"https:\/\/www.anwalt-zuerich.attorney\/ch\/anwalt-verwaltungsrecht\/","name":"Ihr Anwalt f\u00fcr Verwaltungsrecht setzt Ihre Interessen durch","isPartOf":{"@id":"https:\/\/www.anwalt-zuerich.attorney\/ch\/#website"},"primaryImageOfPage":{"@id":"https:\/\/www.anwalt-zuerich.attorney\/ch\/anwalt-verwaltungsrecht\/#primaryimage"},"image":{"@id":"https:\/\/www.anwalt-zuerich.attorney\/ch\/anwalt-verwaltungsrecht\/#primaryimage"},"thumbnailUrl":"https:\/\/www.anwalt-zuerich.attorney\/ch\/wp-content\/uploads\/2021\/12\/Anwalt-Verwaltungsrecht.png","datePublished":"2021-12-05T08:25:57+00:00","dateModified":"2021-12-22T08:02:22+00:00","description":"Ihr Anwalt f\u00fcr Verwaltungsrecht bietet Rechtsbeistand in Angelegenheiten der \u00f6ffentlichen Verwaltung. Wir setzen Ihre Interessen durch!","breadcrumb":{"@id":"https:\/\/www.anwalt-zuerich.attorney\/ch\/anwalt-verwaltungsrecht\/#breadcrumb"},"inLanguage":"de","potentialAction":[{"@type":"ReadAction","target":["https:\/\/www.anwalt-zuerich.attorney\/ch\/anwalt-verwaltungsrecht\/"]}]},{"@type":"ImageObject","inLanguage":"de","@id":"https:\/\/www.anwalt-zuerich.attorney\/ch\/anwalt-verwaltungsrecht\/#primaryimage","url":"https:\/\/www.anwalt-zuerich.attorney\/ch\/wp-content\/uploads\/2021\/12\/Anwalt-Verwaltungsrecht.png","contentUrl":"https:\/\/www.anwalt-zuerich.attorney\/ch\/wp-content\/uploads\/2021\/12\/Anwalt-Verwaltungsrecht.png","width":1230,"height":434},{"@type":"BreadcrumbList","@id":"https:\/\/www.anwalt-zuerich.attorney\/ch\/anwalt-verwaltungsrecht\/#breadcrumb","itemListElement":[{"@type":"ListItem","position":1,"name":"Home","item":"https:\/\/www.anwalt-zuerich.attorney\/ch\/"},{"@type":"ListItem","position":2,"name":"Anwalt Verwaltungsrecht"}]},{"@type":"WebSite","@id":"https:\/\/www.anwalt-zuerich.attorney\/ch\/#website","url":"https:\/\/www.anwalt-zuerich.attorney\/ch\/","name":"Anwalt Z\u00fcrich","description":"Anwalt f\u00fcr \u2713 Arbeitsrecht \u2713 Erbrecht \u2713 Familienrecht \u2713  Verwaltungsrecht  \u2713 Wirtschaftsrecht \u2713 Privatrecht \u2713 Handelsrecht","publisher":{"@id":"https:\/\/www.anwalt-zuerich.attorney\/ch\/#organization"},"potentialAction":[{"@type":"SearchAction","target":{"@type":"EntryPoint","urlTemplate":"https:\/\/www.anwalt-zuerich.attorney\/ch\/?s={search_term_string}"},"query-input":{"@type":"PropertyValueSpecification","valueRequired":true,"valueName":"search_term_string"}}],"inLanguage":"de"},{"@type":["Organization","Place"],"@id":"https:\/\/www.anwalt-zuerich.attorney\/ch\/#organization","name":"Anwaltskanzlei Zuerich","url":"https:\/\/www.anwalt-zuerich.attorney\/ch\/","logo":{"@id":"https:\/\/www.anwalt-zuerich.attorney\/ch\/anwalt-verwaltungsrecht\/#local-main-organization-logo"},"image":{"@id":"https:\/\/www.anwalt-zuerich.attorney\/ch\/anwalt-verwaltungsrecht\/#local-main-organization-logo"},"sameAs":["https:\/\/www.facebook.com\/Anwalt-f\u00fcr-Familienrech-Arbeitsrecht-und-Scheidungsrecht-Z\u00fcrich-2016470341934582"],"address":{"@id":"https:\/\/www.anwalt-zuerich.attorney\/ch\/anwalt-verwaltungsrecht\/#local-main-place-address"},"geo":{"@type":"GeoCoordinates","latitude":"47.37554931640625","longitude":"8.53688907623291"},"telephone":["+41435450150"],"openingHoursSpecification":[{"@type":"OpeningHoursSpecification","dayOfWeek":["Monday","Tuesday","Wednesday","Thursday","Friday"],"opens":"08:00","closes":"17:00"},{"@type":"OpeningHoursSpecification","dayOfWeek":["Saturday","Sunday"],"opens":"00:00","closes":"00:00"}],"email":"info@wittib-law.ch"},{"@type":"Person","@id":"https:\/\/www.anwalt-zuerich.attorney\/ch\/#\/schema\/person\/95f940152c58e99e980bf0fb13e9f1c1","name":"Anwalt Zuerich","image":{"@type":"ImageObject","inLanguage":"de","@id":"https:\/\/www.anwalt-zuerich.attorney\/ch\/#\/schema\/person\/image\/","url":"https:\/\/secure.gravatar.com\/avatar\/42daca3ba25e2656c8a93581cdf1443d649767a7cbec9c51a67a8fd9baded316?s=96&d=mm&r=g","contentUrl":"https:\/\/secure.gravatar.com\/avatar\/42daca3ba25e2656c8a93581cdf1443d649767a7cbec9c51a67a8fd9baded316?s=96&d=mm&r=g","caption":"Anwalt Zuerich"}},{"@type":"PostalAddress","@id":"https:\/\/www.anwalt-zuerich.attorney\/ch\/anwalt-verwaltungsrecht\/#local-main-place-address","streetAddress":"L\u00f6wenstrasse 43","addressLocality":"Z\u00fcrich","postalCode":"8001","addressCountry":"CH"},{"@type":"ImageObject","inLanguage":"de","@id":"https:\/\/www.anwalt-zuerich.attorney\/ch\/anwalt-verwaltungsrecht\/#local-main-organization-logo","url":"https:\/\/www.anwalt-zuerich.attorney\/ch\/wp-content\/uploads\/2019\/02\/Anwaltskanzlei-Wittibschlager.jpg","contentUrl":"https:\/\/www.anwalt-zuerich.attorney\/ch\/wp-content\/uploads\/2019\/02\/Anwaltskanzlei-Wittibschlager.jpg","width":555,"height":176,"caption":"Anwaltskanzlei Zuerich"},false]},"geo.placename":"Z\u00fcrich","geo.position":{"lat":"47.37554931640625","long":"8.53688907623291"},"geo.region":"Schweiz"},"_links":{"self":[{"href":"https:\/\/www.anwalt-zuerich.attorney\/ch\/wp-json\/wp\/v2\/posts\/10161","targetHints":{"allow":["GET"]}}],"collection":[{"href":"https:\/\/www.anwalt-zuerich.attorney\/ch\/wp-json\/wp\/v2\/posts"}],"about":[{"href":"https:\/\/www.anwalt-zuerich.attorney\/ch\/wp-json\/wp\/v2\/types\/post"}],"author":[{"embeddable":true,"href":"https:\/\/www.anwalt-zuerich.attorney\/ch\/wp-json\/wp\/v2\/users\/1"}],"replies":[{"embeddable":true,"href":"https:\/\/www.anwalt-zuerich.attorney\/ch\/wp-json\/wp\/v2\/comments?post=10161"}],"version-history":[{"count":17,"href":"https:\/\/www.anwalt-zuerich.attorney\/ch\/wp-json\/wp\/v2\/posts\/10161\/revisions"}],"predecessor-version":[{"id":11020,"href":"https:\/\/www.anwalt-zuerich.attorney\/ch\/wp-json\/wp\/v2\/posts\/10161\/revisions\/11020"}],"wp:featuredmedia":[{"embeddable":true,"href":"https:\/\/www.anwalt-zuerich.attorney\/ch\/wp-json\/wp\/v2\/media\/10281"}],"wp:attachment":[{"href":"https:\/\/www.anwalt-zuerich.attorney\/ch\/wp-json\/wp\/v2\/media?parent=10161"}],"wp:term":[{"taxonomy":"category","embeddable":true,"href":"https:\/\/www.anwalt-zuerich.attorney\/ch\/wp-json\/wp\/v2\/categories?post=10161"},{"taxonomy":"post_tag","embeddable":true,"href":"https:\/\/www.anwalt-zuerich.attorney\/ch\/wp-json\/wp\/v2\/tags?post=10161"}],"curies":[{"name":"wp","href":"https:\/\/api.w.org\/{rel}","templated":true}]}}