{"id":1567,"date":"2021-11-26T12:12:24","date_gmt":"2021-11-26T12:12:24","guid":{"rendered":"https:\/\/www.wittib-law.ch\/Anwaltskanzlei-in-zuerich\/?p=1567"},"modified":"2021-12-22T08:02:48","modified_gmt":"2021-12-22T08:02:48","slug":"anwalt-anwaeltin-auslaenderrecht-migrationsrecht","status":"publish","type":"post","link":"https:\/\/www.anwalt-zuerich.attorney\/ch\/anwalt-anwaeltin-auslaenderrecht-migrationsrecht\/","title":{"rendered":"Anwalt Ausl\u00e4nderrecht"},"content":{"rendered":"\n<p class=\"yoast-reading-time__wrapper\"><span class=\"yoast-reading-time__icon\"><svg aria-hidden=\"true\" focusable=\"false\" data-icon=\"clock\" width=\"20\" height=\"20\" fill=\"none\" stroke=\"currentColor\" style=\"display:inline-block;vertical-align:-0.1em\" role=\"img\" xmlns=\"http:\/\/www.w3.org\/2000\/svg\" viewbox=\"0 0 24 24\"><path stroke-linecap=\"round\" stroke-linejoin=\"round\" stroke-width=\"2\" d=\"M12 8v4l3 3m6-3a9 9 0 11-18 0 9 9 0 0118 0z\"><\/path><\/svg><\/span><span class=\"yoast-reading-time__spacer\" style=\"display:inline-block;width:1em\"><\/span><span class=\"yoast-reading-time__descriptive-text\">Voraussichtliche Lesedauer:  <\/span><span class=\"yoast-reading-time__reading-time\">7<\/span><span class=\"yoast-reading-time__time-unit\"> Minuten<\/span><\/p>\n\n\n\n<p>Suchen Sie einen Anwalt f\u00fcr Migrations- und Ausl\u00e4nderrecht?<\/p>\n\n\n\n<section id=\"section-f08e453f-ed50-4331-9214-a2e6818cedc8\" class=\"wp-block-gutentor-divider section-f08e453f-ed50-4331-9214-a2e6818cedc8 gutentor-element gutentor-section gutentor-divider text-center\"><div class=\"grid-container\"><div class=\"gutentor-divider-box\"><span><svg xmlns=\"http:\/\/www.w3.org\/2000\/svg\" viewBox=\"0 0 240 40\" preserveAspectRatio=\"none\"><path d=\"M56.2 20c5.3-.1 10.6-.2 16-.3l16-.2c10.6-.1 21.3-.1 31.9-.2 10.6.1 21.3 0 31.9.1l16 .2c5.3.1 10.6.2 16 .3-5.3.1-10.6.2-16 .3l-16 .2c-10.6.1-21.3.1-31.9.1-10.6-.1-21.3 0-31.9-.2l-16-.2c-5.4.1-10.7 0-16-.1z\"><\/path><\/svg><\/span><\/div><\/div><\/section>\n\n\n\n<div class=\"wp-block-columns alignwide are-vertically-aligned-center is-layout-flex wp-container-core-columns-is-layout-9d6595d7 wp-block-columns-is-layout-flex\">\n<div class=\"wp-block-column is-layout-flow wp-block-column-is-layout-flow\" style=\"flex-basis:50%\">\n<p class=\"has-large-font-size\"><strong>Ihre Anw\u00e4ltin<\/strong><\/p>\n\n\n\n<h2 class=\"wp-block-heading\" id=\"h-scheidungsanw-ltin-und-inhaberin-der-anwaltskanzlei\"><strong><a href=\"https:\/\/www.anwalt-zuerich.attorney\/scheidungsanwalt\/\">Scheidungsanw\u00e4ltin<\/a><\/strong> und <strong>Inhaberin der Anwaltskanzlei <\/strong><\/h2>\n\n\n\n<p>Ich und mein Team beraten und vertreten <strong>Privatpersonen<\/strong> im <a href=\"https:\/\/www.anwalt-zuerich.attorney\/ch\/anwalt-arbeitsrecht-zuerich\/\">Arbeits-<\/a>, <a href=\"https:\/\/www.anwalt-zuerich.attorney\/ch\/anwalt-erbrecht\/\">Erbrecht<\/a> und <a href=\"https:\/\/www.anwalt-zuerich.attorney\/ch\/anwalt-familienrecht\/\">Familienrecht<\/a> sowie bei der  Vorsorge- und Nachlassplanung. Mein Fokus richtet sich auf <a href=\"https:\/\/www.anwalt-zuerich.attorney\/ch\/anwalt-scheidung\/\">Scheidung<\/a>, Trennung und <a href=\"https:\/\/www.anwalt-zuerich.attorney\/ch\/anwalt-eherecht-eheschutz\/\">Eheschutz<\/a>.<\/p>\n\n\n\n<p><strong>Unternehmen<\/strong> unterst\u00fctze ich im <a href=\"https:\/\/www.anwalt-zuerich.attorney\/ch\/anwalt-unternehmensrecht-firmenrecht-betriebsnachfolge\/\">Unternehmens- und Firmenrecht<\/a>, der <a href=\"https:\/\/www.anwalt-zuerich.attorney\/ch\/anwalt-unternehmensrecht-firmenrecht-betriebsnachfolge\/\">Unternehmensnachfolge<\/a>, im <a href=\"https:\/\/www.anwalt-zuerich.attorney\/ch\/anwalt-mietrecht\/\">Miet-<\/a>, <a href=\"https:\/\/www.anwalt-zuerich.attorney\/ch\/anwalt-baurecht\/\">Bau-<\/a> &amp; <a href=\"https:\/\/www.anwalt-zuerich.attorney\/ch\/anwalt-gesellschaftsrecht\/\">Gesellschaftsrecht<\/a>, <a href=\"https:\/\/www.anwalt-zuerich.attorney\/ch\/anwalt-immobilienrecht\/\">Immobilienrecht<\/a>, <a href=\"https:\/\/www.anwalt-zuerich.attorney\/ch\/anwalt-it-recht-datenschutz-zuerich\/\">IT-Recht &amp; Datenschutz<\/a>, <a href=\"https:\/\/www.anwalt-zuerich.attorney\/ch\/anwalt-immaterialgueterrecht-markenschutz\/\">Marken-<\/a>, <a href=\"https:\/\/www.anwalt-zuerich.attorney\/ch\/haftpflichtrecht-versicherungsrecht\/\">Haftpflicht- &amp; Versicherungsrecht<\/a> sowie im <a href=\"https:\/\/www.anwalt-zuerich.attorney\/ch\/anwalt-vertragsrecht\/\">Vertrags-<\/a> &amp;<a href=\"https:\/\/www.anwalt-zuerich.attorney\/rechtsberatung\/Firmengruendung-Gesellschaftsrecht-Handelsrecht\/\"> <\/a><a href=\"https:\/\/www.anwalt-zuerich.attorney\/ch\/anwalt-wirtschaftsrecht\/\">Wirtschaftsrecht<\/a>.&nbsp;<\/p>\n<\/div>\n\n\n\n<div class=\"wp-block-column is-layout-flow wp-block-column-is-layout-flow\" style=\"flex-basis:50%\">\n<figure class=\"wp-block-image is-style-default\"><img decoding=\"async\" width=\"300\" height=\"413\" src=\"https:\/\/www.anwalt-zuerich.attorney\/ch\/wp-content\/uploads\/2019\/12\/Screenshot-2018-07-31-13.19.00-e1576162692534.png\" alt=\"Scheidungsanwalt Anwalt internationales Privatrecht\" class=\"wp-image-590\"\/><figcaption><em>Ihr <strong>Scheidungsanwalt<\/strong> oder <strong>Anwalt<\/strong> f\u00fcr <strong>internationales Privatrecht<\/strong> kann Sie unterst\u00fctzten!<\/em><\/figcaption><\/figure>\n<\/div>\n<\/div>\n\n\n\n<blockquote class=\"wp-block-quote has-text-align-center is-style-large is-layout-flow wp-block-quote-is-layout-flow\"><p>Mit Leidenschaft stehen wir f\u00fcr Ihre Interessen ein!<\/p><cite>Stanislava Wittibschlager, Inhaberin der Kanzlei Wittibschlager<\/cite><\/blockquote>\n\n\n\n<div class=\"wp-block-image\"><figure class=\"aligncenter size-full\"><img decoding=\"async\" width=\"426\" height=\"103\" src=\"https:\/\/www.anwalt-zuerich.attorney\/ch\/wp-content\/uploads\/2020\/12\/cropped-Bildschirmfoto-2020-12-02-um-19.24.01.png\" alt=\"Anwaltskanzlei Wittibschlager\" class=\"wp-image-7211\" srcset=\"https:\/\/www.anwalt-zuerich.attorney\/ch\/wp-content\/uploads\/2020\/12\/cropped-Bildschirmfoto-2020-12-02-um-19.24.01.png 426w, https:\/\/www.anwalt-zuerich.attorney\/ch\/wp-content\/uploads\/2020\/12\/cropped-Bildschirmfoto-2020-12-02-um-19.24.01-300x73.png 300w\" sizes=\"(max-width: 426px) 100vw, 426px\" \/><\/figure><\/div>\n\n\n\n<p class=\"has-text-align-center\"> <\/p>\n\n\n\n<section id=\"section-8be542c8-2a5c-493a-aaa0-e9565743c87d\" class=\"wp-block-gutentor-divider section-8be542c8-2a5c-493a-aaa0-e9565743c87d gutentor-element gutentor-section gutentor-divider text-center\"><div class=\"grid-container\"><div class=\"gutentor-divider-box\"><span><svg xmlns=\"http:\/\/www.w3.org\/2000\/svg\" viewBox=\"0 0 240 40\" preserveAspectRatio=\"none\"><path d=\"M56.2 20c5.3-.1 10.6-.2 16-.3l16-.2c10.6-.1 21.3-.1 31.9-.2 10.6.1 21.3 0 31.9.1l16 .2c5.3.1 10.6.2 16 .3-5.3.1-10.6.2-16 .3l-16 .2c-10.6.1-21.3.1-31.9.1-10.6-.1-21.3 0-31.9-.2l-16-.2c-5.4.1-10.7 0-16-.1z\"><\/path><\/svg><\/span><\/div><\/div><\/section>\n\n\n\n<div class=\"wp-block-yoast-seo-table-of-contents yoast-table-of-contents\"><h2>Inhaltsverzeichnis<\/h2><ul><li><a href=\"#h-was-versteht-man-unter-ausl-nder-und-migrationsrecht\" data-level=\"2\">Was versteht man unter Ausl\u00e4nder- und Migrationsrecht?<\/a><\/li><li><a href=\"#h-alle-antworten-zur-niederlassungsbewilligung-in-der-schweiz\" data-level=\"2\">Alle Antworten zur Niederlassungsbewilligung in der Schweiz<\/a><\/li><li><a href=\"#h-das-verfahren-im-ausl-nderrecht\" data-level=\"2\">Das Verfahren im Ausl\u00e4nderrecht<\/a><\/li><li><a href=\"#h-wie-wird-man-schweizer-b-rger-infos-von-ihrem-anwalt-f-r-ausl-nderrecht\" data-level=\"2\">Wie wird man Schweizer B\u00fcrger? Infos von Ihrem Anwalt f\u00fcr Ausl\u00e4nderrecht<\/a><\/li><li><a href=\"#h-die-ordentliche-und-erleichterte-einb-rgerung-im-kanton-z-rich\" data-level=\"2\">Die ordentliche und erleichterte Einb\u00fcrgerung im Kanton Z\u00fcrich<\/a><\/li><li><a href=\"#h-kann-ich-mit-einem-eintrag-im-strafregister-eingeb-rgert-werden\" data-level=\"2\">Kann ich mit einem Eintrag im Strafregister eingeb\u00fcrgert werden?<\/a><\/li><li><a href=\"#h-hier-finden-sie-ihren-anwalt-f-r-ausl-nderrecht-im-grossraum-z-rich-routenplaner\" data-level=\"2\">Hier finden Sie Ihren Anwalt f\u00fcr Ausl\u00e4nderrecht im Grossraum Z\u00fcrich &#8211; Routenplaner<\/a><\/li><li><a href=\"#h-ffnungszeiten-und-telefonische-erreichbarkeit-ihrer-advokatur-f-r-ausl-nderrecht-migrationsrecht\" data-level=\"2\">\u00d6ffnungszeiten und telefonische Erreichbarkeit Ihrer Advokatur f\u00fcr Ausl\u00e4nderrecht \/ Migrationsrecht<\/a><\/li><\/ul><\/div>\n\n\n\n<section id=\"section-9e1151a4-f85f-4df4-bd30-1e1330e23beb\" class=\"wp-block-gutentor-divider section-9e1151a4-f85f-4df4-bd30-1e1330e23beb gutentor-element gutentor-section gutentor-divider text-center\"><div class=\"grid-container\"><div class=\"gutentor-divider-box\"><span><svg xmlns=\"http:\/\/www.w3.org\/2000\/svg\" viewBox=\"0 0 240 40\" preserveAspectRatio=\"none\"><path d=\"M56.2 20c5.3-.1 10.6-.2 16-.3l16-.2c10.6-.1 21.3-.1 31.9-.2 10.6.1 21.3 0 31.9.1l16 .2c5.3.1 10.6.2 16 .3-5.3.1-10.6.2-16 .3l-16 .2c-10.6.1-21.3.1-31.9.1-10.6-.1-21.3 0-31.9-.2l-16-.2c-5.4.1-10.7 0-16-.1z\"><\/path><\/svg><\/span><\/div><\/div><\/section>\n\n\n\n<h2 class=\"wp-block-heading\" id=\"h-was-versteht-man-unter-ausl-nder-und-migrationsrecht\">Was versteht man unter Ausl\u00e4nder- und Migrationsrecht?<\/h2>\n\n\n\n<p>Die zentrale gesetzliche Basis beim Ausl\u00e4nder- und Migrationsrecht bildet das Ausl\u00e4ndergesetz (AuG). Hier sind die wichtigsten Leitlinien geregelt, die die Schranken und den Rahmen f\u00fcr die ausf\u00fchrenden und konkretisierenden Verordnungen und Weisungen der Kantone bilden. Dabei ist klar, dass nicht jeder Fall eindeutig ist, sondern es in Zweifelsfragen auf eine konsistente und \u00fcberzeugende Argumentation und Beweisf\u00fchrung darauf ankommen kann. In so einem Fall ist die Beratung mit einem Anwalt von grosser Bedeutung.<\/p>\n\n\n\n<figure class=\"wp-block-image size-large is-style-rounded\"><img decoding=\"async\" width=\"1024\" height=\"369\" src=\"https:\/\/www.anwalt-zuerich.attorney\/ch\/wp-content\/uploads\/2019\/12\/Screenshot-2019-03-12-10.34.11-1-1024x369.png\" alt=\"Anwalt Ausl\u00e4nderrecht\" class=\"wp-image-684\" srcset=\"https:\/\/www.anwalt-zuerich.attorney\/ch\/wp-content\/uploads\/2019\/12\/Screenshot-2019-03-12-10.34.11-1-1024x369.png 1024w, https:\/\/www.anwalt-zuerich.attorney\/ch\/wp-content\/uploads\/2019\/12\/Screenshot-2019-03-12-10.34.11-1-300x108.png 300w, https:\/\/www.anwalt-zuerich.attorney\/ch\/wp-content\/uploads\/2019\/12\/Screenshot-2019-03-12-10.34.11-1-768x277.png 768w, https:\/\/www.anwalt-zuerich.attorney\/ch\/wp-content\/uploads\/2019\/12\/Screenshot-2019-03-12-10.34.11-1-1536x553.png 1536w, https:\/\/www.anwalt-zuerich.attorney\/ch\/wp-content\/uploads\/2019\/12\/Screenshot-2019-03-12-10.34.11-1.png 1876w\" sizes=\"(max-width: 1024px) 100vw, 1024px\" \/><figcaption><em>Ihr <strong>Anwalt<\/strong> f\u00fcr <strong>Ausl\u00e4nderrecht<\/strong><\/em> kann helfen!<\/figcaption><\/figure>\n\n\n\n<h2 class=\"wp-block-heading\" id=\"h-alle-antworten-zur-niederlassungsbewilligung-in-der-schweiz\">Alle Antworten zur Niederlassungsbewilligung in der Schweiz<\/h2>\n\n\n\n<p>Prinzipiell kann man sich das Migrationsrecht am besten vorstellen, in dem man verschiedene Gruppen unterscheidet: Schweizer B\u00fcrger besitzen in der Schweiz aus nachvollziehbaren Gr\u00fcnden die meisten Rechte. Sie k\u00f6nnen frei ein- und ausreisen, ihren Wohnsitz \u00fcberall in der Schweiz begr\u00fcnden und letztlich auch an Wahlen teilnehmen. Das n\u00e4chst st\u00e4rkere Recht hat diejenige Person, die mithin kein Schweizer B\u00fcrger ist, jedoch seit mehr als 5 Jahren in der Schweiz lebt (gleicher Wohnkanton) und daher grunds\u00e4tzlich Anspruch auf eine Niederlassungsbewilligung ( C ) hat. Damit kann auch diese Person frei in der Schweiz ihren Wohnsitz begr\u00fcnden, sowie beliebig ein- und ausreisen. Davor gibt es eine sogenannte Aufenthaltsbewilligung, welche je nach Aufenthaltsgrund (bspw. Arbeit oder Studium), respektive der Art des Anstellungsverh\u00e4ltnisses (tempor\u00e4r, unbefristet) auf ein Jahr (L oder B), oder f\u00fcnf Jahre (B) ausgestellt wird. Auch hier kann ein fester Wohnsitz begr\u00fcndet werden. Allgemein gilt: Wer Staatsb\u00fcrger eines EU- oder EFTA-Staates ist, hat es leichter, in der Schweiz einen Wohnsitz zu begr\u00fcnden und eine Aufenthaltsbewilligung zu erhalten, da die Schweiz mit diesen Staaten einschl\u00e4gige Abkommen abgeschlossen hat. Wer aus einem Drittstaat in die Schweiz einreisen und hier leben m\u00f6chte, braucht dar\u00fcber hinaus noch weitere Gr\u00fcnde. Klassische F\u00e4lle sind hochqualifizierte Fachkr\u00e4fte, welche am Schweizer (oder europ\u00e4ischen) Arbeitsmarkt nicht zu finden sind. Arbeitgeber d\u00fcrfen daher auch Angeh\u00f6rige aus Drittstaaten anstellen (und m\u00fcssen dies auch belegen k\u00f6nnen). Dies sind im Wesentlichen die Wege, als Einzelperson zu einer Aufenthaltsbewilligung in der Schweiz zu gelangen. Daneben gibt es immer Instrumente wie den Familiennachzug oder eine Heirat, welche einen Rechtsgrund f\u00fcr die Erteilung einer Aufenthaltsbewilligung darstellen k\u00f6nnen. Im Detail k\u00f6nnen sich Zweifelsfragen stellen, oder aber auch ganz prinzipielle, ob bspw. der Status als Grenzg\u00e4nger im Einzelfall vorteilhafter als ein st\u00e4ndiger Wohnsitz in der Schweiz ist. Um all diese Fragen zu kl\u00e4ren, vereinbaren Sie am besten ein Beratungsgespr\u00e4ch in unserer Kanzlei, wo alle offenen und vielleicht auch nicht gestellten Fragen gekl\u00e4rt werden k\u00f6nnen. Gerne unterst\u00fctzen wir Sie sodann auch beim Gesuchsverfahren. Unser Anwalt f\u00fcr Ausl\u00e4nderrecht ist f\u00fcr Sie da!<\/p>\n\n\n\n<h2 class=\"wp-block-heading\" id=\"h-das-verfahren-im-ausl-nderrecht\">Das Verfahren im Ausl\u00e4nderrecht<\/h2>\n\n\n\n<p>Das Ausl\u00e4nderrecht ist national im Ausl\u00e4ndergesetz geregelt. Dieses wird jedoch um zahlreiche bilaterale und internationale Abkommen und Staatsvertr\u00e4ge erg\u00e4nzt. Da die einzelnen Verfahren auch innerhalb der Schweiz von Kanton zu Kanton unterschiedlich sein k\u00f6nnen, ist die Lage f\u00fcr einen Laien oftmals un\u00fcbersichtlich bis unklar. Dabei muss man auch immer bedenken, dass die erstinstanzliche Entscheidung oft nur von einem Sachbearbeiter abh\u00e4ngig ist, weshalb sich auch eine \u00dcberpr\u00fcfung der Entscheidung durchaus lohnen kann. Um hier jedenfalls rechtlich auf der sicheren Seite zu sein, keine Fristen zu vers\u00e4umen und \u00fcber alle Rechte der Einsprache und dergleichen in Kenntnis zu sein, ist die Beratung und Unterst\u00fctzung durch einen Anwalt sehr anzuraten und meist von grossem Vorteil. Wir unterst\u00fctzen Sie dabei gerne und beraten in einem Erstgespr\u00e4ch bei uns in der Kanzlei \u00fcber Ihre individuelle Situation. Unser Anwalt f\u00fcr Ausl\u00e4nderrecht nimmt sich f\u00fcr Sie Zeit.<\/p>\n\n\n\n<h2 class=\"wp-block-heading\" id=\"h-wie-wird-man-schweizer-b-rger-infos-von-ihrem-anwalt-f-r-ausl-nderrecht\">Wie wird man Schweizer B\u00fcrger? Infos von Ihrem Anwalt f\u00fcr Ausl\u00e4nderrecht<\/h2>\n\n\n\n<p>In der Schweiz besteht das sogenannte B\u00fcrgerrecht aus einem Zusammenspiel von Bund, Kantonen und Gemeinden, die alle ein B\u00fcrgerrecht innehaben. Wer nicht Schweizer Staatsb\u00fcrger ist, und dies werden m\u00f6chte, kann dies durch ein ordentliches Einb\u00fcrgerungsverfahren, das erleichterte Einb\u00fcrgerungsverfahren oder die Wieders<\/p>\n\n\n\n<p>einb\u00fcrgerung bewerkstelligen. Je nach der individuellen Situation gelten verschiedene Voraussetzungen und stehen die diversen Einb\u00fcrgerungsverfahren offen.<\/p>\n\n\n\n<h2 class=\"wp-block-heading\" id=\"h-die-ordentliche-und-erleichterte-einb-rgerung-im-kanton-z-rich\">Die ordentliche und erleichterte Einb\u00fcrgerung im Kanton Z\u00fcrich<\/h2>\n\n\n\n<p>Als generelle Aussage kann festgehalten werden, dass das B\u00fcrgerrecht von demjenigen erworben werden kann, der die gesetzlichen Voraussetzungen erf\u00fcllt. Dies kann bspw. Aufgrund von Abstammung, Adoption, oder eben durch eine Einb\u00fcrgerung gegeben sein. In manchen F\u00e4llen kann ein Gesuch zur Einb\u00fcrgerung abgelehnt werden. Dies bedeutet keineswegs, dass dies nun das Ende des Verfahrens ist. Vielmehr stehen einem gegen diesen Entscheid Rechtsmittel offen, die erhoben werden k\u00f6nnen. Ein Rechtsanwalt kann Sie in diesem Verfahren unterst\u00fctzen.<\/p>\n\n\n\n<p>Eine Ablehnung eines Gesuchs auf Einb\u00fcrgerung kann bspw. Deshalb rechtswidrig sein, weil sie willk\u00fcrlich zustande gekommen ist. Gegen einen solchen Entscheid einer Gemeinde- oder Kantonalbeh\u00f6rde kann Beschwerde beim zust\u00e4ndigen Verwaltungsgericht erhoben werden. In krassen F\u00e4llen, wo bspw. Fundamental verankerte Rechte (bspw. Rechtliches Geh\u00f6r, Diskriminierungsverbot, keine Entscheidbegr\u00fcndung) behauptet werden verletzt worden zu sein, entscheidet das Bundesgericht als letzte schweizerische Instanz. Gerne beantworte ich als Anwalt f\u00fcr Ausl\u00e4nderrecht Ihre Fragen.<\/p>\n\n\n\n<p>Hat jeder ein Recht a<strong>uf eine Staatsb\u00fcrgerschaft?<\/strong><\/p>\n\n\n\n<p>Ja, jeder Mensch hat von<a href=\"https:\/\/www.humanrights.ch\/de\/ipf\/grundlagen\/rechtsquellen-instrumente\/aemr\/artikel-15-aemr-recht-staatsangehoerigkeit\"> Art. 15 der Allgemeinen Erkl\u00e4rung der Menschenrechte<\/a> aus 1948 das Recht auf eine Staatsb\u00fcrgerschaft, die ihm zudem auch nicht willk\u00fcrlich entzogen werden darf. In der Schweiz regelt Art. 36 B\u00fcrgerrechtsgesetz, dass eine erfolgte Einb\u00fcrgerung im Zeitraum von acht Jahren nach Einb\u00fcrgerung f\u00fcr nichtig erkl\u00e4rt werden darf, was aber vom Betroffenen binnen dreissig Tagen ab Erhalt des Entscheids beim Bundesverwaltungsgerichts angefochten werden kann.<\/p>\n\n\n\n<h2 class=\"wp-block-heading\" id=\"h-kann-ich-mit-einem-eintrag-im-strafregister-eingeb-rgert-werden\">Kann ich mit einem Eintrag im Strafregister eingeb\u00fcrgert werden?<\/h2>\n\n\n\n<p>Nein, das findet grunds\u00e4tzlich nicht statt. Sowohl die Bundes- als auch die Kantonalbeh\u00f6rden haben Zugriff auf das zentrale Strafregister (Vostra), welches alle noch nicht getilgten Straftaten enth\u00e4lt. Umgekehrt hat jede Person das Recht, beim Bundesamt f\u00fcr Justiz ein Akteneinsichtsgesuch in das pers\u00f6nliche Register zu stellen.<\/p>\n\n\n\n<section id=\"section-c90defeb-e49f-4ff5-bc58-17224cb3d31d\" class=\"wp-block-gutentor-divider section-c90defeb-e49f-4ff5-bc58-17224cb3d31d gutentor-element gutentor-section gutentor-divider text-center\"><div class=\"grid-container\"><div class=\"gutentor-divider-box\"><span><svg xmlns=\"http:\/\/www.w3.org\/2000\/svg\" viewBox=\"0 0 240 40\" preserveAspectRatio=\"none\"><path d=\"M56.2 20c5.3-.1 10.6-.2 16-.3l16-.2c10.6-.1 21.3-.1 31.9-.2 10.6.1 21.3 0 31.9.1l16 .2c5.3.1 10.6.2 16 .3-5.3.1-10.6.2-16 .3l-16 .2c-10.6.1-21.3.1-31.9.1-10.6-.1-21.3 0-31.9-.2l-16-.2c-5.4.1-10.7 0-16-.1z\"><\/path><\/svg><\/span><\/div><\/div><\/section>\n\n\n\n<h2 class=\"wp-block-heading\" id=\"h-hier-finden-sie-ihren-anwalt-f-r-ausl-nderrecht-im-grossraum-z-rich-routenplaner\">Hier finden Sie Ihren Anwalt f\u00fcr Ausl\u00e4nderrecht im Grossraum Z\u00fcrich &#8211; Routenplaner<\/h2>\n\n\n\n<div class=\"wp-block-yoast-seo-local-map\"><div id=\"map_canvas\" class=\"wpseo-map-canvas\" style=\"max-width: 100%; width: 400px; height: 300px;\"><ul><li><a href=\"https:\/\/www.anwalt-zuerich.attorney\/ch\/\">Anwaltskanzlei Zuerich<\/a><\/li><\/ul><\/div><div id=\"wpseo-directions-wrapper\"><h3 id=\"wpseo-directions\" class=\"wpseo-directions-heading\">Route<\/h3><form action=\"\" method=\"post\" class=\"wpseo-directions-form\" id=\"wpseo-directions-form\" onsubmit=\"wpseo_calculate_route( wpseoMapOptions[0].map, wpseoMapOptions[0].directionsDisplay, wpseoMapOptions[0].mapVars[0], wpseoMapOptions[0].mapVars[1], 0); return false;\"><p>Deine Adresse: <input type=\"text\" size=\"20\" id=\"origin\" value=\"\" \/><input type=\"submit\" class=\"wpseo-directions-submit\" value=\"Zeige Route\"><span id=\"wpseo-noroute\" style=\"display: none;\">Es konnte keine Route berechnet werden.<\/span><\/p><\/form><div id=\"directions\"><\/div><\/div><\/div>\n\n\n\n<section id=\"section-db1bb659-a8ea-448a-9f50-9850631cea8a\" class=\"wp-block-gutentor-divider section-db1bb659-a8ea-448a-9f50-9850631cea8a gutentor-element gutentor-section gutentor-divider text-center\"><div class=\"grid-container\"><div class=\"gutentor-divider-box\"><span><svg xmlns=\"http:\/\/www.w3.org\/2000\/svg\" viewBox=\"0 0 240 40\" preserveAspectRatio=\"none\"><path d=\"M56.2 20c5.3-.1 10.6-.2 16-.3l16-.2c10.6-.1 21.3-.1 31.9-.2 10.6.1 21.3 0 31.9.1l16 .2c5.3.1 10.6.2 16 .3-5.3.1-10.6.2-16 .3l-16 .2c-10.6.1-21.3.1-31.9.1-10.6-.1-21.3 0-31.9-.2l-16-.2c-5.4.1-10.7 0-16-.1z\"><\/path><\/svg><\/span><\/div><\/div><\/section>\n\n\n\n<div class=\"wp-block-yoast-seo-local-address\"><div id=\"wpseo_location-\" class=\"wpseo-location\"><h3><span class=\"wpseo-business-name\">Anwaltskanzlei Zuerich<\/span><\/h3><div class=\"wpseo-address-wrapper\"><div class=\"street-address\">L\u00f6wenstrasse 43<\/div><span class=\"locality\"> Z\u00fcrich<\/span><\/div><span class=\"wpseo-phone\">Telefon: <a href=\"tel:+41435450150\" class=\"tel\"><span>+41435450150<\/span><\/a><\/span><br\/><span class=\"wpseo-email\">E-Mail: <a href=\"mailto:&#105;n&#102;&#111;&#064;w&#105;&#116;&#116;ib&#045;law&#046;c&#104;\">&#105;n&#102;o&#64;wi&#116;t&#105;b&#45;l&#97;&#119;.&#99;h<\/a><\/span><br\/><\/div><\/div>\n\n\n\n<section id=\"section-17cf8936-1829-469f-8542-917b315f410a\" class=\"wp-block-gutentor-divider section-17cf8936-1829-469f-8542-917b315f410a gutentor-element gutentor-section gutentor-divider text-center\"><div class=\"grid-container\"><div class=\"gutentor-divider-box\"><span><svg xmlns=\"http:\/\/www.w3.org\/2000\/svg\" viewBox=\"0 0 240 40\" preserveAspectRatio=\"none\"><path d=\"M56.2 20c5.3-.1 10.6-.2 16-.3l16-.2c10.6-.1 21.3-.1 31.9-.2 10.6.1 21.3 0 31.9.1l16 .2c5.3.1 10.6.2 16 .3-5.3.1-10.6.2-16 .3l-16 .2c-10.6.1-21.3.1-31.9.1-10.6-.1-21.3 0-31.9-.2l-16-.2c-5.4.1-10.7 0-16-.1z\"><\/path><\/svg><\/span><\/div><\/div><\/section>\n\n\n\n<h2 class=\"wp-block-heading\" id=\"h-ffnungszeiten-und-telefonische-erreichbarkeit-ihrer-advokatur-f-r-ausl-nderrecht-migrationsrecht\">\u00d6ffnungszeiten und telefonische Erreichbarkeit Ihrer Advokatur f\u00fcr Ausl\u00e4nderrecht \/ Migrationsrecht<\/h2>\n\n\n\n<div class=\"wp-block-yoast-seo-local-opening-hours\"><div class=\"wpseo-opening-hours-wrapper\"><table class=\"wpseo-opening-hours\" id =\"wpseo-opening-hours-\"><tr><td class=\"day\">Montag<\/td><td class=\"time\"><span>8:00 AM - 5:00 PM<\/span><\/td><\/tr><tr><td class=\"day\">Dienstag<\/td><td class=\"time\"><span>8:00 AM - 5:00 PM<\/span><\/td><\/tr><tr><td class=\"day\">Mittwoch<\/td><td class=\"time\"><span>8:00 AM - 5:00 PM<\/span><\/td><\/tr><tr><td class=\"day\">Donnerstag<\/td><td class=\"time\"><span>8:00 AM - 5:00 PM<\/span><\/td><\/tr><tr><td class=\"day\">Freitag<\/td><td class=\"time\"><span>8:00 AM - 5:00 PM<\/span><\/td><\/tr><tr><td class=\"day\">Samstag<\/td><td class=\"time\">Geschlossen<\/td><\/tr><tr><td class=\"day\">Sonntag<\/td><td class=\"time\">Geschlossen<\/td><\/tr><\/table><\/div><\/div>\n\n\n\n<section id=\"section-6de029f1-6c01-4ad3-9ba2-2d7708153b38\" class=\"wp-block-gutentor-divider section-6de029f1-6c01-4ad3-9ba2-2d7708153b38 gutentor-element gutentor-section gutentor-divider text-center\"><div class=\"grid-container\"><div class=\"gutentor-divider-box\"><span><svg xmlns=\"http:\/\/www.w3.org\/2000\/svg\" viewBox=\"0 0 240 40\" preserveAspectRatio=\"none\"><path d=\"M56.2 20c5.3-.1 10.6-.2 16-.3l16-.2c10.6-.1 21.3-.1 31.9-.2 10.6.1 21.3 0 31.9.1l16 .2c5.3.1 10.6.2 16 .3-5.3.1-10.6.2-16 .3l-16 .2c-10.6.1-21.3.1-31.9.1-10.6-.1-21.3 0-31.9-.2l-16-.2c-5.4.1-10.7 0-16-.1z\"><\/path><\/svg><\/span><\/div><\/div><\/section>\n\n\n\n<p id=\"h-als-anw-ltin-expertin-f-r-internationales-privatrecht-auf-kabeleins\"><strong>ALS ANW\u00c4LTIN &amp; EXPERTIN F\u00dcR INTERNATIONALES PRIVATRECHT AUF KABELEINS<\/strong><\/p>\n\n\n\n<p><strong>Achtung Abzocke<\/strong> geh\u00f6rt zu den erfolgreichsten Sendungen auf Kabeleins. Der beliebte <strong>TV-Moderator Peter Giesel<\/strong> l\u00e4sst sich umfassend von <strong>Stanislava Wittibschlager<\/strong> beraten. <\/p>\n\n\n\n<figure class=\"wp-block-embed aligncenter is-type-video is-provider-youtube wp-block-embed-youtube wp-embed-aspect-16-9 wp-has-aspect-ratio\"><div class=\"wp-block-embed__wrapper\">\n<iframe title=\"Krumme Gesch\u00e4fte: E-Bike-Verk\u00e4ufer verpfeift Ex-Gesch\u00e4ftspartner| 2\/3 | Achtung Abzocke | Kabel Eins\" width=\"550\" height=\"309\" src=\"https:\/\/www.youtube.com\/embed\/34dHcfpV3QQ?start=41&#038;feature=oembed\" frameborder=\"0\" allow=\"accelerometer; autoplay; clipboard-write; encrypted-media; gyroscope; picture-in-picture; web-share\" referrerpolicy=\"strict-origin-when-cross-origin\" allowfullscreen><\/iframe>\n<\/div><figcaption><strong>TV-Moderator Peter Giesel<\/strong> stellt Stanislava Wittibschlager Fragen zum Schweizer Insolvenzrecht. Unser Anwalt f\u00fcr Ausl\u00e4nderrecht unterst\u00fctzt Sie im Migrationsrecht.<\/figcaption><\/figure>\n\n\n\n<section id=\"section-dcc452cb-66da-45b6-bdb0-f78c346b3306\" class=\"wp-block-gutentor-divider section-dcc452cb-66da-45b6-bdb0-f78c346b3306 gutentor-element gutentor-section gutentor-divider text-center\"><div class=\"grid-container\"><div class=\"gutentor-divider-box\"><span><svg xmlns=\"http:\/\/www.w3.org\/2000\/svg\" viewBox=\"0 0 240 40\" preserveAspectRatio=\"none\"><path d=\"M56.2 20c5.3-.1 10.6-.2 16-.3l16-.2c10.6-.1 21.3-.1 31.9-.2 10.6.1 21.3 0 31.9.1l16 .2c5.3.1 10.6.2 16 .3-5.3.1-10.6.2-16 .3l-16 .2c-10.6.1-21.3.1-31.9.1-10.6-.1-21.3 0-31.9-.2l-16-.2c-5.4.1-10.7 0-16-.1z\"><\/path><\/svg><\/span><\/div><\/div><\/section>\n\n\n\n<p>Weitere Infos<\/p>\n\n\n\n<ul class=\"wp-block-yoast-seo-related-links\"><li><a href=\"https:\/\/www.anwalt-zuerich.attorney\/ch\/anwalt-kuendigung\/\">K\u00fcndigung<\/a><\/li><li><a href=\"https:\/\/www.anwalt-zuerich.attorney\/ch\/anwalt-schulrecht\/\">Schulrecht<\/a><\/li><li><a href=\"https:\/\/www.anwalt-zuerich.attorney\/ch\/anwalt-anwaeltin-fuer-strafrecht\/\">Strafrecht<\/a><\/li><li><a href=\"https:\/\/www.anwalt-zuerich.attorney\/ch\/anwalt-familienrecht\/\">Familienrecht<\/a><\/li><li><a href=\"https:\/\/www.anwalt-zuerich.attorney\/ch\/anwalt-strassenverkehrsrecht\/\">Strassenverkehrsrecht<\/a><\/li><\/ul>\n<div style='text-align:center' class='yasr-auto-insert-visitor'><\/div>","protected":false},"excerpt":{"rendered":"<p>Suchen Sie einen Anwalt f\u00fcr Migrations- und Ausl\u00e4nderrecht? Was versteht man unter Ausl\u00e4nder- und Migrationsrecht? Die zentrale gesetzliche Basis beim Ausl\u00e4nder- und Migrationsrecht bildet das Ausl\u00e4ndergesetz (AuG). Hier sind die wichtigsten Leitlinien geregelt, die die Schranken und den Rahmen f\u00fcr die ausf\u00fchrenden und konkretisierenden Verordnungen und Weisungen der Kantone bilden. Dabei ist klar, dass nicht [&hellip;]<\/p>\n","protected":false},"author":1,"featured_media":635,"comment_status":"closed","ping_status":"open","sticky":false,"template":"","format":"standard","meta":{"yasr_overall_rating":0,"yasr_post_is_review":"","yasr_auto_insert_disabled":"","yasr_review_type":"","footnotes":""},"categories":[1],"tags":[],"class_list":["post-1567","post","type-post","status-publish","format-standard","has-post-thumbnail","hentry","category-anwalt-zuerich"],"yasr_visitor_votes":{"stars_attributes":{"read_only":true,"span_bottom":"<div class='yasr-small-block-bold'><span class='yasr-visitor-votes-must-sign-in'>99% zufriedene Nutzer \/ Durchschnittsbewertungen unserer Klienten<\/span><\/div>"},"number_of_votes":56,"sum_votes":279},"gutentor_comment":2,"yoast_head":"<!-- This site is optimized with the Yoast SEO Premium plugin v26.4 (Yoast SEO v26.4) - https:\/\/yoast.com\/wordpress\/plugins\/seo\/ -->\n<title>Anwalt Ausl\u00e4nderrecht Schweiz: Arbeit-, Aufenthaltsbewilligung...<\/title>\n<meta name=\"description\" content=\"Anwalt Ausl\u00e4nderrecht Schweiz \u2713Asylrecht \u2713 Einb\u00fcrgerung \u2713 Familiennachzug \u2713 Migration \u2713 Einb\u00fcrgerung \u2713Arbeitsbewilligung \u2713 Bewilligung\" \/>\n<meta name=\"robots\" content=\"index, follow, max-snippet:-1, max-image-preview:large, max-video-preview:-1\" \/>\n<link rel=\"canonical\" href=\"https:\/\/www.anwalt-zuerich.attorney\/ch\/anwalt-anwaeltin-auslaenderrecht-migrationsrecht\/\" \/>\n<meta property=\"og:locale\" content=\"de_DE\" \/>\n<meta property=\"og:type\" content=\"article\" \/>\n<meta property=\"og:title\" content=\"Anwalt Ausl\u00e4nderrecht Schweiz: Arbeit-, Aufenthaltsbewilligung...\" \/>\n<meta property=\"og:description\" content=\"Anwalt Ausl\u00e4nderrecht Schweiz \u2713Asylrecht \u2713 Einb\u00fcrgerung \u2713 Familiennachzug \u2713 Migration \u2713 Einb\u00fcrgerung \u2713Arbeitsbewilligung \u2713 Bewilligung\" \/>\n<meta property=\"og:url\" content=\"https:\/\/www.anwalt-zuerich.attorney\/ch\/anwalt-anwaeltin-auslaenderrecht-migrationsrecht\/\" \/>\n<meta property=\"og:site_name\" content=\"Anwalt Z\u00fcrich\" \/>\n<meta property=\"article:publisher\" content=\"https:\/\/www.facebook.com\/Anwalt-f%c3%bcr-Familienrech-Arbeitsrecht-und-Scheidungsrecht-Z%c3%bcrich-2016470341934582\" \/>\n<meta property=\"article:published_time\" content=\"2021-11-26T12:12:24+00:00\" \/>\n<meta property=\"article:modified_time\" content=\"2021-12-22T08:02:48+00:00\" \/>\n<meta property=\"og:image\" content=\"https:\/\/www.anwalt-zuerich.attorney\/ch\/wp-content\/uploads\/2019\/12\/Screenshot-2019-03-12-10.20.26.png\" \/>\n\t<meta property=\"og:image:width\" content=\"1879\" \/>\n\t<meta property=\"og:image:height\" content=\"679\" \/>\n\t<meta property=\"og:image:type\" content=\"image\/png\" \/>\n<meta name=\"author\" content=\"Anwalt Zuerich\" \/>\n<meta name=\"twitter:card\" content=\"summary_large_image\" \/>\n<meta name=\"twitter:title\" content=\"Anwalt Ausl\u00e4nderrecht Schweiz: Arbeit-, Aufenthaltsbewilligung...\" \/>\n<meta name=\"twitter:description\" content=\"Anwalt Ausl\u00e4nderrecht Schweiz \u2713Asylrecht \u2713 Einb\u00fcrgerung \u2713 Familiennachzug \u2713 Migration \u2713 Einb\u00fcrgerung \u2713Arbeitsbewilligung \u2713 Bewilligung\" \/>\n<meta name=\"twitter:label1\" content=\"Verfasst von\" \/>\n\t<meta name=\"twitter:data1\" content=\"Anwalt Zuerich\" \/>\n\t<meta name=\"twitter:label2\" content=\"Gesch\u00e4tzte Lesezeit\" \/>\n\t<meta name=\"twitter:data2\" content=\"7\u00a0Minuten\" \/>\n<meta name=\"geo.placename\" content=\"Z\u00fcrich\" \/>\n<meta name=\"geo.position\" content=\"47.37554931640625;8.53688907623291\" \/>\n<meta name=\"geo.region\" content=\"Schweiz\" \/>\n<!-- \/ Yoast SEO Premium plugin. -->","yoast_head_json":{"title":"Anwalt Ausl\u00e4nderrecht Schweiz: Arbeit-, Aufenthaltsbewilligung...","description":"Anwalt Ausl\u00e4nderrecht Schweiz \u2713Asylrecht \u2713 Einb\u00fcrgerung \u2713 Familiennachzug \u2713 Migration \u2713 Einb\u00fcrgerung \u2713Arbeitsbewilligung \u2713 Bewilligung","robots":{"index":"index","follow":"follow","max-snippet":"max-snippet:-1","max-image-preview":"max-image-preview:large","max-video-preview":"max-video-preview:-1"},"canonical":"https:\/\/www.anwalt-zuerich.attorney\/ch\/anwalt-anwaeltin-auslaenderrecht-migrationsrecht\/","og_locale":"de_DE","og_type":"article","og_title":"Anwalt Ausl\u00e4nderrecht Schweiz: Arbeit-, Aufenthaltsbewilligung...","og_description":"Anwalt Ausl\u00e4nderrecht Schweiz \u2713Asylrecht \u2713 Einb\u00fcrgerung \u2713 Familiennachzug \u2713 Migration \u2713 Einb\u00fcrgerung \u2713Arbeitsbewilligung \u2713 Bewilligung","og_url":"https:\/\/www.anwalt-zuerich.attorney\/ch\/anwalt-anwaeltin-auslaenderrecht-migrationsrecht\/","og_site_name":"Anwalt Z\u00fcrich","article_publisher":"https:\/\/www.facebook.com\/Anwalt-f%c3%bcr-Familienrech-Arbeitsrecht-und-Scheidungsrecht-Z%c3%bcrich-2016470341934582","article_published_time":"2021-11-26T12:12:24+00:00","article_modified_time":"2021-12-22T08:02:48+00:00","og_image":[{"width":1879,"height":679,"url":"https:\/\/www.anwalt-zuerich.attorney\/ch\/wp-content\/uploads\/2019\/12\/Screenshot-2019-03-12-10.20.26.png","type":"image\/png"}],"author":"Anwalt Zuerich","twitter_card":"summary_large_image","twitter_title":"Anwalt Ausl\u00e4nderrecht Schweiz: Arbeit-, Aufenthaltsbewilligung...","twitter_description":"Anwalt Ausl\u00e4nderrecht Schweiz \u2713Asylrecht \u2713 Einb\u00fcrgerung \u2713 Familiennachzug \u2713 Migration \u2713 Einb\u00fcrgerung \u2713Arbeitsbewilligung \u2713 Bewilligung","twitter_misc":{"Verfasst von":"Anwalt Zuerich","Gesch\u00e4tzte Lesezeit":"7\u00a0Minuten"},"schema":{"@context":"https:\/\/schema.org","@graph":[{"@type":"Article","@id":"https:\/\/www.anwalt-zuerich.attorney\/ch\/anwalt-anwaeltin-auslaenderrecht-migrationsrecht\/#article","isPartOf":{"@id":"https:\/\/www.anwalt-zuerich.attorney\/ch\/anwalt-anwaeltin-auslaenderrecht-migrationsrecht\/"},"author":{"name":"Anwalt Zuerich","@id":"https:\/\/www.anwalt-zuerich.attorney\/ch\/#\/schema\/person\/95f940152c58e99e980bf0fb13e9f1c1"},"headline":"Anwalt Ausl\u00e4nderrecht","datePublished":"2021-11-26T12:12:24+00:00","dateModified":"2021-12-22T08:02:48+00:00","mainEntityOfPage":{"@id":"https:\/\/www.anwalt-zuerich.attorney\/ch\/anwalt-anwaeltin-auslaenderrecht-migrationsrecht\/"},"wordCount":1324,"publisher":{"@id":"https:\/\/www.anwalt-zuerich.attorney\/ch\/#organization"},"image":{"@id":"https:\/\/www.anwalt-zuerich.attorney\/ch\/anwalt-anwaeltin-auslaenderrecht-migrationsrecht\/#primaryimage"},"thumbnailUrl":"https:\/\/www.anwalt-zuerich.attorney\/ch\/wp-content\/uploads\/2019\/12\/Screenshot-2019-03-12-10.20.26.png","articleSection":["Anwalt Z\u00fcrich"],"inLanguage":"de","accessibilityFeature":["tableOfContents"]},{"@type":"WebPage","@id":"https:\/\/www.anwalt-zuerich.attorney\/ch\/anwalt-anwaeltin-auslaenderrecht-migrationsrecht\/","url":"https:\/\/www.anwalt-zuerich.attorney\/ch\/anwalt-anwaeltin-auslaenderrecht-migrationsrecht\/","name":"Anwalt Ausl\u00e4nderrecht Schweiz: Arbeit-, Aufenthaltsbewilligung...","isPartOf":{"@id":"https:\/\/www.anwalt-zuerich.attorney\/ch\/#website"},"primaryImageOfPage":{"@id":"https:\/\/www.anwalt-zuerich.attorney\/ch\/anwalt-anwaeltin-auslaenderrecht-migrationsrecht\/#primaryimage"},"image":{"@id":"https:\/\/www.anwalt-zuerich.attorney\/ch\/anwalt-anwaeltin-auslaenderrecht-migrationsrecht\/#primaryimage"},"thumbnailUrl":"https:\/\/www.anwalt-zuerich.attorney\/ch\/wp-content\/uploads\/2019\/12\/Screenshot-2019-03-12-10.20.26.png","datePublished":"2021-11-26T12:12:24+00:00","dateModified":"2021-12-22T08:02:48+00:00","description":"Anwalt Ausl\u00e4nderrecht Schweiz \u2713Asylrecht \u2713 Einb\u00fcrgerung \u2713 Familiennachzug \u2713 Migration \u2713 Einb\u00fcrgerung \u2713Arbeitsbewilligung \u2713 Bewilligung","breadcrumb":{"@id":"https:\/\/www.anwalt-zuerich.attorney\/ch\/anwalt-anwaeltin-auslaenderrecht-migrationsrecht\/#breadcrumb"},"inLanguage":"de","potentialAction":[{"@type":"ReadAction","target":["https:\/\/www.anwalt-zuerich.attorney\/ch\/anwalt-anwaeltin-auslaenderrecht-migrationsrecht\/"]}]},{"@type":"ImageObject","inLanguage":"de","@id":"https:\/\/www.anwalt-zuerich.attorney\/ch\/anwalt-anwaeltin-auslaenderrecht-migrationsrecht\/#primaryimage","url":"https:\/\/www.anwalt-zuerich.attorney\/ch\/wp-content\/uploads\/2019\/12\/Screenshot-2019-03-12-10.20.26.png","contentUrl":"https:\/\/www.anwalt-zuerich.attorney\/ch\/wp-content\/uploads\/2019\/12\/Screenshot-2019-03-12-10.20.26.png","width":1879,"height":679,"caption":"Anwalt Ausl\u00e4nderrecht"},{"@type":"BreadcrumbList","@id":"https:\/\/www.anwalt-zuerich.attorney\/ch\/anwalt-anwaeltin-auslaenderrecht-migrationsrecht\/#breadcrumb","itemListElement":[{"@type":"ListItem","position":1,"name":"Home","item":"https:\/\/www.anwalt-zuerich.attorney\/ch\/"},{"@type":"ListItem","position":2,"name":"Anwalt Ausl\u00e4nderrecht"}]},{"@type":"WebSite","@id":"https:\/\/www.anwalt-zuerich.attorney\/ch\/#website","url":"https:\/\/www.anwalt-zuerich.attorney\/ch\/","name":"Anwalt Z\u00fcrich","description":"Anwalt f\u00fcr \u2713 Arbeitsrecht \u2713 Erbrecht \u2713 Familienrecht \u2713  Verwaltungsrecht  \u2713 Wirtschaftsrecht \u2713 Privatrecht \u2713 Handelsrecht","publisher":{"@id":"https:\/\/www.anwalt-zuerich.attorney\/ch\/#organization"},"potentialAction":[{"@type":"SearchAction","target":{"@type":"EntryPoint","urlTemplate":"https:\/\/www.anwalt-zuerich.attorney\/ch\/?s={search_term_string}"},"query-input":{"@type":"PropertyValueSpecification","valueRequired":true,"valueName":"search_term_string"}}],"inLanguage":"de"},{"@type":["Organization","Place"],"@id":"https:\/\/www.anwalt-zuerich.attorney\/ch\/#organization","name":"Anwaltskanzlei Zuerich","url":"https:\/\/www.anwalt-zuerich.attorney\/ch\/","logo":{"@id":"https:\/\/www.anwalt-zuerich.attorney\/ch\/anwalt-anwaeltin-auslaenderrecht-migrationsrecht\/#local-main-organization-logo"},"image":{"@id":"https:\/\/www.anwalt-zuerich.attorney\/ch\/anwalt-anwaeltin-auslaenderrecht-migrationsrecht\/#local-main-organization-logo"},"sameAs":["https:\/\/www.facebook.com\/Anwalt-f\u00fcr-Familienrech-Arbeitsrecht-und-Scheidungsrecht-Z\u00fcrich-2016470341934582"],"address":{"@id":"https:\/\/www.anwalt-zuerich.attorney\/ch\/anwalt-anwaeltin-auslaenderrecht-migrationsrecht\/#local-main-place-address"},"geo":{"@type":"GeoCoordinates","latitude":"47.37554931640625","longitude":"8.53688907623291"},"telephone":["+41435450150"],"openingHoursSpecification":[{"@type":"OpeningHoursSpecification","dayOfWeek":["Monday","Tuesday","Wednesday","Thursday","Friday"],"opens":"08:00","closes":"17:00"},{"@type":"OpeningHoursSpecification","dayOfWeek":["Saturday","Sunday"],"opens":"00:00","closes":"00:00"}],"email":"info@wittib-law.ch"},{"@type":"Person","@id":"https:\/\/www.anwalt-zuerich.attorney\/ch\/#\/schema\/person\/95f940152c58e99e980bf0fb13e9f1c1","name":"Anwalt Zuerich","image":{"@type":"ImageObject","inLanguage":"de","@id":"https:\/\/www.anwalt-zuerich.attorney\/ch\/#\/schema\/person\/image\/","url":"https:\/\/secure.gravatar.com\/avatar\/42daca3ba25e2656c8a93581cdf1443d649767a7cbec9c51a67a8fd9baded316?s=96&d=mm&r=g","contentUrl":"https:\/\/secure.gravatar.com\/avatar\/42daca3ba25e2656c8a93581cdf1443d649767a7cbec9c51a67a8fd9baded316?s=96&d=mm&r=g","caption":"Anwalt Zuerich"}},{"@type":"PostalAddress","@id":"https:\/\/www.anwalt-zuerich.attorney\/ch\/anwalt-anwaeltin-auslaenderrecht-migrationsrecht\/#local-main-place-address","streetAddress":"L\u00f6wenstrasse 43","addressLocality":"Z\u00fcrich","postalCode":"8001","addressCountry":"CH"},{"@type":"ImageObject","inLanguage":"de","@id":"https:\/\/www.anwalt-zuerich.attorney\/ch\/anwalt-anwaeltin-auslaenderrecht-migrationsrecht\/#local-main-organization-logo","url":"https:\/\/www.anwalt-zuerich.attorney\/ch\/wp-content\/uploads\/2019\/02\/Anwaltskanzlei-Wittibschlager.jpg","contentUrl":"https:\/\/www.anwalt-zuerich.attorney\/ch\/wp-content\/uploads\/2019\/02\/Anwaltskanzlei-Wittibschlager.jpg","width":555,"height":176,"caption":"Anwaltskanzlei Zuerich"},false]},"geo.placename":"Z\u00fcrich","geo.position":{"lat":"47.37554931640625","long":"8.53688907623291"},"geo.region":"Schweiz"},"_links":{"self":[{"href":"https:\/\/www.anwalt-zuerich.attorney\/ch\/wp-json\/wp\/v2\/posts\/1567","targetHints":{"allow":["GET"]}}],"collection":[{"href":"https:\/\/www.anwalt-zuerich.attorney\/ch\/wp-json\/wp\/v2\/posts"}],"about":[{"href":"https:\/\/www.anwalt-zuerich.attorney\/ch\/wp-json\/wp\/v2\/types\/post"}],"author":[{"embeddable":true,"href":"https:\/\/www.anwalt-zuerich.attorney\/ch\/wp-json\/wp\/v2\/users\/1"}],"replies":[{"embeddable":true,"href":"https:\/\/www.anwalt-zuerich.attorney\/ch\/wp-json\/wp\/v2\/comments?post=1567"}],"version-history":[{"count":53,"href":"https:\/\/www.anwalt-zuerich.attorney\/ch\/wp-json\/wp\/v2\/posts\/1567\/revisions"}],"predecessor-version":[{"id":11021,"href":"https:\/\/www.anwalt-zuerich.attorney\/ch\/wp-json\/wp\/v2\/posts\/1567\/revisions\/11021"}],"wp:featuredmedia":[{"embeddable":true,"href":"https:\/\/www.anwalt-zuerich.attorney\/ch\/wp-json\/wp\/v2\/media\/635"}],"wp:attachment":[{"href":"https:\/\/www.anwalt-zuerich.attorney\/ch\/wp-json\/wp\/v2\/media?parent=1567"}],"wp:term":[{"taxonomy":"category","embeddable":true,"href":"https:\/\/www.anwalt-zuerich.attorney\/ch\/wp-json\/wp\/v2\/categories?post=1567"},{"taxonomy":"post_tag","embeddable":true,"href":"https:\/\/www.anwalt-zuerich.attorney\/ch\/wp-json\/wp\/v2\/tags?post=1567"}],"curies":[{"name":"wp","href":"https:\/\/api.w.org\/{rel}","templated":true}]}}