{"id":1642,"date":"2020-05-29T13:37:29","date_gmt":"2020-05-29T13:37:29","guid":{"rendered":"https:\/\/www.wittib-law.ch\/Anwaltskanzlei-in-zuerich\/?p=1642"},"modified":"2021-12-13T15:05:39","modified_gmt":"2021-12-13T15:05:39","slug":"anwalt-anwaeltin-fuer-prozessrecht","status":"publish","type":"post","link":"https:\/\/www.anwalt-zuerich.attorney\/ch\/anwalt-anwaeltin-fuer-prozessrecht\/","title":{"rendered":"Anwalt Prozessrecht"},"content":{"rendered":"\n<h2 class=\"wp-block-heading\">Ihr Prozessanwalt<\/h2>\n\n\n\n<p>Suchen Sie einen Anwalt f\u00fcr Prozessrecht?<\/p>\n\n\n\n<section id=\"section-af2f16c8-962c-4a6d-8804-932ebeb13d16\" class=\"wp-block-gutentor-divider section-af2f16c8-962c-4a6d-8804-932ebeb13d16 gutentor-element gutentor-section gutentor-divider text-center\"><div class=\"grid-container\"><div class=\"gutentor-divider-box\"><span><svg xmlns=\"http:\/\/www.w3.org\/2000\/svg\" viewBox=\"0 0 240 40\" preserveAspectRatio=\"none\"><path d=\"M56.2 20c5.3-.1 10.6-.2 16-.3l16-.2c10.6-.1 21.3-.1 31.9-.2 10.6.1 21.3 0 31.9.1l16 .2c5.3.1 10.6.2 16 .3-5.3.1-10.6.2-16 .3l-16 .2c-10.6.1-21.3.1-31.9.1-10.6-.1-21.3 0-31.9-.2l-16-.2c-5.4.1-10.7 0-16-.1z\"><\/path><\/svg><\/span><\/div><\/div><\/section>\n\n\n\n<div class=\"wp-block-yoast-seo-table-of-contents yoast-table-of-contents\"><h2>Inhaltsverzeichnis<\/h2><ul><li><a href=\"#h-ihr-anwalt-f-r-prozessrecht-unterst-tzt-sie-vor-schweizer-gerichten-und-beh-rden\" data-level=\"2\">Ihr Anwalt f\u00fcr Prozessrecht unterst\u00fctzt Sie vor Schweizer Gerichten und Beh\u00f6rden<\/a><\/li><li><a href=\"#h-hier-finden-sie-ihren-anwalt-f-r-prozessrecht-in-z-rich-routenplaner\" data-level=\"2\">Hier finden Sie Ihren Anwalt f\u00fcr Prozessrecht in Z\u00fcrich \u2013 Routenplaner<\/a><\/li><li><a href=\"#h-ffnungszeiten-telefonische-erreichbarkeit-ihres-anwaltes-f-r-prozessrecht\" data-level=\"2\">\u00d6ffnungszeiten &#8211; telefonische Erreichbarkeit Ihres Anwaltes f\u00fcr Prozessrecht<\/a><\/li><\/ul><\/div>\n\n\n\n<p>Prinzipiell ist es das Ziel wohl der meisten Personen, Streitigkeiten beizulegen, auszudiskutieren und eine L\u00f6sung zu finden. Manchmal ist dies nur m\u00f6glich, wenn eine fachkundige dritte Person, etwa ein Rechtsanwalt, vermittelnd und aufkl\u00e4rend t\u00e4tig wird. Und in anderen F\u00e4llen mag die Situation so verfahren, die Rechtslage so streitig, oder ein anderer Grund vorliegen, weshalb der Gang vor ein Gericht gew\u00e4hlt werden muss. Auch das bedeutet noch nicht, dass keine g\u00fctliche Einigung erzielt werden kann, bloss ist nun ein Richter f\u00fcr die Vermittlung und Entscheidung zust\u00e4ndig. Wir haben jahrelange Erfahrung im Zivilprozessrecht, wenn es um <a href=\"https:\/\/www.anwalt-zuerich.attorney\/ch\/anwalt-scheidung\/\">Scheidungen<\/a>, <a href=\"https:\/\/www.anwalt-zuerich.attorney\/ch\/anwalt-erbrecht\/\">Erbstreitigkeiten<\/a>, Forderungen, Besitzst\u00f6rungen und dergleichen mehr, geht und unterst\u00fctzen Sie gerne bei Ihrem Anliegen. Wir nehmen uns dabei f\u00fcr Sie Zeit, besprechen in Ruhe die Situation, entwerfen eine Strategie und begleiten Sie bei allen n\u00f6tigen Schritten. Uns ist es dabei ein besonderes Anliegen, Ihnen zu jedem Zeitpunkt eine realistische Einsch\u00e4tzung der Lage zu zeigen, sodass Sie jederzeit Bescheid wissen, was gerade Sache ist.<\/p>\n\n\n\n<section id=\"section-533d2978-30ab-4e25-8e6e-4908786f0788\" class=\"wp-block-gutentor-divider section-533d2978-30ab-4e25-8e6e-4908786f0788 gutentor-element gutentor-section gutentor-divider text-center\"><div class=\"grid-container\"><div class=\"gutentor-divider-box\"><span><svg xmlns=\"http:\/\/www.w3.org\/2000\/svg\" viewBox=\"0 0 240 40\" preserveAspectRatio=\"none\"><path d=\"M56.2 20c5.3-.1 10.6-.2 16-.3l16-.2c10.6-.1 21.3-.1 31.9-.2 10.6.1 21.3 0 31.9.1l16 .2c5.3.1 10.6.2 16 .3-5.3.1-10.6.2-16 .3l-16 .2c-10.6.1-21.3.1-31.9.1-10.6-.1-21.3 0-31.9-.2l-16-.2c-5.4.1-10.7 0-16-.1z\"><\/path><\/svg><\/span><\/div><\/div><\/section>\n\n\n\n<h2 class=\"wp-block-heading\" id=\"h-ihr-anwalt-f-r-prozessrecht-unterst-tzt-sie-vor-schweizer-gerichten-und-beh-rden\">Ihr Anwalt f\u00fcr Prozessrecht unterst\u00fctzt Sie vor Schweizer Gerichten und Beh\u00f6rden<\/h2>\n\n\n\n<p>Ein Prozess oder Verfahren ist stark von Formalismen gepr\u00e4gt, wenn man etwa an die Form von Dokumenten oder die Einhaltung von Fristen denkt. Dies hat grosse Vorteile, weil etwa klar ist, auf welchem Wege man seine Anspr\u00fcche vorbringen kann, und wie der Verfahrensablauf genau ist. Auf der anderen Seite ist das f\u00fcr einen Laien meist schwer zu fassen und relativ viel Zeitaufwand. Wir \u00fcbernehmen daher f\u00fcr Sie die Vertretung vor diesen Beh\u00f6rden und Gerichten, haben alle Fristen im Blick, erhalten die Post, welche wir studieren und Ihnen weiterleiten. Dazu beurteilen wir stets die aktuelle Lage, geben Ihnen eine Einsch\u00e4tzung zu den Chancen und schlagen Handlungsoptionen vor. Unsere Richtschnur ist dabei stets Ihr Wille. Wenn Sie sich aussergerichtlich einigen m\u00f6chten, so werden wir alles tun, dies zu erreichen. Wollen Sie hingegen prozessieren, so geben wir unser Bestes, die f\u00fcr Sie beste Situation zu erreichen. Dabei ist uns ein besonderes Anliegen, dass alle Schritte immer eng abgestimmt und abgesprochen sind, so erhalten Sie jedes Schreiben vor dem Absenden zur Durchsicht und f\u00fcr Feedback.<\/p>\n\n\n\n<div class=\"wp-block-image\"><figure class=\"aligncenter size-full\"><img decoding=\"async\" width=\"468\" height=\"468\" src=\"https:\/\/www.anwalt-zuerich.attorney\/ch\/wp-content\/uploads\/2019\/12\/cropped-Screenshot-2017-08-02-12.01.07.png\" alt=\"Anwalt Prozessrecht Z\u00fcrich\" class=\"wp-image-953\" srcset=\"https:\/\/www.anwalt-zuerich.attorney\/ch\/wp-content\/uploads\/2019\/12\/cropped-Screenshot-2017-08-02-12.01.07.png 468w, https:\/\/www.anwalt-zuerich.attorney\/ch\/wp-content\/uploads\/2019\/12\/cropped-Screenshot-2017-08-02-12.01.07-300x300.png 300w, https:\/\/www.anwalt-zuerich.attorney\/ch\/wp-content\/uploads\/2019\/12\/cropped-Screenshot-2017-08-02-12.01.07-150x150.png 150w\" sizes=\"(max-width: 468px) 100vw, 468px\" \/><figcaption>Anwalt Prozessrecht Z\u00fcrich<\/figcaption><\/figure><\/div>\n\n\n\n<section id=\"section-c7bd8a76-f563-44c8-8100-bd0649e24fb7\" class=\"wp-block-gutentor-divider section-c7bd8a76-f563-44c8-8100-bd0649e24fb7 gutentor-element gutentor-section gutentor-divider text-center\"><div class=\"grid-container\"><div class=\"gutentor-divider-box\"><span><svg xmlns=\"http:\/\/www.w3.org\/2000\/svg\" viewBox=\"0 0 240 40\" preserveAspectRatio=\"none\"><path d=\"M56.2 20c5.3-.1 10.6-.2 16-.3l16-.2c10.6-.1 21.3-.1 31.9-.2 10.6.1 21.3 0 31.9.1l16 .2c5.3.1 10.6.2 16 .3-5.3.1-10.6.2-16 .3l-16 .2c-10.6.1-21.3.1-31.9.1-10.6-.1-21.3 0-31.9-.2l-16-.2c-5.4.1-10.7 0-16-.1z\"><\/path><\/svg><\/span><\/div><\/div><\/section>\n\n\n<p class='wp-call-button-block-button wp-call-button-block-button-center'><a class='wp-call-button-in-btn' href='tel:+41435450150' style='background-color:#3b5998' ><svg x=\"0px\" y=\"0px\" width=\"459px\" height=\"459px\" viewBox=\"0 0 459 459\">\r\n\t\t\t\t<path\r\n\t\t\t\t\td=\"M91.8,198.9c35.7,71.4,96.9,130.05,168.3,168.3L316.2,311.1c7.649-7.649,17.85-10.199,25.5-5.1c28.05,10.2,58.649,15.3,91.8,15.3c15.3,0,25.5,10.2,25.5,25.5v86.7c0,15.3-10.2,25.5-25.5,25.5C193.8,459,0,265.2,0,25.5C0,10.2,10.2,0,25.5,0h89.25c15.3,0,25.5,10.2,25.5,25.5c0,30.6,5.1,61.2,15.3,91.8c2.55,7.65,0,17.85-5.1,25.5L91.8,198.9z\"\r\n\t\t\t\t\/>\r\n\t\t\t<\/svg> +41 43 545 01 50<\/a><\/p>\n\n\n<p><br><\/p>\n\n\n\n<section id=\"section-66f03586-033b-4f7d-940f-5838d0ff7f82\" class=\"wp-block-gutentor-divider section-66f03586-033b-4f7d-940f-5838d0ff7f82 gutentor-element gutentor-section gutentor-divider text-center\"><div class=\"grid-container\"><div class=\"gutentor-divider-box\"><span><svg xmlns=\"http:\/\/www.w3.org\/2000\/svg\" viewBox=\"0 0 240 40\" preserveAspectRatio=\"none\"><path d=\"M56.2 20c5.3-.1 10.6-.2 16-.3l16-.2c10.6-.1 21.3-.1 31.9-.2 10.6.1 21.3 0 31.9.1l16 .2c5.3.1 10.6.2 16 .3-5.3.1-10.6.2-16 .3l-16 .2c-10.6.1-21.3.1-31.9.1-10.6-.1-21.3 0-31.9-.2l-16-.2c-5.4.1-10.7 0-16-.1z\"><\/path><\/svg><\/span><\/div><\/div><\/section>\n\n\n\n<h2 class=\"wp-block-heading\" id=\"h-hier-finden-sie-ihren-anwalt-f-r-prozessrecht-in-z-rich-routenplaner\">Hier finden Sie Ihren Anwalt f\u00fcr Prozessrecht in Z\u00fcrich \u2013 Routenplaner<\/h2>\n\n\n\n<div class=\"wp-block-yoast-seo-local-map\"><div id=\"map_canvas\" class=\"wpseo-map-canvas\" style=\"max-width: 100%; width: 1000px; height: 255px;\"><ul><li><a href=\"https:\/\/www.anwalt-zuerich.attorney\/ch\/\">Anwaltskanzlei Zuerich<\/a><\/li><\/ul><\/div><div id=\"wpseo-directions-wrapper\"><h3 id=\"wpseo-directions\" class=\"wpseo-directions-heading\">Route<\/h3><form action=\"\" method=\"post\" class=\"wpseo-directions-form\" id=\"wpseo-directions-form\" onsubmit=\"wpseo_calculate_route( wpseoMapOptions[0].map, wpseoMapOptions[0].directionsDisplay, wpseoMapOptions[0].mapVars[0], wpseoMapOptions[0].mapVars[1], 0); return false;\"><p>Deine Adresse: <input type=\"text\" size=\"20\" id=\"origin\" value=\"\" \/><input type=\"submit\" class=\"wpseo-directions-submit\" value=\"Zeige Route\"><span id=\"wpseo-noroute\" style=\"display: none;\">Es konnte keine Route berechnet werden.<\/span><\/p><\/form><div id=\"directions\"><\/div><\/div><\/div>\n\n\n\n<section id=\"section-a34f7ef3-99be-4790-839c-841a6b480725\" class=\"wp-block-gutentor-divider section-a34f7ef3-99be-4790-839c-841a6b480725 gutentor-element gutentor-section gutentor-divider text-center\"><div class=\"grid-container\"><div class=\"gutentor-divider-box\"><span><svg xmlns=\"http:\/\/www.w3.org\/2000\/svg\" viewBox=\"0 0 240 40\" preserveAspectRatio=\"none\"><path d=\"M56.2 20c5.3-.1 10.6-.2 16-.3l16-.2c10.6-.1 21.3-.1 31.9-.2 10.6.1 21.3 0 31.9.1l16 .2c5.3.1 10.6.2 16 .3-5.3.1-10.6.2-16 .3l-16 .2c-10.6.1-21.3.1-31.9.1-10.6-.1-21.3 0-31.9-.2l-16-.2c-5.4.1-10.7 0-16-.1z\"><\/path><\/svg><\/span><\/div><\/div><\/section>\n\n\n\n<div class=\"wp-block-yoast-seo-local-address\"><div id=\"wpseo_location-\" class=\"wpseo-location\"><h3><span class=\"wpseo-business-name\">Anwaltskanzlei Zuerich<\/span><\/h3><div class=\"wpseo-address-wrapper\"><div class=\"street-address\">L\u00f6wenstrasse 43<\/div><span class=\"locality\"> Z\u00fcrich<\/span><\/div><span class=\"wpseo-phone\">Telefon: <a href=\"tel:+41435450150\" class=\"tel\"><span>+41435450150<\/span><\/a><\/span><br\/><span class=\"wpseo-email\">E-Mail: <a href=\"mailto:&#105;n&#102;o&#064;&#119;&#105;&#116;&#116;&#105;&#098;-law.c&#104;\">&#105;n&#102;&#111;&#64;wi&#116;&#116;i&#98;-&#108;a&#119;.ch<\/a><\/span><br\/><\/div><\/div>\n\n\n\n<section id=\"section-49ed6ec4-9dbd-4a93-b927-e3f71ee0cdb3\" class=\"wp-block-gutentor-divider section-49ed6ec4-9dbd-4a93-b927-e3f71ee0cdb3 gutentor-element gutentor-section gutentor-divider text-center\"><div class=\"grid-container\"><div class=\"gutentor-divider-box\"><span><svg xmlns=\"http:\/\/www.w3.org\/2000\/svg\" viewBox=\"0 0 240 40\" preserveAspectRatio=\"none\"><path d=\"M56.2 20c5.3-.1 10.6-.2 16-.3l16-.2c10.6-.1 21.3-.1 31.9-.2 10.6.1 21.3 0 31.9.1l16 .2c5.3.1 10.6.2 16 .3-5.3.1-10.6.2-16 .3l-16 .2c-10.6.1-21.3.1-31.9.1-10.6-.1-21.3 0-31.9-.2l-16-.2c-5.4.1-10.7 0-16-.1z\"><\/path><\/svg><\/span><\/div><\/div><\/section>\n\n\n\n<h2 class=\"wp-block-heading\" id=\"h-ffnungszeiten-telefonische-erreichbarkeit-ihres-anwaltes-f-r-prozessrecht\">\u00d6ffnungszeiten &#8211; telefonische Erreichbarkeit Ihres Anwaltes f\u00fcr Prozessrecht<\/h2>\n\n\n\n<div class=\"wp-block-yoast-seo-local-opening-hours\"><div class=\"wpseo-opening-hours-wrapper\"><table class=\"wpseo-opening-hours\" id =\"wpseo-opening-hours-\"><tr><td class=\"day\">Montag<\/td><td class=\"time\"><span>8:00 AM - 5:00 PM<\/span><\/td><\/tr><tr><td class=\"day\">Dienstag<\/td><td class=\"time\"><span>8:00 AM - 5:00 PM<\/span><\/td><\/tr><tr><td class=\"day\">Mittwoch<\/td><td class=\"time\"><span>8:00 AM - 5:00 PM<\/span><\/td><\/tr><tr><td class=\"day\">Donnerstag<\/td><td class=\"time\"><span>8:00 AM - 5:00 PM<\/span><\/td><\/tr><tr><td class=\"day\">Freitag<\/td><td class=\"time\"><span>8:00 AM - 5:00 PM<\/span><\/td><\/tr><tr><td class=\"day\">Samstag<\/td><td class=\"time\">Geschlossen<\/td><\/tr><tr><td class=\"day\">Sonntag<\/td><td class=\"time\">Geschlossen<\/td><\/tr><\/table><\/div><\/div>\n\n\n\n<section id=\"section-f2dd4b13-c764-4589-9abc-3fb6161d82f6\" class=\"wp-block-gutentor-divider section-f2dd4b13-c764-4589-9abc-3fb6161d82f6 gutentor-element gutentor-section gutentor-divider text-center\"><div class=\"grid-container\"><div class=\"gutentor-divider-box\"><span><svg xmlns=\"http:\/\/www.w3.org\/2000\/svg\" viewBox=\"0 0 240 40\" preserveAspectRatio=\"none\"><path d=\"M56.2 20c5.3-.1 10.6-.2 16-.3l16-.2c10.6-.1 21.3-.1 31.9-.2 10.6.1 21.3 0 31.9.1l16 .2c5.3.1 10.6.2 16 .3-5.3.1-10.6.2-16 .3l-16 .2c-10.6.1-21.3.1-31.9.1-10.6-.1-21.3 0-31.9-.2l-16-.2c-5.4.1-10.7 0-16-.1z\"><\/path><\/svg><\/span><\/div><\/div><\/section>\n\n\n<p class='wp-call-button-block-button wp-call-button-block-button-center'><a class='wp-call-button-in-btn' href='tel:+41435450150' style='background-color:#3b5998' ><svg x=\"0px\" y=\"0px\" width=\"459px\" height=\"459px\" viewBox=\"0 0 459 459\">\r\n\t\t\t\t<path\r\n\t\t\t\t\td=\"M91.8,198.9c35.7,71.4,96.9,130.05,168.3,168.3L316.2,311.1c7.649-7.649,17.85-10.199,25.5-5.1c28.05,10.2,58.649,15.3,91.8,15.3c15.3,0,25.5,10.2,25.5,25.5v86.7c0,15.3-10.2,25.5-25.5,25.5C193.8,459,0,265.2,0,25.5C0,10.2,10.2,0,25.5,0h89.25c15.3,0,25.5,10.2,25.5,25.5c0,30.6,5.1,61.2,15.3,91.8c2.55,7.65,0,17.85-5.1,25.5L91.8,198.9z\"\r\n\t\t\t\t\/>\r\n\t\t\t<\/svg> +41 43 545 01 50<\/a><\/p>\n\n\n<section id=\"section-baf8b065-ab88-4662-9373-e1d8efb58944\" class=\"wp-block-gutentor-divider section-baf8b065-ab88-4662-9373-e1d8efb58944 gutentor-element gutentor-section gutentor-divider text-center\"><div class=\"grid-container\"><div class=\"gutentor-divider-box\"><span><svg xmlns=\"http:\/\/www.w3.org\/2000\/svg\" viewBox=\"0 0 240 40\" preserveAspectRatio=\"none\"><path d=\"M56.2 20c5.3-.1 10.6-.2 16-.3l16-.2c10.6-.1 21.3-.1 31.9-.2 10.6.1 21.3 0 31.9.1l16 .2c5.3.1 10.6.2 16 .3-5.3.1-10.6.2-16 .3l-16 .2c-10.6.1-21.3.1-31.9.1-10.6-.1-21.3 0-31.9-.2l-16-.2c-5.4.1-10.7 0-16-.1z\"><\/path><\/svg><\/span><\/div><\/div><\/section>\n\n\n\n<p id=\"h-als-anw-ltin-expertin-f-r-internationales-privatrecht-auf-kabeleins\"><strong>ALS ANW\u00c4LTIN &amp; EXPERTIN F\u00dcR INTERNATIONALES PRIVATRECHT AUF KABELEINS<\/strong><\/p>\n\n\n\n<p><strong>Achtung Abzocke<\/strong> geh\u00f6rt zu den erfolgreichsten Sendungen auf Kabeleins. Der beliebte <strong>TV-Moderator Peter Giesel<\/strong> l\u00e4sst sich umfassend von <strong>Stanislava Wittibschlager<\/strong> beraten. Auch im <a href=\"https:\/\/www.wittib-law.ch\/Anwaltskanzlei-in-zuerich\/?s=vertragsrecht\">Vertragsrecht<\/a> kann unser Anwalt Ihnen helfen.<\/p>\n\n\n\n<figure class=\"wp-block-embed aligncenter is-type-video is-provider-youtube wp-block-embed-youtube wp-embed-aspect-16-9 wp-has-aspect-ratio\"><div class=\"wp-block-embed__wrapper\">\n<iframe title=\"Krumme Gesch\u00e4fte: E-Bike-Verk\u00e4ufer verpfeift Ex-Gesch\u00e4ftspartner| 2\/3 | Achtung Abzocke | Kabel Eins\" width=\"550\" height=\"309\" src=\"https:\/\/www.youtube.com\/embed\/34dHcfpV3QQ?start=41&#038;feature=oembed\" frameborder=\"0\" allow=\"accelerometer; autoplay; clipboard-write; encrypted-media; gyroscope; picture-in-picture; web-share\" referrerpolicy=\"strict-origin-when-cross-origin\" allowfullscreen><\/iframe>\n<\/div><figcaption><strong>TV-Moderator Peter Giesel<\/strong> stellt Stanislava Wittibschlager Fragen zum Schweizer Insolvenzrecht. <\/figcaption><\/figure>\n\n\n\n<p>Weitere Infos<\/p>\n\n\n\n<ul class=\"wp-block-yoast-seo-related-links\"><li><a href=\"https:\/\/www.anwalt-zuerich.attorney\/ch\/anwalt-anwaeltin-fuer-strafrecht\/\">Anwalt | Anw\u00e4ltin f\u00fcr Strafrecht<\/a><\/li><li><a href=\"https:\/\/www.anwalt-zuerich.attorney\/ch\/unentgeltliche-prozessfuehrung-und-verbeistaendung\/\">Unentgeltliche Prozessf\u00fchrung und Verbeist\u00e4ndung<\/a><\/li><li><a href=\"https:\/\/www.anwalt-zuerich.attorney\/ch\/anwalt-anwaeltin-fuer-kindes-und-erwachsenenschutz\/\">Anwalt | Anw\u00e4ltin f\u00fcr  Kindesschutz und Erwachsenenschutz<\/a><\/li><\/ul>\n<div style='text-align:center' class='yasr-auto-insert-visitor'><\/div>","protected":false},"excerpt":{"rendered":"<p>Ihr Prozessanwalt Suchen Sie einen Anwalt f\u00fcr Prozessrecht? Prinzipiell ist es das Ziel wohl der meisten Personen, Streitigkeiten beizulegen, auszudiskutieren und eine L\u00f6sung zu finden. Manchmal ist dies nur m\u00f6glich, wenn eine fachkundige dritte Person, etwa ein Rechtsanwalt, vermittelnd und aufkl\u00e4rend t\u00e4tig wird. Und in anderen F\u00e4llen mag die Situation so verfahren, die Rechtslage so [&hellip;]<\/p>\n","protected":false},"author":1,"featured_media":603,"comment_status":"closed","ping_status":"closed","sticky":false,"template":"","format":"standard","meta":{"yasr_overall_rating":0,"yasr_post_is_review":"","yasr_auto_insert_disabled":"","yasr_review_type":"","footnotes":""},"categories":[1],"tags":[],"class_list":["post-1642","post","type-post","status-publish","format-standard","has-post-thumbnail","hentry","category-anwalt-zuerich"],"yasr_visitor_votes":{"stars_attributes":{"read_only":true,"span_bottom":"<div class='yasr-small-block-bold'><span class='yasr-visitor-votes-must-sign-in'>99% zufriedene Nutzer \/ Durchschnittsbewertungen unserer Klienten<\/span><\/div>"},"number_of_votes":62,"sum_votes":308},"gutentor_comment":9,"yoast_head":"<!-- This site is optimized with the Yoast SEO Premium plugin v26.4 (Yoast SEO v26.4) - https:\/\/yoast.com\/wordpress\/plugins\/seo\/ -->\n<title>Anwalt f\u00fcr Prozessrecht: \u2713 Privatrecht \u2713 Strafrecht \u2713 Verwaltungsrecht<\/title>\n<meta name=\"description\" content=\"Anwalt f\u00fcr Prozessrecht: \u2713 Prozessf\u00fchrung \u2713 Vertretung vor Beh\u00f6rden, Gerichten \u2713 privat-, straf- und \u00f6ffentlichrechtlichen Streitigkeiten\" \/>\n<meta name=\"robots\" content=\"index, follow, max-snippet:-1, max-image-preview:large, max-video-preview:-1\" \/>\n<link rel=\"canonical\" href=\"https:\/\/www.anwalt-zuerich.attorney\/ch\/anwalt-anwaeltin-fuer-prozessrecht\/\" \/>\n<meta property=\"og:locale\" content=\"de_DE\" \/>\n<meta property=\"og:type\" content=\"article\" \/>\n<meta property=\"og:title\" content=\"Anwalt f\u00fcr Prozessrecht: \u2713 Privatrecht \u2713 Strafrecht \u2713 Verwaltungsrecht\" \/>\n<meta property=\"og:description\" content=\"Anwalt f\u00fcr Prozessrecht: \u2713 Prozessf\u00fchrung \u2713 Vertretung vor Beh\u00f6rden, Gerichten \u2713 privat-, straf- und \u00f6ffentlichrechtlichen Streitigkeiten\" \/>\n<meta property=\"og:url\" content=\"https:\/\/www.anwalt-zuerich.attorney\/ch\/anwalt-anwaeltin-fuer-prozessrecht\/\" \/>\n<meta property=\"og:site_name\" content=\"Anwalt Z\u00fcrich\" \/>\n<meta property=\"article:publisher\" content=\"https:\/\/www.facebook.com\/Anwalt-f%c3%bcr-Familienrech-Arbeitsrecht-und-Scheidungsrecht-Z%c3%bcrich-2016470341934582\" \/>\n<meta property=\"article:published_time\" content=\"2020-05-29T13:37:29+00:00\" \/>\n<meta property=\"article:modified_time\" content=\"2021-12-13T15:05:39+00:00\" \/>\n<meta property=\"og:image\" content=\"https:\/\/www.anwalt-zuerich.attorney\/ch\/wp-content\/uploads\/2019\/12\/Screenshot-2019-03-12-10.12.13.png\" \/>\n\t<meta property=\"og:image:width\" content=\"1648\" \/>\n\t<meta property=\"og:image:height\" content=\"681\" \/>\n\t<meta property=\"og:image:type\" content=\"image\/png\" \/>\n<meta name=\"author\" content=\"Anwalt Zuerich\" \/>\n<meta name=\"twitter:card\" content=\"summary_large_image\" \/>\n<meta name=\"twitter:title\" content=\"Anwalt f\u00fcr Prozessrecht: \u2713 Privatrecht \u2713 Strafrecht \u2713 Verwaltungsrecht\" \/>\n<meta name=\"twitter:description\" content=\"Anwalt f\u00fcr Prozessrecht: \u2713 Prozessf\u00fchrung \u2713 Vertretung vor Beh\u00f6rden, Gerichten \u2713 privat-, straf- und \u00f6ffentlichrechtlichen Streitigkeiten\" \/>\n<meta name=\"twitter:label1\" content=\"Verfasst von\" \/>\n\t<meta name=\"twitter:data1\" content=\"Anwalt Zuerich\" \/>\n\t<meta name=\"twitter:label2\" content=\"Gesch\u00e4tzte Lesezeit\" \/>\n\t<meta name=\"twitter:data2\" content=\"3\u00a0Minuten\" \/>\n<meta name=\"geo.placename\" content=\"Z\u00fcrich\" \/>\n<meta name=\"geo.position\" content=\"47.37554931640625;8.53688907623291\" \/>\n<meta name=\"geo.region\" content=\"Schweiz\" \/>\n<!-- \/ Yoast SEO Premium plugin. -->","yoast_head_json":{"title":"Anwalt f\u00fcr Prozessrecht: \u2713 Privatrecht \u2713 Strafrecht \u2713 Verwaltungsrecht","description":"Anwalt f\u00fcr Prozessrecht: \u2713 Prozessf\u00fchrung \u2713 Vertretung vor Beh\u00f6rden, Gerichten \u2713 privat-, straf- und \u00f6ffentlichrechtlichen Streitigkeiten","robots":{"index":"index","follow":"follow","max-snippet":"max-snippet:-1","max-image-preview":"max-image-preview:large","max-video-preview":"max-video-preview:-1"},"canonical":"https:\/\/www.anwalt-zuerich.attorney\/ch\/anwalt-anwaeltin-fuer-prozessrecht\/","og_locale":"de_DE","og_type":"article","og_title":"Anwalt f\u00fcr Prozessrecht: \u2713 Privatrecht \u2713 Strafrecht \u2713 Verwaltungsrecht","og_description":"Anwalt f\u00fcr Prozessrecht: \u2713 Prozessf\u00fchrung \u2713 Vertretung vor Beh\u00f6rden, Gerichten \u2713 privat-, straf- und \u00f6ffentlichrechtlichen Streitigkeiten","og_url":"https:\/\/www.anwalt-zuerich.attorney\/ch\/anwalt-anwaeltin-fuer-prozessrecht\/","og_site_name":"Anwalt Z\u00fcrich","article_publisher":"https:\/\/www.facebook.com\/Anwalt-f%c3%bcr-Familienrech-Arbeitsrecht-und-Scheidungsrecht-Z%c3%bcrich-2016470341934582","article_published_time":"2020-05-29T13:37:29+00:00","article_modified_time":"2021-12-13T15:05:39+00:00","og_image":[{"width":1648,"height":681,"url":"https:\/\/www.anwalt-zuerich.attorney\/ch\/wp-content\/uploads\/2019\/12\/Screenshot-2019-03-12-10.12.13.png","type":"image\/png"}],"author":"Anwalt Zuerich","twitter_card":"summary_large_image","twitter_title":"Anwalt f\u00fcr Prozessrecht: \u2713 Privatrecht \u2713 Strafrecht \u2713 Verwaltungsrecht","twitter_description":"Anwalt f\u00fcr Prozessrecht: \u2713 Prozessf\u00fchrung \u2713 Vertretung vor Beh\u00f6rden, Gerichten \u2713 privat-, straf- und \u00f6ffentlichrechtlichen Streitigkeiten","twitter_misc":{"Verfasst von":"Anwalt Zuerich","Gesch\u00e4tzte Lesezeit":"3\u00a0Minuten"},"schema":{"@context":"https:\/\/schema.org","@graph":[{"@type":"Article","@id":"https:\/\/www.anwalt-zuerich.attorney\/ch\/anwalt-anwaeltin-fuer-prozessrecht\/#article","isPartOf":{"@id":"https:\/\/www.anwalt-zuerich.attorney\/ch\/anwalt-anwaeltin-fuer-prozessrecht\/"},"author":{"name":"Anwalt Zuerich","@id":"https:\/\/www.anwalt-zuerich.attorney\/ch\/#\/schema\/person\/95f940152c58e99e980bf0fb13e9f1c1"},"headline":"Anwalt Prozessrecht","datePublished":"2020-05-29T13:37:29+00:00","dateModified":"2021-12-13T15:05:39+00:00","mainEntityOfPage":{"@id":"https:\/\/www.anwalt-zuerich.attorney\/ch\/anwalt-anwaeltin-fuer-prozessrecht\/"},"wordCount":637,"publisher":{"@id":"https:\/\/www.anwalt-zuerich.attorney\/ch\/#organization"},"image":{"@id":"https:\/\/www.anwalt-zuerich.attorney\/ch\/anwalt-anwaeltin-fuer-prozessrecht\/#primaryimage"},"thumbnailUrl":"https:\/\/www.anwalt-zuerich.attorney\/ch\/wp-content\/uploads\/2019\/12\/Screenshot-2019-03-12-10.12.13.png","articleSection":["Anwalt Z\u00fcrich"],"inLanguage":"de","accessibilityFeature":["tableOfContents"]},{"@type":"WebPage","@id":"https:\/\/www.anwalt-zuerich.attorney\/ch\/anwalt-anwaeltin-fuer-prozessrecht\/","url":"https:\/\/www.anwalt-zuerich.attorney\/ch\/anwalt-anwaeltin-fuer-prozessrecht\/","name":"Anwalt f\u00fcr Prozessrecht: \u2713 Privatrecht \u2713 Strafrecht \u2713 Verwaltungsrecht","isPartOf":{"@id":"https:\/\/www.anwalt-zuerich.attorney\/ch\/#website"},"primaryImageOfPage":{"@id":"https:\/\/www.anwalt-zuerich.attorney\/ch\/anwalt-anwaeltin-fuer-prozessrecht\/#primaryimage"},"image":{"@id":"https:\/\/www.anwalt-zuerich.attorney\/ch\/anwalt-anwaeltin-fuer-prozessrecht\/#primaryimage"},"thumbnailUrl":"https:\/\/www.anwalt-zuerich.attorney\/ch\/wp-content\/uploads\/2019\/12\/Screenshot-2019-03-12-10.12.13.png","datePublished":"2020-05-29T13:37:29+00:00","dateModified":"2021-12-13T15:05:39+00:00","description":"Anwalt f\u00fcr Prozessrecht: \u2713 Prozessf\u00fchrung \u2713 Vertretung vor Beh\u00f6rden, Gerichten \u2713 privat-, straf- und \u00f6ffentlichrechtlichen Streitigkeiten","breadcrumb":{"@id":"https:\/\/www.anwalt-zuerich.attorney\/ch\/anwalt-anwaeltin-fuer-prozessrecht\/#breadcrumb"},"inLanguage":"de","potentialAction":[{"@type":"ReadAction","target":["https:\/\/www.anwalt-zuerich.attorney\/ch\/anwalt-anwaeltin-fuer-prozessrecht\/"]}]},{"@type":"ImageObject","inLanguage":"de","@id":"https:\/\/www.anwalt-zuerich.attorney\/ch\/anwalt-anwaeltin-fuer-prozessrecht\/#primaryimage","url":"https:\/\/www.anwalt-zuerich.attorney\/ch\/wp-content\/uploads\/2019\/12\/Screenshot-2019-03-12-10.12.13.png","contentUrl":"https:\/\/www.anwalt-zuerich.attorney\/ch\/wp-content\/uploads\/2019\/12\/Screenshot-2019-03-12-10.12.13.png","width":1648,"height":681,"caption":"Anwalt Eherecht Eheschutz"},{"@type":"BreadcrumbList","@id":"https:\/\/www.anwalt-zuerich.attorney\/ch\/anwalt-anwaeltin-fuer-prozessrecht\/#breadcrumb","itemListElement":[{"@type":"ListItem","position":1,"name":"Home","item":"https:\/\/www.anwalt-zuerich.attorney\/ch\/"},{"@type":"ListItem","position":2,"name":"Anwalt Prozessrecht"}]},{"@type":"WebSite","@id":"https:\/\/www.anwalt-zuerich.attorney\/ch\/#website","url":"https:\/\/www.anwalt-zuerich.attorney\/ch\/","name":"Anwalt Z\u00fcrich","description":"Anwalt f\u00fcr \u2713 Arbeitsrecht \u2713 Erbrecht \u2713 Familienrecht \u2713  Verwaltungsrecht  \u2713 Wirtschaftsrecht \u2713 Privatrecht \u2713 Handelsrecht","publisher":{"@id":"https:\/\/www.anwalt-zuerich.attorney\/ch\/#organization"},"potentialAction":[{"@type":"SearchAction","target":{"@type":"EntryPoint","urlTemplate":"https:\/\/www.anwalt-zuerich.attorney\/ch\/?s={search_term_string}"},"query-input":{"@type":"PropertyValueSpecification","valueRequired":true,"valueName":"search_term_string"}}],"inLanguage":"de"},{"@type":["Organization","Place"],"@id":"https:\/\/www.anwalt-zuerich.attorney\/ch\/#organization","name":"Anwaltskanzlei Zuerich","url":"https:\/\/www.anwalt-zuerich.attorney\/ch\/","logo":{"@id":"https:\/\/www.anwalt-zuerich.attorney\/ch\/anwalt-anwaeltin-fuer-prozessrecht\/#local-main-organization-logo"},"image":{"@id":"https:\/\/www.anwalt-zuerich.attorney\/ch\/anwalt-anwaeltin-fuer-prozessrecht\/#local-main-organization-logo"},"sameAs":["https:\/\/www.facebook.com\/Anwalt-f\u00fcr-Familienrech-Arbeitsrecht-und-Scheidungsrecht-Z\u00fcrich-2016470341934582"],"address":{"@id":"https:\/\/www.anwalt-zuerich.attorney\/ch\/anwalt-anwaeltin-fuer-prozessrecht\/#local-main-place-address"},"geo":{"@type":"GeoCoordinates","latitude":"47.37554931640625","longitude":"8.53688907623291"},"telephone":["+41435450150"],"openingHoursSpecification":[{"@type":"OpeningHoursSpecification","dayOfWeek":["Monday","Tuesday","Wednesday","Thursday","Friday"],"opens":"08:00","closes":"17:00"},{"@type":"OpeningHoursSpecification","dayOfWeek":["Saturday","Sunday"],"opens":"00:00","closes":"00:00"}],"email":"info@wittib-law.ch"},{"@type":"Person","@id":"https:\/\/www.anwalt-zuerich.attorney\/ch\/#\/schema\/person\/95f940152c58e99e980bf0fb13e9f1c1","name":"Anwalt Zuerich","image":{"@type":"ImageObject","inLanguage":"de","@id":"https:\/\/www.anwalt-zuerich.attorney\/ch\/#\/schema\/person\/image\/","url":"https:\/\/secure.gravatar.com\/avatar\/42daca3ba25e2656c8a93581cdf1443d649767a7cbec9c51a67a8fd9baded316?s=96&d=mm&r=g","contentUrl":"https:\/\/secure.gravatar.com\/avatar\/42daca3ba25e2656c8a93581cdf1443d649767a7cbec9c51a67a8fd9baded316?s=96&d=mm&r=g","caption":"Anwalt Zuerich"}},{"@type":"PostalAddress","@id":"https:\/\/www.anwalt-zuerich.attorney\/ch\/anwalt-anwaeltin-fuer-prozessrecht\/#local-main-place-address","streetAddress":"L\u00f6wenstrasse 43","addressLocality":"Z\u00fcrich","postalCode":"8001","addressCountry":"CH"},{"@type":"ImageObject","inLanguage":"de","@id":"https:\/\/www.anwalt-zuerich.attorney\/ch\/anwalt-anwaeltin-fuer-prozessrecht\/#local-main-organization-logo","url":"https:\/\/www.anwalt-zuerich.attorney\/ch\/wp-content\/uploads\/2019\/02\/Anwaltskanzlei-Wittibschlager.jpg","contentUrl":"https:\/\/www.anwalt-zuerich.attorney\/ch\/wp-content\/uploads\/2019\/02\/Anwaltskanzlei-Wittibschlager.jpg","width":555,"height":176,"caption":"Anwaltskanzlei Zuerich"},false]},"geo.placename":"Z\u00fcrich","geo.position":{"lat":"47.37554931640625","long":"8.53688907623291"},"geo.region":"Schweiz"},"_links":{"self":[{"href":"https:\/\/www.anwalt-zuerich.attorney\/ch\/wp-json\/wp\/v2\/posts\/1642","targetHints":{"allow":["GET"]}}],"collection":[{"href":"https:\/\/www.anwalt-zuerich.attorney\/ch\/wp-json\/wp\/v2\/posts"}],"about":[{"href":"https:\/\/www.anwalt-zuerich.attorney\/ch\/wp-json\/wp\/v2\/types\/post"}],"author":[{"embeddable":true,"href":"https:\/\/www.anwalt-zuerich.attorney\/ch\/wp-json\/wp\/v2\/users\/1"}],"replies":[{"embeddable":true,"href":"https:\/\/www.anwalt-zuerich.attorney\/ch\/wp-json\/wp\/v2\/comments?post=1642"}],"version-history":[{"count":53,"href":"https:\/\/www.anwalt-zuerich.attorney\/ch\/wp-json\/wp\/v2\/posts\/1642\/revisions"}],"predecessor-version":[{"id":10739,"href":"https:\/\/www.anwalt-zuerich.attorney\/ch\/wp-json\/wp\/v2\/posts\/1642\/revisions\/10739"}],"wp:featuredmedia":[{"embeddable":true,"href":"https:\/\/www.anwalt-zuerich.attorney\/ch\/wp-json\/wp\/v2\/media\/603"}],"wp:attachment":[{"href":"https:\/\/www.anwalt-zuerich.attorney\/ch\/wp-json\/wp\/v2\/media?parent=1642"}],"wp:term":[{"taxonomy":"category","embeddable":true,"href":"https:\/\/www.anwalt-zuerich.attorney\/ch\/wp-json\/wp\/v2\/categories?post=1642"},{"taxonomy":"post_tag","embeddable":true,"href":"https:\/\/www.anwalt-zuerich.attorney\/ch\/wp-json\/wp\/v2\/tags?post=1642"}],"curies":[{"name":"wp","href":"https:\/\/api.w.org\/{rel}","templated":true}]}}