{"id":235,"date":"2021-11-23T06:39:34","date_gmt":"2021-11-23T06:39:34","guid":{"rendered":"https:\/\/www.wittib-law.ch\/Anwaltskanzlei-in-zuerich\/?p=235"},"modified":"2021-12-22T08:31:28","modified_gmt":"2021-12-22T08:31:28","slug":"anwalt-anwaeltin-fuer-werkvertragsrecht","status":"publish","type":"post","link":"https:\/\/www.anwalt-zuerich.attorney\/ch\/anwalt-anwaeltin-fuer-werkvertragsrecht\/","title":{"rendered":"Anwalt Werkvertragsrecht"},"content":{"rendered":"\n<p class=\"yoast-reading-time__wrapper\"><span class=\"yoast-reading-time__icon\"><svg aria-hidden=\"true\" focusable=\"false\" data-icon=\"clock\" width=\"20\" height=\"20\" fill=\"none\" stroke=\"currentColor\" style=\"display:inline-block;vertical-align:-0.1em\" role=\"img\" xmlns=\"http:\/\/www.w3.org\/2000\/svg\" viewbox=\"0 0 24 24\"><path stroke-linecap=\"round\" stroke-linejoin=\"round\" stroke-width=\"2\" d=\"M12 8v4l3 3m6-3a9 9 0 11-18 0 9 9 0 0118 0z\"><\/path><\/svg><\/span><span class=\"yoast-reading-time__spacer\" style=\"display:inline-block;width:1em\"><\/span><span class=\"yoast-reading-time__descriptive-text\">Voraussichtliche Lesedauer:  <\/span><span class=\"yoast-reading-time__reading-time\">5<\/span><span class=\"yoast-reading-time__time-unit\"> Minuten<\/span><\/p>\n\n\n\n<h2 class=\"wp-block-heading\">Suchen Sie einen Anwalt f\u00fcr Werkvertragsrecht?<\/h2>\n\n\n\n<div class=\"wp-block-yoast-seo-table-of-contents yoast-table-of-contents\"><h2>Inhaltsverzeichnis<\/h2><ul><li><a href=\"#h-fragen-zu-kauf-und-werkvertragen-inkl-werklieferung\" data-level=\"2\">Fragen zu Kauf- und Werkvertragen (inkl. Werklieferung)<\/a><\/li><li><a href=\"#h-welche-pflichten-hat-der-werkunternehmer\" data-level=\"2\">Welche Pflichten hat der Werkunternehmer?<\/a><\/li><li><a href=\"#h-welche-rechte-und-pflichten-hat-der-werkbesteller\" data-level=\"2\">Welche Rechte und Pflichten hat der Werkbesteller?<\/a><\/li><li><a href=\"#h-hier-finden-sie-ihren-anwalt-f-r-werkvertragsrecht-in-z-rich-routenplaner\" data-level=\"2\">Hier finden Sie Ihren Anwalt f\u00fcr Werkvertragsrecht in Z\u00fcrich &#8211; Routenplaner<\/a><\/li><li><a href=\"#h-ffnungszeiten-und-telefonische-erreichbarkeit-ihrer-z-rcher-advokatur-f-r-werkvertragsrecht\" data-level=\"2\">\u00d6ffnungszeiten und telefonische Erreichbarkeit Ihrer Z\u00fcrcher Advokatur f\u00fcr Werkvertragsrecht<\/a><\/li><\/ul><\/div>\n\n\n\n<p>Der Werkvertrag ist im sogenannten Obligationenrecht (OR) in Art. 363 normiert. Klassischerweise beschreibt man den Werkvertrag als ein Rechtsgesch\u00e4ft zwischen dem Werkbesteller und dem Werkunternehmer, wobei der Werkunternehmer zur Herstellung eines Werkes (Errichtung eines Hauses, Herstellung eines Tisches, \u2026), und der Werkbesteller zur Bezahlung des vereinbarten oder angemessenen Entgelts verpflichtet ist. Oftmals kann aber die Abgrenzung oder Definition, was denn ein Kauf-, und was ein Werkvertrag ist, gar nicht so trivial sein. Diese Unterscheidung hat aber eine grosse Bedeutung, da ganz unterschiedliche Rechtsfolgen daran gekn\u00fcpft sind. Typischerweise ist ein Anhaltspunkt, ob es sich um einen Werk- oder Kaufvertrag handelt, ob die entsprechende Leistung erst f\u00fcr den K\u00e4ufer individuell hergestellt wurde. Ist das der Fall, ist in der Regel von einem Werkvertrag auszugehen. Der Kauf einer Hose von der Stange in einem Gesch\u00e4ft ist klassischerweise ein Kaufvertrag. Wenn Sie vor einer Zweifelsfrage stehen, oder Probleme sich ank\u00fcndigen, dann kontaktieren Sie rasch einen Anwalt, um bereits fr\u00fchzeitig mit der Probleml\u00f6sung anzufangen. Je fr\u00fcher man aktiv das Problemmanagement in Angriff nimmt, desto geringer sind meist die negativen Folgen. Unser Anwalt f\u00fcr Werkvertragsrecht ist f\u00fcr Sie da!<\/p>\n\n\n\n<p>Das gilt nicht nur, aber auch f\u00fcr die Formulierung von Werkvertr\u00e4gen, die gerade bei gr\u00f6sseren und komplexen Gesch\u00e4ften von Bedeutung ist. Unser Anwalt f\u00fcr Werkvertragsrecht unterst\u00fctzt Sie dabei gerne, weist auf die wichtigen Punkte hin und erstellt f\u00fcr Sie individuell angepasst einen Vertrag.<\/p>\n\n\n\n<section id=\"section-40bdd0ff-8457-4630-a451-c1860b08a246\" class=\"wp-block-gutentor-divider section-40bdd0ff-8457-4630-a451-c1860b08a246 gutentor-element gutentor-section gutentor-divider text-center\"><div class=\"grid-container\"><div class=\"gutentor-divider-box\"><span><svg xmlns=\"http:\/\/www.w3.org\/2000\/svg\" viewBox=\"0 0 240 40\" preserveAspectRatio=\"none\"><path d=\"M56.2 20c5.3-.1 10.6-.2 16-.3l16-.2c10.6-.1 21.3-.1 31.9-.2 10.6.1 21.3 0 31.9.1l16 .2c5.3.1 10.6.2 16 .3-5.3.1-10.6.2-16 .3l-16 .2c-10.6.1-21.3.1-31.9.1-10.6-.1-21.3 0-31.9-.2l-16-.2c-5.4.1-10.7 0-16-.1z\"><\/path><\/svg><\/span><\/div><\/div><\/section>\n\n\n\n<h2 class=\"wp-block-heading\" id=\"h-fragen-zu-kauf-und-werkvertragen-inkl-werklieferung\">Fragen zu Kauf- und Werkvertragen (inkl. Werklieferung)<\/h2>\n\n\n\n<p>Der geradezu klassische Fall im unternehmerischen Vertragsrecht ist die nicht vertragsgem\u00e4sse Erf\u00fcllung. Dabei kann es sich um die falsche Sache, einen versp\u00e4teten Zeitpunkt oder die Verwendung des falschen Materials handeln. Ganz gleich, weshalb der Vertrag nicht ordnungsgem\u00e4ss erf\u00fcllt wurde, in aller Regel stehen Ihnen rechtliche Instrumente offen, um diesen Nachteil auf Ihrer Seite auszugleichen. Unser Rat ist, stets umgehend einen Anwalt zu kontaktieren, da dieser einen \u00fcber die rechtliche Lage bzgl. Chancen und vor allem Fristen und Beweislasten aufkl\u00e4ren kann. Wir beraten und unterst\u00fctzen Sie gerne in Ihrem Fall. Wir beraten Sie aber auch gerne bei der Vertragsgestaltung, um zuk\u00fcnftigen, vergleichbaren Problemen vorzubeugen.<\/p>\n\n\n\n<section id=\"section-ad540fff-3893-42f1-a2d1-da6926a66403\" class=\"wp-block-gutentor-divider section-ad540fff-3893-42f1-a2d1-da6926a66403 gutentor-element gutentor-section gutentor-divider text-center\"><div class=\"grid-container\"><div class=\"gutentor-divider-box\"><span><svg xmlns=\"http:\/\/www.w3.org\/2000\/svg\" viewBox=\"0 0 240 40\" preserveAspectRatio=\"none\"><path d=\"M56.2 20c5.3-.1 10.6-.2 16-.3l16-.2c10.6-.1 21.3-.1 31.9-.2 10.6.1 21.3 0 31.9.1l16 .2c5.3.1 10.6.2 16 .3-5.3.1-10.6.2-16 .3l-16 .2c-10.6.1-21.3.1-31.9.1-10.6-.1-21.3 0-31.9-.2l-16-.2c-5.4.1-10.7 0-16-.1z\"><\/path><\/svg><\/span><\/div><\/div><\/section>\n\n\n\n<h2 class=\"wp-block-heading\" id=\"h-welche-pflichten-hat-der-werkunternehmer\">Welche Pflichten hat der Werkunternehmer?<\/h2>\n\n\n\n<p>Der Werkvertrag kann, so wie die meisten anderen Vertr\u00e4ge auch, grunds\u00e4tzlich formfrei abgeschlossen werden. Das hat zur Folge, dass auch m\u00fcndliche Abreden als Werkvertrag qualifiziert werden k\u00f6nnen. Es liegt auf der Hand, dass gerade dann Schwierigkeiten auftreten k\u00f6nnen. Die Grundannahme im Werkvertragsrecht ist, dass der Werkunternehmer pers\u00f6nlich und unter Verwendung der f\u00fcr die Herstellung geeigneten Mittel das Werk erstellt. Wenn der Unternehmer den Stoff, also bspw. das Holz f\u00fcr einen Tisch, bereitstellt, so haftet er f\u00fcr die Qualit\u00e4t und den einwandfreien Zustand, und muss dar\u00fcber hinaus Probleme, die w\u00e4hrend der Herstellung auftreten, dem Werkbesteller umgehend anzeigen. <\/p>\n\n\n\n<p>Unterl\u00e4sst man diese Informationsobliegenheit, so haftet man f\u00fcr die weiter aus diesem Problem entstandenen Sch\u00e4den. Es ist nat\u00fcrlich, dass nicht immer alles nach Plan l\u00e4uft und manchmal Probleme auftreten k\u00f6nnen. Wenn Sie in so einer Situation sind, z\u00f6gern Sie nicht, uns zu kontaktieren. Unser Anwalt f\u00fcr Werkvertragsrecht hilft Ihnen gerne weiter!<\/p>\n\n\n\n<figure class=\"wp-block-image size-large\"><img decoding=\"async\" width=\"1024\" height=\"372\" src=\"https:\/\/www.anwalt-zuerich.attorney\/ch\/wp-content\/uploads\/2019\/12\/Screenshot-2019-03-12-10.24.37-1024x372.png\" alt=\"Anwalt Werkvertragsrecht\" class=\"wp-image-650\" srcset=\"https:\/\/www.anwalt-zuerich.attorney\/ch\/wp-content\/uploads\/2019\/12\/Screenshot-2019-03-12-10.24.37-1024x372.png 1024w, https:\/\/www.anwalt-zuerich.attorney\/ch\/wp-content\/uploads\/2019\/12\/Screenshot-2019-03-12-10.24.37-300x109.png 300w, https:\/\/www.anwalt-zuerich.attorney\/ch\/wp-content\/uploads\/2019\/12\/Screenshot-2019-03-12-10.24.37-768x279.png 768w, https:\/\/www.anwalt-zuerich.attorney\/ch\/wp-content\/uploads\/2019\/12\/Screenshot-2019-03-12-10.24.37-1536x558.png 1536w, https:\/\/www.anwalt-zuerich.attorney\/ch\/wp-content\/uploads\/2019\/12\/Screenshot-2019-03-12-10.24.37.png 1880w\" sizes=\"(max-width: 1024px) 100vw, 1024px\" \/><figcaption><em>Ihr <strong>Anwalt f\u00fcr Werkvertragsrecht<\/strong> als kompetenter Ansprechpartner im Grossraum Z\u00fcrich!<\/em><\/figcaption><\/figure>\n\n\n\n<h2 class=\"wp-block-heading\" id=\"h-welche-rechte-und-pflichten-hat-der-werkbesteller\">Welche Rechte und Pflichten hat der Werkbesteller?<\/h2>\n\n\n\n<p>Die zentrale Verpflichtung des Werkbestellers besteht darin, die vereinbarte Summe Geld f\u00fcr die Herstellung des Werkes zu bezahlen, und wenn nichts vereinbart wurde, ein angemessenes Entgelt zu entrichten. Nun ist dies bei ordnungsgem\u00e4sser Erf\u00fcllung des Werkes v\u00f6llig unproblematisch. Haben Sie einen handgefertigten Tisch bei einem Schreiner in Auftrag gegeben, und liefert er wie vereinbart, so ist v\u00f6llig klar, dass der Schreiner Anspruch auf Bezahlung hat. Wenn aber bspw. ein kleiner Mangel vorliegt, weil etwa das verwendete \u00d6l nicht exakt dem des vertraglich vereinbarten entspricht, so stellt sich die Frage, ob dennoch das volle Entgelt zu bezahlen ist, oder ob gar ein Anspruch auf gew\u00e4hrleistungsrechtliche Verbesserung besteht. <\/p>\n\n\n\n<p>In diesen Fragen ist es immer sinnvoll, wenn es nicht um absolute Kleinbetr\u00e4ge geht, einen Anwalt f\u00fcr Werkvertragsrecht zu kontaktieren, um hier von Anfang an richtig zu handeln und keine Anspr\u00fcche zu verlieren. Im Detail stellen sich meist knifflige Fragen, welche mit Sachverstand und Erfahrung beurteilt werden m\u00fcssen.<\/p>\n\n\n\n<section id=\"section-cd043d70-280a-42ae-97d6-7c466d003820\" class=\"wp-block-gutentor-divider section-cd043d70-280a-42ae-97d6-7c466d003820 gutentor-element gutentor-section gutentor-divider text-center\"><div class=\"grid-container\"><div class=\"gutentor-divider-box\"><span><svg xmlns=\"http:\/\/www.w3.org\/2000\/svg\" viewBox=\"0 0 240 40\" preserveAspectRatio=\"none\"><path d=\"M56.2 20c5.3-.1 10.6-.2 16-.3l16-.2c10.6-.1 21.3-.1 31.9-.2 10.6.1 21.3 0 31.9.1l16 .2c5.3.1 10.6.2 16 .3-5.3.1-10.6.2-16 .3l-16 .2c-10.6.1-21.3.1-31.9.1-10.6-.1-21.3 0-31.9-.2l-16-.2c-5.4.1-10.7 0-16-.1z\"><\/path><\/svg><\/span><\/div><\/div><\/section>\n\n\n<p class='wp-call-button-block-button wp-call-button-block-button-center'><a class='wp-call-button-in-btn' href='tel:+41435450150' style='background-color:#3b5998' ><svg x=\"0px\" y=\"0px\" width=\"459px\" height=\"459px\" viewBox=\"0 0 459 459\">\r\n\t\t\t\t<path\r\n\t\t\t\t\td=\"M91.8,198.9c35.7,71.4,96.9,130.05,168.3,168.3L316.2,311.1c7.649-7.649,17.85-10.199,25.5-5.1c28.05,10.2,58.649,15.3,91.8,15.3c15.3,0,25.5,10.2,25.5,25.5v86.7c0,15.3-10.2,25.5-25.5,25.5C193.8,459,0,265.2,0,25.5C0,10.2,10.2,0,25.5,0h89.25c15.3,0,25.5,10.2,25.5,25.5c0,30.6,5.1,61.2,15.3,91.8c2.55,7.65,0,17.85-5.1,25.5L91.8,198.9z\"\r\n\t\t\t\t\/>\r\n\t\t\t<\/svg> +41 43 545 01 50<\/a><\/p>\n\n\n<section id=\"section-bdaff1fb-b4b6-4bff-ac5a-1695342dd0c6\" class=\"wp-block-gutentor-divider section-bdaff1fb-b4b6-4bff-ac5a-1695342dd0c6 gutentor-element gutentor-section gutentor-divider text-center\"><div class=\"grid-container\"><div class=\"gutentor-divider-box\"><span><svg xmlns=\"http:\/\/www.w3.org\/2000\/svg\" viewBox=\"0 0 240 40\" preserveAspectRatio=\"none\"><path d=\"M56.2 20c5.3-.1 10.6-.2 16-.3l16-.2c10.6-.1 21.3-.1 31.9-.2 10.6.1 21.3 0 31.9.1l16 .2c5.3.1 10.6.2 16 .3-5.3.1-10.6.2-16 .3l-16 .2c-10.6.1-21.3.1-31.9.1-10.6-.1-21.3 0-31.9-.2l-16-.2c-5.4.1-10.7 0-16-.1z\"><\/path><\/svg><\/span><\/div><\/div><\/section>\n\n\n\n<h2 class=\"wp-block-heading\" id=\"h-hier-finden-sie-ihren-anwalt-f-r-werkvertragsrecht-in-z-rich-routenplaner\">Hier finden Sie Ihren Anwalt f\u00fcr Werkvertragsrecht in Z\u00fcrich &#8211; Routenplaner<\/h2>\n\n\n\n<div class=\"wp-block-yoast-seo-local-map\"><div id=\"map_canvas\" class=\"wpseo-map-canvas\" style=\"max-width: 100%; width: 400px; height: 300px;\"><ul><li><a href=\"https:\/\/www.anwalt-zuerich.attorney\/ch\/\">Anwaltskanzlei Zuerich<\/a><\/li><\/ul><\/div><div id=\"wpseo-directions-wrapper\"><h3 id=\"wpseo-directions\" class=\"wpseo-directions-heading\">Route<\/h3><form action=\"\" method=\"post\" class=\"wpseo-directions-form\" id=\"wpseo-directions-form\" onsubmit=\"wpseo_calculate_route( wpseoMapOptions[0].map, wpseoMapOptions[0].directionsDisplay, wpseoMapOptions[0].mapVars[0], wpseoMapOptions[0].mapVars[1], 0); return false;\"><p>Deine Adresse: <input type=\"text\" size=\"20\" id=\"origin\" value=\"\" \/><input type=\"submit\" class=\"wpseo-directions-submit\" value=\"Zeige Route\"><span id=\"wpseo-noroute\" style=\"display: none;\">Es konnte keine Route berechnet werden.<\/span><\/p><\/form><div id=\"directions\"><\/div><\/div><\/div>\n\n\n\n<section id=\"section-63348ec8-1b0a-4429-a425-1d1cba4f44d2\" class=\"wp-block-gutentor-divider section-63348ec8-1b0a-4429-a425-1d1cba4f44d2 gutentor-element gutentor-section gutentor-divider text-center\"><div class=\"grid-container\"><div class=\"gutentor-divider-box\"><span><svg xmlns=\"http:\/\/www.w3.org\/2000\/svg\" viewBox=\"0 0 240 40\" preserveAspectRatio=\"none\"><path d=\"M56.2 20c5.3-.1 10.6-.2 16-.3l16-.2c10.6-.1 21.3-.1 31.9-.2 10.6.1 21.3 0 31.9.1l16 .2c5.3.1 10.6.2 16 .3-5.3.1-10.6.2-16 .3l-16 .2c-10.6.1-21.3.1-31.9.1-10.6-.1-21.3 0-31.9-.2l-16-.2c-5.4.1-10.7 0-16-.1z\"><\/path><\/svg><\/span><\/div><\/div><\/section>\n\n\n\n<div class=\"wp-block-yoast-seo-local-address\"><div id=\"wpseo_location-\" class=\"wpseo-location\"><h3><span class=\"wpseo-business-name\">Anwaltskanzlei Zuerich<\/span><\/h3><div class=\"wpseo-address-wrapper\"><div class=\"street-address\">L\u00f6wenstrasse 43<\/div><span class=\"locality\"> Z\u00fcrich<\/span><\/div><span class=\"wpseo-phone\">Telefon: <a href=\"tel:+41435450150\" class=\"tel\"><span>+41435450150<\/span><\/a><\/span><br\/><span class=\"wpseo-email\">E-Mail: <a href=\"mailto:i&#110;fo&#064;&#119;i&#116;tib&#045;&#108;a&#119;&#046;ch\">in&#102;o&#64;&#119;it&#116;ib&#45;&#108;&#97;w.c&#104;<\/a><\/span><br\/><\/div><\/div>\n\n\n\n<section id=\"section-56f78c67-e5af-4f52-9482-a6c3c1152f95\" class=\"wp-block-gutentor-divider section-56f78c67-e5af-4f52-9482-a6c3c1152f95 gutentor-element gutentor-section gutentor-divider text-center\"><div class=\"grid-container\"><div class=\"gutentor-divider-box\"><span><svg xmlns=\"http:\/\/www.w3.org\/2000\/svg\" viewBox=\"0 0 240 40\" preserveAspectRatio=\"none\"><path d=\"M56.2 20c5.3-.1 10.6-.2 16-.3l16-.2c10.6-.1 21.3-.1 31.9-.2 10.6.1 21.3 0 31.9.1l16 .2c5.3.1 10.6.2 16 .3-5.3.1-10.6.2-16 .3l-16 .2c-10.6.1-21.3.1-31.9.1-10.6-.1-21.3 0-31.9-.2l-16-.2c-5.4.1-10.7 0-16-.1z\"><\/path><\/svg><\/span><\/div><\/div><\/section>\n\n\n\n<h2 class=\"wp-block-heading\" id=\"h-ffnungszeiten-und-telefonische-erreichbarkeit-ihrer-z-rcher-advokatur-f-r-werkvertragsrecht\">\u00d6ffnungszeiten und telefonische Erreichbarkeit Ihrer Z\u00fcrcher Advokatur f\u00fcr Werkvertragsrecht<\/h2>\n\n\n\n<div class=\"wp-block-yoast-seo-local-opening-hours\"><div class=\"wpseo-opening-hours-wrapper\"><table class=\"wpseo-opening-hours\" id =\"wpseo-opening-hours-\"><tr><td class=\"day\">Montag<\/td><td class=\"time\"><span>8:00 AM - 5:00 PM<\/span><\/td><\/tr><tr><td class=\"day\">Dienstag<\/td><td class=\"time\"><span>8:00 AM - 5:00 PM<\/span><\/td><\/tr><tr><td class=\"day\">Mittwoch<\/td><td class=\"time\"><span>8:00 AM - 5:00 PM<\/span><\/td><\/tr><tr><td class=\"day\">Donnerstag<\/td><td class=\"time\"><span>8:00 AM - 5:00 PM<\/span><\/td><\/tr><tr><td class=\"day\">Freitag<\/td><td class=\"time\"><span>8:00 AM - 5:00 PM<\/span><\/td><\/tr><tr><td class=\"day\">Samstag<\/td><td class=\"time\">Geschlossen<\/td><\/tr><tr><td class=\"day\">Sonntag<\/td><td class=\"time\">Geschlossen<\/td><\/tr><\/table><\/div><\/div>\n\n\n\n<section id=\"section-08d2d354-58ca-4d91-b3ad-2aca9ed07711\" class=\"wp-block-gutentor-divider section-08d2d354-58ca-4d91-b3ad-2aca9ed07711 gutentor-element gutentor-section gutentor-divider text-center\"><div class=\"grid-container\"><div class=\"gutentor-divider-box\"><span><svg xmlns=\"http:\/\/www.w3.org\/2000\/svg\" viewBox=\"0 0 240 40\" preserveAspectRatio=\"none\"><path d=\"M56.2 20c5.3-.1 10.6-.2 16-.3l16-.2c10.6-.1 21.3-.1 31.9-.2 10.6.1 21.3 0 31.9.1l16 .2c5.3.1 10.6.2 16 .3-5.3.1-10.6.2-16 .3l-16 .2c-10.6.1-21.3.1-31.9.1-10.6-.1-21.3 0-31.9-.2l-16-.2c-5.4.1-10.7 0-16-.1z\"><\/path><\/svg><\/span><\/div><\/div><\/section>\n\n\n\n<p id=\"h-als-anw-ltin-expertin-f-r-internationales-privatrecht-auf-kabeleins\"><strong>ALS ANW\u00c4LTIN &amp; EXPERTIN F\u00dcR INTERNATIONALES PRIVATRECHT AUF KABELEINS<\/strong><\/p>\n\n\n\n<p><strong>Achtung Abzocke<\/strong> geh\u00f6rt zu den erfolgreichsten Sendungen auf Kabeleins. Der beliebte <strong>TV-Moderator Peter Giesel<\/strong> l\u00e4sst sich umfassend von <strong>Stanislava Wittibschlager<\/strong> beraten. Auch als Anwalt f\u00fcr Werkvertragsrecht kann Ihnen Frau Wittibschlager weiterhelfen.<\/p>\n\n\n\n<figure class=\"wp-block-embed aligncenter is-type-video is-provider-youtube wp-block-embed-youtube wp-embed-aspect-16-9 wp-has-aspect-ratio\"><div class=\"wp-block-embed__wrapper\">\n<iframe title=\"Krumme Gesch\u00e4fte: E-Bike-Verk\u00e4ufer verpfeift Ex-Gesch\u00e4ftspartner| 2\/3 | Achtung Abzocke | Kabel Eins\" width=\"550\" height=\"309\" src=\"https:\/\/www.youtube.com\/embed\/34dHcfpV3QQ?start=41&#038;feature=oembed\" frameborder=\"0\" allow=\"accelerometer; autoplay; clipboard-write; encrypted-media; gyroscope; picture-in-picture; web-share\" referrerpolicy=\"strict-origin-when-cross-origin\" allowfullscreen><\/iframe>\n<\/div><figcaption><strong>TV-Moderator Peter Giesel<\/strong> stellt Stanislava Wittibschlager Fragen zum Schweizer Insolvenzrecht. Bei <a href=\"https:\/\/www.wittib-law.ch\/Anwaltskanzlei-in-zuerich\/?s=vertragsrecht\">vertragsrechtlichen Fragen<\/a> kann man sich an einen unserer Experten wenden.<\/figcaption><\/figure>\n\n\n\n<section id=\"section-ac8f701a-e53e-421f-b8c8-cfb5e0bfb3b7\" class=\"wp-block-gutentor-divider section-ac8f701a-e53e-421f-b8c8-cfb5e0bfb3b7 gutentor-element gutentor-section gutentor-divider text-center\"><div class=\"grid-container\"><div class=\"gutentor-divider-box\"><span><svg xmlns=\"http:\/\/www.w3.org\/2000\/svg\" viewBox=\"0 0 240 40\" preserveAspectRatio=\"none\"><path d=\"M56.2 20c5.3-.1 10.6-.2 16-.3l16-.2c10.6-.1 21.3-.1 31.9-.2 10.6.1 21.3 0 31.9.1l16 .2c5.3.1 10.6.2 16 .3-5.3.1-10.6.2-16 .3l-16 .2c-10.6.1-21.3.1-31.9.1-10.6-.1-21.3 0-31.9-.2l-16-.2c-5.4.1-10.7 0-16-.1z\"><\/path><\/svg><\/span><\/div><\/div><\/section>\n\n\n\n<p>Weitere Infos<\/p>\n\n\n\n<ul class=\"wp-block-yoast-seo-related-links\"><li><a href=\"https:\/\/www.anwalt-zuerich.attorney\/ch\/anwalt-mietrecht\/\">Mietrecht<\/a><\/li><li><a href=\"https:\/\/www.anwalt-zuerich.attorney\/ch\/anwalt-immobilienrecht\/\">Immobilienrecht<\/a><\/li><li><a href=\"https:\/\/www.anwalt-zuerich.attorney\/ch\/anwalt-fur-medienrecht\/\">Medienrecht<\/a><\/li><li><a href=\"https:\/\/www.anwalt-zuerich.attorney\/ch\/anwalt-arbeitszeugnis-zuerich\/\">Arbeitszeugnis<\/a><\/li><li><a href=\"https:\/\/www.anwalt-zuerich.attorney\/ch\/anwalt-gesellschaftsrecht\/\">Gesellschaftsrecht<\/a><\/li><\/ul>\n<div style='text-align:center' class='yasr-auto-insert-visitor'><\/div>","protected":false},"excerpt":{"rendered":"<p>Suchen Sie einen Anwalt f\u00fcr Werkvertragsrecht? Der Werkvertrag ist im sogenannten Obligationenrecht (OR) in Art. 363 normiert. Klassischerweise beschreibt man den Werkvertrag als ein Rechtsgesch\u00e4ft zwischen dem Werkbesteller und dem Werkunternehmer, wobei der Werkunternehmer zur Herstellung eines Werkes (Errichtung eines Hauses, Herstellung eines Tisches, \u2026), und der Werkbesteller zur Bezahlung des vereinbarten oder angemessenen Entgelts [&hellip;]<\/p>\n","protected":false},"author":1,"featured_media":650,"comment_status":"closed","ping_status":"open","sticky":true,"template":"","format":"standard","meta":{"yasr_overall_rating":0,"yasr_post_is_review":"","yasr_auto_insert_disabled":"","yasr_review_type":"","footnotes":""},"categories":[1],"tags":[],"class_list":["post-235","post","type-post","status-publish","format-standard","has-post-thumbnail","hentry","category-anwalt-zuerich"],"yasr_visitor_votes":{"stars_attributes":{"read_only":true,"span_bottom":"<div class='yasr-small-block-bold'><span class='yasr-visitor-votes-must-sign-in'>99% zufriedene Nutzer \/ Durchschnittsbewertungen unserer Klienten<\/span><\/div>"},"number_of_votes":58,"sum_votes":289},"gutentor_comment":4,"yoast_head":"<!-- This site is optimized with the Yoast SEO Premium plugin v26.4 (Yoast SEO v26.4) - https:\/\/yoast.com\/wordpress\/plugins\/seo\/ -->\n<title>Anwalt f\u00fcr Werkvertragsrecht Z\u00fcrich unterst\u00fctzt Unternehmer Private<\/title>\n<meta name=\"description\" content=\"Anwalt f\u00fcr Werkvertragsrecht in Z\u00fcrich vertritt Unternehmer, Privatpersonen, Besteller, Bauunternehmen, Coiffeure, Architekten...\" \/>\n<meta name=\"robots\" content=\"index, follow, max-snippet:-1, max-image-preview:large, max-video-preview:-1\" \/>\n<link rel=\"canonical\" href=\"https:\/\/www.anwalt-zuerich.attorney\/ch\/anwalt-anwaeltin-fuer-werkvertragsrecht\/\" \/>\n<meta property=\"og:locale\" content=\"de_DE\" \/>\n<meta property=\"og:type\" content=\"article\" \/>\n<meta property=\"og:title\" content=\"Anwalt f\u00fcr Werkvertragsrecht Z\u00fcrich unterst\u00fctzt Unternehmer Private\" \/>\n<meta property=\"og:description\" content=\"Anwalt f\u00fcr Werkvertragsrecht in Z\u00fcrich vertritt Unternehmer, Privatpersonen, Besteller, Bauunternehmen, Coiffeure, Architekten...\" \/>\n<meta property=\"og:url\" content=\"https:\/\/www.anwalt-zuerich.attorney\/ch\/anwalt-anwaeltin-fuer-werkvertragsrecht\/\" \/>\n<meta property=\"og:site_name\" content=\"Anwalt Z\u00fcrich\" \/>\n<meta property=\"article:publisher\" content=\"https:\/\/www.facebook.com\/Anwalt-f%c3%bcr-Familienrech-Arbeitsrecht-und-Scheidungsrecht-Z%c3%bcrich-2016470341934582\" \/>\n<meta property=\"article:published_time\" content=\"2021-11-23T06:39:34+00:00\" \/>\n<meta property=\"article:modified_time\" content=\"2021-12-22T08:31:28+00:00\" \/>\n<meta property=\"og:image\" content=\"https:\/\/www.anwalt-zuerich.attorney\/ch\/wp-content\/uploads\/2019\/12\/Screenshot-2019-03-12-10.24.37.png\" \/>\n\t<meta property=\"og:image:width\" content=\"1880\" \/>\n\t<meta property=\"og:image:height\" content=\"683\" \/>\n\t<meta property=\"og:image:type\" content=\"image\/png\" \/>\n<meta name=\"author\" content=\"Anwalt Zuerich\" \/>\n<meta name=\"twitter:card\" content=\"summary_large_image\" \/>\n<meta name=\"twitter:title\" content=\"Anwalt f\u00fcr Werkvertragsrecht Z\u00fcrich unterst\u00fctzt Unternehmer Private\" \/>\n<meta name=\"twitter:description\" content=\"Anwalt f\u00fcr Werkvertragsrecht in Z\u00fcrich vertritt Unternehmer, Privatpersonen, Besteller, Bauunternehmen, Coiffeure, Architekten...\" \/>\n<meta name=\"twitter:label1\" content=\"Verfasst von\" \/>\n\t<meta name=\"twitter:data1\" content=\"Anwalt Zuerich\" \/>\n\t<meta name=\"twitter:label2\" content=\"Gesch\u00e4tzte Lesezeit\" \/>\n\t<meta name=\"twitter:data2\" content=\"5\u00a0Minuten\" \/>\n<meta name=\"geo.placename\" content=\"Z\u00fcrich\" \/>\n<meta name=\"geo.position\" content=\"47.37554931640625;8.53688907623291\" \/>\n<meta name=\"geo.region\" content=\"Schweiz\" \/>\n<!-- \/ Yoast SEO Premium plugin. -->","yoast_head_json":{"title":"Anwalt f\u00fcr Werkvertragsrecht Z\u00fcrich unterst\u00fctzt Unternehmer Private","description":"Anwalt f\u00fcr Werkvertragsrecht in Z\u00fcrich vertritt Unternehmer, Privatpersonen, Besteller, Bauunternehmen, Coiffeure, Architekten...","robots":{"index":"index","follow":"follow","max-snippet":"max-snippet:-1","max-image-preview":"max-image-preview:large","max-video-preview":"max-video-preview:-1"},"canonical":"https:\/\/www.anwalt-zuerich.attorney\/ch\/anwalt-anwaeltin-fuer-werkvertragsrecht\/","og_locale":"de_DE","og_type":"article","og_title":"Anwalt f\u00fcr Werkvertragsrecht Z\u00fcrich unterst\u00fctzt Unternehmer Private","og_description":"Anwalt f\u00fcr Werkvertragsrecht in Z\u00fcrich vertritt Unternehmer, Privatpersonen, Besteller, Bauunternehmen, Coiffeure, Architekten...","og_url":"https:\/\/www.anwalt-zuerich.attorney\/ch\/anwalt-anwaeltin-fuer-werkvertragsrecht\/","og_site_name":"Anwalt Z\u00fcrich","article_publisher":"https:\/\/www.facebook.com\/Anwalt-f%c3%bcr-Familienrech-Arbeitsrecht-und-Scheidungsrecht-Z%c3%bcrich-2016470341934582","article_published_time":"2021-11-23T06:39:34+00:00","article_modified_time":"2021-12-22T08:31:28+00:00","og_image":[{"width":1880,"height":683,"url":"https:\/\/www.anwalt-zuerich.attorney\/ch\/wp-content\/uploads\/2019\/12\/Screenshot-2019-03-12-10.24.37.png","type":"image\/png"}],"author":"Anwalt Zuerich","twitter_card":"summary_large_image","twitter_title":"Anwalt f\u00fcr Werkvertragsrecht Z\u00fcrich unterst\u00fctzt Unternehmer Private","twitter_description":"Anwalt f\u00fcr Werkvertragsrecht in Z\u00fcrich vertritt Unternehmer, Privatpersonen, Besteller, Bauunternehmen, Coiffeure, Architekten...","twitter_misc":{"Verfasst von":"Anwalt Zuerich","Gesch\u00e4tzte Lesezeit":"5\u00a0Minuten"},"schema":{"@context":"https:\/\/schema.org","@graph":[{"@type":"Article","@id":"https:\/\/www.anwalt-zuerich.attorney\/ch\/anwalt-anwaeltin-fuer-werkvertragsrecht\/#article","isPartOf":{"@id":"https:\/\/www.anwalt-zuerich.attorney\/ch\/anwalt-anwaeltin-fuer-werkvertragsrecht\/"},"author":{"name":"Anwalt Zuerich","@id":"https:\/\/www.anwalt-zuerich.attorney\/ch\/#\/schema\/person\/95f940152c58e99e980bf0fb13e9f1c1"},"headline":"Anwalt Werkvertragsrecht","datePublished":"2021-11-23T06:39:34+00:00","dateModified":"2021-12-22T08:31:28+00:00","mainEntityOfPage":{"@id":"https:\/\/www.anwalt-zuerich.attorney\/ch\/anwalt-anwaeltin-fuer-werkvertragsrecht\/"},"wordCount":993,"publisher":{"@id":"https:\/\/www.anwalt-zuerich.attorney\/ch\/#organization"},"image":{"@id":"https:\/\/www.anwalt-zuerich.attorney\/ch\/anwalt-anwaeltin-fuer-werkvertragsrecht\/#primaryimage"},"thumbnailUrl":"https:\/\/www.anwalt-zuerich.attorney\/ch\/wp-content\/uploads\/2019\/12\/Screenshot-2019-03-12-10.24.37.png","articleSection":["Anwalt Z\u00fcrich"],"inLanguage":"de","accessibilityFeature":["tableOfContents"]},{"@type":"WebPage","@id":"https:\/\/www.anwalt-zuerich.attorney\/ch\/anwalt-anwaeltin-fuer-werkvertragsrecht\/","url":"https:\/\/www.anwalt-zuerich.attorney\/ch\/anwalt-anwaeltin-fuer-werkvertragsrecht\/","name":"Anwalt f\u00fcr Werkvertragsrecht Z\u00fcrich unterst\u00fctzt Unternehmer Private","isPartOf":{"@id":"https:\/\/www.anwalt-zuerich.attorney\/ch\/#website"},"primaryImageOfPage":{"@id":"https:\/\/www.anwalt-zuerich.attorney\/ch\/anwalt-anwaeltin-fuer-werkvertragsrecht\/#primaryimage"},"image":{"@id":"https:\/\/www.anwalt-zuerich.attorney\/ch\/anwalt-anwaeltin-fuer-werkvertragsrecht\/#primaryimage"},"thumbnailUrl":"https:\/\/www.anwalt-zuerich.attorney\/ch\/wp-content\/uploads\/2019\/12\/Screenshot-2019-03-12-10.24.37.png","datePublished":"2021-11-23T06:39:34+00:00","dateModified":"2021-12-22T08:31:28+00:00","description":"Anwalt f\u00fcr Werkvertragsrecht in Z\u00fcrich vertritt Unternehmer, Privatpersonen, Besteller, Bauunternehmen, Coiffeure, Architekten...","breadcrumb":{"@id":"https:\/\/www.anwalt-zuerich.attorney\/ch\/anwalt-anwaeltin-fuer-werkvertragsrecht\/#breadcrumb"},"inLanguage":"de","potentialAction":[{"@type":"ReadAction","target":["https:\/\/www.anwalt-zuerich.attorney\/ch\/anwalt-anwaeltin-fuer-werkvertragsrecht\/"]}]},{"@type":"ImageObject","inLanguage":"de","@id":"https:\/\/www.anwalt-zuerich.attorney\/ch\/anwalt-anwaeltin-fuer-werkvertragsrecht\/#primaryimage","url":"https:\/\/www.anwalt-zuerich.attorney\/ch\/wp-content\/uploads\/2019\/12\/Screenshot-2019-03-12-10.24.37.png","contentUrl":"https:\/\/www.anwalt-zuerich.attorney\/ch\/wp-content\/uploads\/2019\/12\/Screenshot-2019-03-12-10.24.37.png","width":1880,"height":683,"caption":"Anwalt Werkvertragsrecht"},{"@type":"BreadcrumbList","@id":"https:\/\/www.anwalt-zuerich.attorney\/ch\/anwalt-anwaeltin-fuer-werkvertragsrecht\/#breadcrumb","itemListElement":[{"@type":"ListItem","position":1,"name":"Home","item":"https:\/\/www.anwalt-zuerich.attorney\/ch\/"},{"@type":"ListItem","position":2,"name":"Anwalt Werkvertragsrecht"}]},{"@type":"WebSite","@id":"https:\/\/www.anwalt-zuerich.attorney\/ch\/#website","url":"https:\/\/www.anwalt-zuerich.attorney\/ch\/","name":"Anwalt Z\u00fcrich","description":"Anwalt f\u00fcr \u2713 Arbeitsrecht \u2713 Erbrecht \u2713 Familienrecht \u2713  Verwaltungsrecht  \u2713 Wirtschaftsrecht \u2713 Privatrecht \u2713 Handelsrecht","publisher":{"@id":"https:\/\/www.anwalt-zuerich.attorney\/ch\/#organization"},"potentialAction":[{"@type":"SearchAction","target":{"@type":"EntryPoint","urlTemplate":"https:\/\/www.anwalt-zuerich.attorney\/ch\/?s={search_term_string}"},"query-input":{"@type":"PropertyValueSpecification","valueRequired":true,"valueName":"search_term_string"}}],"inLanguage":"de"},{"@type":["Organization","Place"],"@id":"https:\/\/www.anwalt-zuerich.attorney\/ch\/#organization","name":"Anwaltskanzlei Zuerich","url":"https:\/\/www.anwalt-zuerich.attorney\/ch\/","logo":{"@id":"https:\/\/www.anwalt-zuerich.attorney\/ch\/anwalt-anwaeltin-fuer-werkvertragsrecht\/#local-main-organization-logo"},"image":{"@id":"https:\/\/www.anwalt-zuerich.attorney\/ch\/anwalt-anwaeltin-fuer-werkvertragsrecht\/#local-main-organization-logo"},"sameAs":["https:\/\/www.facebook.com\/Anwalt-f\u00fcr-Familienrech-Arbeitsrecht-und-Scheidungsrecht-Z\u00fcrich-2016470341934582"],"address":{"@id":"https:\/\/www.anwalt-zuerich.attorney\/ch\/anwalt-anwaeltin-fuer-werkvertragsrecht\/#local-main-place-address"},"geo":{"@type":"GeoCoordinates","latitude":"47.37554931640625","longitude":"8.53688907623291"},"telephone":["+41435450150"],"openingHoursSpecification":[{"@type":"OpeningHoursSpecification","dayOfWeek":["Monday","Tuesday","Wednesday","Thursday","Friday"],"opens":"08:00","closes":"17:00"},{"@type":"OpeningHoursSpecification","dayOfWeek":["Saturday","Sunday"],"opens":"00:00","closes":"00:00"}],"email":"info@wittib-law.ch"},{"@type":"Person","@id":"https:\/\/www.anwalt-zuerich.attorney\/ch\/#\/schema\/person\/95f940152c58e99e980bf0fb13e9f1c1","name":"Anwalt Zuerich","image":{"@type":"ImageObject","inLanguage":"de","@id":"https:\/\/www.anwalt-zuerich.attorney\/ch\/#\/schema\/person\/image\/","url":"https:\/\/secure.gravatar.com\/avatar\/42daca3ba25e2656c8a93581cdf1443d649767a7cbec9c51a67a8fd9baded316?s=96&d=mm&r=g","contentUrl":"https:\/\/secure.gravatar.com\/avatar\/42daca3ba25e2656c8a93581cdf1443d649767a7cbec9c51a67a8fd9baded316?s=96&d=mm&r=g","caption":"Anwalt Zuerich"}},{"@type":"PostalAddress","@id":"https:\/\/www.anwalt-zuerich.attorney\/ch\/anwalt-anwaeltin-fuer-werkvertragsrecht\/#local-main-place-address","streetAddress":"L\u00f6wenstrasse 43","addressLocality":"Z\u00fcrich","postalCode":"8001","addressCountry":"CH"},{"@type":"ImageObject","inLanguage":"de","@id":"https:\/\/www.anwalt-zuerich.attorney\/ch\/anwalt-anwaeltin-fuer-werkvertragsrecht\/#local-main-organization-logo","url":"https:\/\/www.anwalt-zuerich.attorney\/ch\/wp-content\/uploads\/2019\/02\/Anwaltskanzlei-Wittibschlager.jpg","contentUrl":"https:\/\/www.anwalt-zuerich.attorney\/ch\/wp-content\/uploads\/2019\/02\/Anwaltskanzlei-Wittibschlager.jpg","width":555,"height":176,"caption":"Anwaltskanzlei Zuerich"},false]},"geo.placename":"Z\u00fcrich","geo.position":{"lat":"47.37554931640625","long":"8.53688907623291"},"geo.region":"Schweiz"},"_links":{"self":[{"href":"https:\/\/www.anwalt-zuerich.attorney\/ch\/wp-json\/wp\/v2\/posts\/235","targetHints":{"allow":["GET"]}}],"collection":[{"href":"https:\/\/www.anwalt-zuerich.attorney\/ch\/wp-json\/wp\/v2\/posts"}],"about":[{"href":"https:\/\/www.anwalt-zuerich.attorney\/ch\/wp-json\/wp\/v2\/types\/post"}],"author":[{"embeddable":true,"href":"https:\/\/www.anwalt-zuerich.attorney\/ch\/wp-json\/wp\/v2\/users\/1"}],"replies":[{"embeddable":true,"href":"https:\/\/www.anwalt-zuerich.attorney\/ch\/wp-json\/wp\/v2\/comments?post=235"}],"version-history":[{"count":45,"href":"https:\/\/www.anwalt-zuerich.attorney\/ch\/wp-json\/wp\/v2\/posts\/235\/revisions"}],"predecessor-version":[{"id":11034,"href":"https:\/\/www.anwalt-zuerich.attorney\/ch\/wp-json\/wp\/v2\/posts\/235\/revisions\/11034"}],"wp:featuredmedia":[{"embeddable":true,"href":"https:\/\/www.anwalt-zuerich.attorney\/ch\/wp-json\/wp\/v2\/media\/650"}],"wp:attachment":[{"href":"https:\/\/www.anwalt-zuerich.attorney\/ch\/wp-json\/wp\/v2\/media?parent=235"}],"wp:term":[{"taxonomy":"category","embeddable":true,"href":"https:\/\/www.anwalt-zuerich.attorney\/ch\/wp-json\/wp\/v2\/categories?post=235"},{"taxonomy":"post_tag","embeddable":true,"href":"https:\/\/www.anwalt-zuerich.attorney\/ch\/wp-json\/wp\/v2\/tags?post=235"}],"curies":[{"name":"wp","href":"https:\/\/api.w.org\/{rel}","templated":true}]}}