{"id":7820,"date":"2021-01-21T17:28:16","date_gmt":"2021-01-21T17:28:16","guid":{"rendered":"https:\/\/www.wittib-law.ch\/Anwaltskanzlei-in-zuerich\/?p=7820"},"modified":"2021-12-22T08:36:48","modified_gmt":"2021-12-22T08:36:48","slug":"privatrecht-anwalt-zuerich","status":"publish","type":"post","link":"https:\/\/www.anwalt-zuerich.attorney\/ch\/privatrecht-anwalt-zuerich\/","title":{"rendered":"Anwalt Zivilrecht \/ Privatrecht"},"content":{"rendered":"\n<p class=\"yoast-reading-time__wrapper\"><span class=\"yoast-reading-time__icon\"><svg aria-hidden=\"true\" focusable=\"false\" data-icon=\"clock\" width=\"20\" height=\"20\" fill=\"none\" stroke=\"currentColor\" style=\"display:inline-block;vertical-align:-0.1em\" role=\"img\" xmlns=\"http:\/\/www.w3.org\/2000\/svg\" viewbox=\"0 0 24 24\"><path stroke-linecap=\"round\" stroke-linejoin=\"round\" stroke-width=\"2\" d=\"M12 8v4l3 3m6-3a9 9 0 11-18 0 9 9 0 0118 0z\"><\/path><\/svg><\/span><span class=\"yoast-reading-time__spacer\" style=\"display:inline-block;width:1em\"><\/span><span class=\"yoast-reading-time__descriptive-text\">Voraussichtliche Lesedauer:  <\/span><span class=\"yoast-reading-time__reading-time\">5<\/span><span class=\"yoast-reading-time__time-unit\"> Minuten<\/span><\/p>\n\n\n\n<p>Suchen Sie einen Anwalt f\u00fcr Zivilrecht \/ Privatrecht? Ben\u00f6tigen Sie privatrechtliche Unterst\u00fctzung im Rechtsbereich des Personenrechts, <a href=\"https:\/\/www.anwalt-zuerich.attorney\/ch\/anwalt-familienrecht\/\">Familienrechts<\/a> oder des Sach- oder <a href=\"https:\/\/www.anwalt-zuerich.attorney\/ch\/anwalt-erbrecht\/\">Erbrechts<\/a>? Als Advokatur f\u00fcr Privatrecht in Z\u00fcrich \u00fcbernimmt unser Anwalt f\u00fcr Zivilrecht sowohl die Rechtsberatung als auch die Prozessvertretung im Streitfall. Unser Rechtsanwalt f\u00fcr Privatrecht ist auf komplexe Rechtsbelange des <a href=\"https:\/\/www.anwalt-zuerich.attorney\/ch\/anwalt-eherecht-eheschutz\/\">Ehe- und Eheschutzes<\/a> sowie <a href=\"https:\/\/www.anwalt-zuerich.attorney\/scheidungsanwalt\/\">Scheidungen<\/a> spezialisiert. Der Fokus unserer Kanzlei liegt unter anderem auch auf dem <a href=\"https:\/\/www.anwalt-zuerich.attorney\/ch\/kaufvertrag-schenkung\/\">Schenkungs- und Kaufrecht<\/a>. Neben dem Kauf von G\u00fcter, Waren und Produkten umfasst das Kaufrecht auch die Inanspruchnahme von Dienstleistungen. Vereinbaren Sie noch heute einen Beratungstermin in unserer Kanzlei. Wir sind f\u00fcr Sie da!<\/p>\n\n\n\n<section id=\"section-65d47834-445a-4efc-86c1-b188879bd60d\" class=\"wp-block-gutentor-divider section-65d47834-445a-4efc-86c1-b188879bd60d gutentor-element gutentor-section gutentor-divider text-center\"><div class=\"grid-container\"><div class=\"gutentor-divider-box\"><span><svg xmlns=\"http:\/\/www.w3.org\/2000\/svg\" viewBox=\"0 0 240 40\" preserveAspectRatio=\"none\"><path d=\"M56.2 20c5.3-.1 10.6-.2 16-.3l16-.2c10.6-.1 21.3-.1 31.9-.2 10.6.1 21.3 0 31.9.1l16 .2c5.3.1 10.6.2 16 .3-5.3.1-10.6.2-16 .3l-16 .2c-10.6.1-21.3.1-31.9.1-10.6-.1-21.3 0-31.9-.2l-16-.2c-5.4.1-10.7 0-16-.1z\"><\/path><\/svg><\/span><\/div><\/div><\/section>\n\n\n\n<div class=\"wp-block-columns alignwide are-vertically-aligned-center is-layout-flex wp-container-core-columns-is-layout-9d6595d7 wp-block-columns-is-layout-flex\">\n<div class=\"wp-block-column is-layout-flow wp-block-column-is-layout-flow\" style=\"flex-basis:50%\">\n<p class=\"has-large-font-size\"><strong>Ihre Anw\u00e4ltin<\/strong><\/p>\n\n\n\n<h2 class=\"wp-block-heading\" id=\"h-scheidungsanw-ltin-und-inhaberin-der-anwaltskanzlei\"><strong><a href=\"https:\/\/www.anwalt-zuerich.attorney\/scheidungsanwalt\/\">Scheidungsanw\u00e4ltin<\/a><\/strong> und <strong>Inhaberin der Anwaltskanzlei <\/strong><\/h2>\n\n\n\n<p>Ich und mein Team beraten und vertreten <strong>Privatpersonen<\/strong> im <a href=\"https:\/\/www.anwalt-zuerich.attorney\/ch\/anwalt-arbeitsrecht-zuerich\/\">Arbeits-<\/a>, <a href=\"https:\/\/www.anwalt-zuerich.attorney\/ch\/anwalt-erbrecht\/\">Erbrecht<\/a> und <a href=\"https:\/\/www.anwalt-zuerich.attorney\/ch\/anwalt-familienrecht\/\">Familienrecht<\/a> sowie bei der  Vorsorge- und Nachlassplanung. Mein Fokus richtet sich auf <a href=\"https:\/\/www.anwalt-zuerich.attorney\/ch\/anwalt-scheidung\/\">Scheidung<\/a>, Trennung und <a href=\"https:\/\/www.anwalt-zuerich.attorney\/ch\/anwalt-eherecht-eheschutz\/\">Eheschutz<\/a>.<\/p>\n\n\n\n<p><strong>Unternehmen<\/strong> unterst\u00fctze ich im <a href=\"https:\/\/www.anwalt-zuerich.attorney\/ch\/anwalt-unternehmensrecht-firmenrecht-betriebsnachfolge\/\">Unternehmens- und Firmenrecht<\/a>, der <a href=\"https:\/\/www.anwalt-zuerich.attorney\/ch\/anwalt-unternehmensrecht-firmenrecht-betriebsnachfolge\/\">Unternehmensnachfolge<\/a>, im <a href=\"https:\/\/www.anwalt-zuerich.attorney\/ch\/anwalt-mietrecht\/\">Miet-<\/a>, <a href=\"https:\/\/www.anwalt-zuerich.attorney\/ch\/anwalt-baurecht\/\">Bau-<\/a> &amp; <a href=\"https:\/\/www.anwalt-zuerich.attorney\/ch\/anwalt-gesellschaftsrecht\/\">Gesellschaftsrecht<\/a>, <a href=\"https:\/\/www.anwalt-zuerich.attorney\/ch\/anwalt-immobilienrecht\/\">Immobilienrecht<\/a>, <a href=\"https:\/\/www.anwalt-zuerich.attorney\/ch\/anwalt-it-recht-datenschutz-zuerich\/\">IT-Recht &amp; Datenschutz<\/a>, <a href=\"https:\/\/www.anwalt-zuerich.attorney\/ch\/anwalt-immaterialgueterrecht-markenschutz\/\">Marken-<\/a>, <a href=\"https:\/\/www.anwalt-zuerich.attorney\/ch\/haftpflichtrecht-versicherungsrecht\/\">Haftpflicht- &amp; Versicherungsrecht<\/a> sowie im <a href=\"https:\/\/www.anwalt-zuerich.attorney\/ch\/anwalt-vertragsrecht\/\">Vertrags-<\/a> &amp;<a href=\"https:\/\/www.anwalt-zuerich.attorney\/rechtsberatung\/Firmengruendung-Gesellschaftsrecht-Handelsrecht\/\"> <\/a><a href=\"https:\/\/www.anwalt-zuerich.attorney\/ch\/anwalt-wirtschaftsrecht\/\">Wirtschaftsrecht<\/a>.&nbsp;<\/p>\n<\/div>\n\n\n\n<div class=\"wp-block-column is-layout-flow wp-block-column-is-layout-flow\" style=\"flex-basis:50%\">\n<figure class=\"wp-block-image is-style-default\"><img decoding=\"async\" width=\"300\" height=\"413\" src=\"https:\/\/www.anwalt-zuerich.attorney\/ch\/wp-content\/uploads\/2019\/12\/Screenshot-2018-07-31-13.19.00-e1576162692534.png\" alt=\"Scheidungsanwalt Anwalt internationales Privatrecht\" class=\"wp-image-590\"\/><figcaption><em>Ihr <strong>Scheidungsanwalt<\/strong> oder <strong>Anwalt<\/strong> f\u00fcr <strong>internationales Privatrecht<\/strong> kann Sie unterst\u00fctzten!<\/em><\/figcaption><\/figure>\n<\/div>\n<\/div>\n\n\n\n<blockquote class=\"wp-block-quote has-text-align-center is-style-large is-layout-flow wp-block-quote-is-layout-flow\"><p>Mit Leidenschaft stehen wir f\u00fcr Ihre Interessen ein!<\/p><cite>Stanislava Wittibschlager, Inhaberin der Kanzlei Wittibschlager<\/cite><\/blockquote>\n\n\n\n<div class=\"wp-block-image\"><figure class=\"aligncenter size-full\"><img decoding=\"async\" width=\"426\" height=\"103\" src=\"https:\/\/www.anwalt-zuerich.attorney\/ch\/wp-content\/uploads\/2020\/12\/cropped-Bildschirmfoto-2020-12-02-um-19.24.01.png\" alt=\"Anwaltskanzlei Wittibschlager\" class=\"wp-image-7211\" srcset=\"https:\/\/www.anwalt-zuerich.attorney\/ch\/wp-content\/uploads\/2020\/12\/cropped-Bildschirmfoto-2020-12-02-um-19.24.01.png 426w, https:\/\/www.anwalt-zuerich.attorney\/ch\/wp-content\/uploads\/2020\/12\/cropped-Bildschirmfoto-2020-12-02-um-19.24.01-300x73.png 300w\" sizes=\"(max-width: 426px) 100vw, 426px\" \/><\/figure><\/div>\n\n\n\n<p class=\"has-text-align-center\"> <\/p>\n\n\n\n<section id=\"section-21e797d6-af93-4856-8f99-335e28c59083\" class=\"wp-block-gutentor-divider section-21e797d6-af93-4856-8f99-335e28c59083 gutentor-element gutentor-section gutentor-divider text-center\"><div class=\"grid-container\"><div class=\"gutentor-divider-box\"><span><svg xmlns=\"http:\/\/www.w3.org\/2000\/svg\" viewBox=\"0 0 240 40\" preserveAspectRatio=\"none\"><path d=\"M56.2 20c5.3-.1 10.6-.2 16-.3l16-.2c10.6-.1 21.3-.1 31.9-.2 10.6.1 21.3 0 31.9.1l16 .2c5.3.1 10.6.2 16 .3-5.3.1-10.6.2-16 .3l-16 .2c-10.6.1-21.3.1-31.9.1-10.6-.1-21.3 0-31.9-.2l-16-.2c-5.4.1-10.7 0-16-.1z\"><\/path><\/svg><\/span><\/div><\/div><\/section>\n\n\n\n<div class=\"wp-block-yoast-seo-table-of-contents yoast-table-of-contents\"><h2>Inhaltsverzeichnis<\/h2><ul><li><a href=\"#h-anwalt-privatrecht-zivilrecht\" data-level=\"2\">Anwalt Privatrecht \/ Zivilrecht<\/a><\/li><li><a href=\"#h-ihre-kanzlei-f-r-zivilprozesse\" data-level=\"2\">Ihre Kanzlei f\u00fcr Zivilprozesse<\/a><\/li><li><a href=\"#h-das-kaufrecht\" data-level=\"2\">Das Kaufrecht<\/a><\/li><li><a href=\"#h-hier-finden-sie-ihren-anwalt-zivilrecht-privatrecht-in-z-rich-routenplaner\" data-level=\"2\">Hier finden Sie Ihren Anwalt Zivilrecht Privatrecht in Z\u00fcrich &#8211; Routenplaner<\/a><\/li><li><a href=\"#h-ffnungszeiten-und-telefonische-erreichbarkeit-ihrer-kanzlei-f-r-zivilrecht-privatrecht\" data-level=\"2\">\u00d6ffnungszeiten und telefonische Erreichbarkeit Ihrer Kanzlei f\u00fcr Zivilrecht Privatrecht<\/a><\/li><\/ul><\/div>\n\n\n\n<section id=\"section-eaf9ada4-b048-4c56-84fc-3caa96f2bea3\" class=\"wp-block-gutentor-divider section-eaf9ada4-b048-4c56-84fc-3caa96f2bea3 gutentor-element gutentor-section gutentor-divider text-center\"><div class=\"grid-container\"><div class=\"gutentor-divider-box\"><span><svg xmlns=\"http:\/\/www.w3.org\/2000\/svg\" viewBox=\"0 0 240 40\" preserveAspectRatio=\"none\"><path d=\"M56.2 20c5.3-.1 10.6-.2 16-.3l16-.2c10.6-.1 21.3-.1 31.9-.2 10.6.1 21.3 0 31.9.1l16 .2c5.3.1 10.6.2 16 .3-5.3.1-10.6.2-16 .3l-16 .2c-10.6.1-21.3.1-31.9.1-10.6-.1-21.3 0-31.9-.2l-16-.2c-5.4.1-10.7 0-16-.1z\"><\/path><\/svg><\/span><\/div><\/div><\/section>\n\n\n\n<h2 class=\"wp-block-heading\" id=\"h-anwalt-privatrecht-zivilrecht\">Anwalt Privatrecht \/ Zivilrecht<\/h2>\n\n\n\n<p>Das Zivil- oder Privatrecht ist ein breites Rechtsgebiet, das im Wesentlichen die Beziehungen der Menschen untereinander regelt. So finden sich neben Begriffsdefinitionen zu Personen, Familien auch Regelungen zum <a href=\"https:\/\/www.anwalt-zuerich.attorney\/ch\/anwalt-vertragsrecht\/\">Vertragsrecht<\/a>, wie eine Schuld entsteht und wie sie erlischt und dergleichen mehr. Die beiden zentralen Gesetze im Zivilrecht sind das Schweizerische Zivilgesetzbuch (ZGB), sowie das Obligationenrecht (OR). Das zentrale Wesensmerkmal einer zivilrechtlichen Angelegenheit ist, dass sich zwei oder mehr Personen gegen\u00fcberstehen, die bildlich gesprochen auf der gleichen Stufe stehen. Verk\u00e4ufer und K\u00e4ufer stehen in keinem Ober- und Unterverh\u00e4ltnis zueinander. Beide haben Rechte und Pflichten. Im \u00f6ffentlichen Recht hingegen stehen einander meist eine Person und der Staat gegen\u00fcber, der mit bestimmten hoheitlichen Rechten ausgestattet ist. Wir \u00fcbernehmen gerne die Betreuung und Beratung in Ihrem zivilrechtlichen Fall.<\/p>\n\n\n\n<figure class=\"wp-block-image size-large\"><img decoding=\"async\" width=\"1024\" height=\"366\" src=\"https:\/\/www.anwalt-zuerich.attorney\/ch\/wp-content\/uploads\/2019\/12\/Screenshot-2019-03-12-10.16.23-1024x366.png\" alt=\"Anwalt Privatrecht Z\u00fcrich\" class=\"wp-image-616\" srcset=\"https:\/\/www.anwalt-zuerich.attorney\/ch\/wp-content\/uploads\/2019\/12\/Screenshot-2019-03-12-10.16.23-1024x366.png 1024w, https:\/\/www.anwalt-zuerich.attorney\/ch\/wp-content\/uploads\/2019\/12\/Screenshot-2019-03-12-10.16.23-300x107.png 300w, https:\/\/www.anwalt-zuerich.attorney\/ch\/wp-content\/uploads\/2019\/12\/Screenshot-2019-03-12-10.16.23-768x274.png 768w, https:\/\/www.anwalt-zuerich.attorney\/ch\/wp-content\/uploads\/2019\/12\/Screenshot-2019-03-12-10.16.23-1536x549.png 1536w, https:\/\/www.anwalt-zuerich.attorney\/ch\/wp-content\/uploads\/2019\/12\/Screenshot-2019-03-12-10.16.23.png 1890w\" sizes=\"(max-width: 1024px) 100vw, 1024px\" \/><figcaption><em>Ihr <strong>Anwalt f\u00fcr Privat- und Zivilrecht<\/strong> als kompetenter Ansprechpartner im Grossraum Z\u00fcrich!<\/em><\/figcaption><\/figure>\n\n\n\n<h2 class=\"wp-block-heading\" id=\"h-ihre-kanzlei-f-r-zivilprozesse\">Ihre Kanzlei f\u00fcr Zivilprozesse<\/h2>\n\n\n\n<p>Es entspricht der allgemeinen Lebenserfahrung, dass viele Unstimmigkeiten und Differenzen im pers\u00f6nlichen Gespr\u00e4ch gekl\u00e4rt werden k\u00f6nnen. Umgekehrt gibt es aber auch zahllose Situationen, wo eine g\u00fctliche Einigung nicht m\u00f6glich ist. Dies etwa, weil man den Vertragspartner gar nicht kennt, oder aber auch, weil die Meinungen \u00fcber das, was Gegenstand des Streits ist, stark auseinandergehen. In solchen F\u00e4llen gibt es die M\u00f6glichkeit, klagsweise seinen Anspruch durchzusetzen. Dies gilt f\u00fcr eine offene Forderung aus einem Kaufvertrag ebenso, wie die vereinbarungswidrige Handlung aus einem Vertrag, und nat\u00fcrlich ganz besonders auch f\u00fcr alle Angelegenheiten aus dem Bereich des <a href=\"https:\/\/www.anwalt-zuerich.attorney\/ch\/anwalt-familienrecht\/\">Familienrechts<\/a>. Denken Sie nur an Anspr\u00fcche im Zuge eines <a href=\"https:\/\/www.anwalt-zuerich.attorney\/ch\/anwalt-scheidung\/\">Scheidungsverfahrens<\/a>, oder auch im Erbrecht. Unser Anwalt f\u00fcr Zivilrecht \/ Privatrecht ber\u00e4t Sie gerne in Ihrem Fall, nehmen uns pers\u00f6nlich f\u00fcr Sie Zeit und arbeiten mit Sachverstand, Erfahrung und vollem Einsatz daran, Ihrem Recht zum Durchbruch zu verhelfen. Die Richtschnur unseres Handelns sind dabei stets die gesetzlichen M\u00f6glichkeiten und Ihr pers\u00f6nlicher Wunsch.<\/p>\n\n\n\n<h2 class=\"wp-block-heading\" id=\"h-das-kaufrecht\">Das Kaufrecht<\/h2>\n\n\n\n<p>Das Kaufrecht befasst sich mit den Regelungen und Rechtsfolgen im Zusammenhang mit dem Kauf einer Sache, Forderung oder auch Dienstleistungen. Dabei gibt es Kaufvertr\u00e4ge, die regelm\u00e4ssig unproblematisch sind und auch nicht unbedingt als Vertrag gleich wahrgenommen werden, wenn man an den Einkauf im Supermarkt, oder den Kauf einer Hose in einem Bekleidungsgesch\u00e4ft denkt. Andere Vertr\u00e4ge m\u00f6gen wiederum heikler sein, wenn etwa das Auto nach wenigen Monaten einen Schaden aufweist, oder der teure Designeranzug beim dritten Tragen schon Gebrauchsspuren zeigt. Es geht im <a href=\"https:\/\/www.anwalt-zuerich.attorney\/ch\/kaufvertrag-schenkung\/\">Kaufrecht<\/a> regelm\u00e4ssig um die vertragsgem\u00e4sse Erf\u00fcllung. Unsere Kanzlei \u00fcbernimmt f\u00fcr Sie gerne die Pr\u00fcfung Ihres Kaufvertrages, untersucht, ob vertragsgem\u00e4ss erf\u00fcllt wurde, und kl\u00e4rt Sie auch \u00fcber die rechtliche Situation mit Blick auf die Geltendmachung von Gew\u00e4hrleistungsanspr\u00fcchen, Schadenersatz und dergleichen auf. Vereinbaren Sie unverbindlich einen Beratungstermin in unserer Kanzlei.<\/p>\n\n\n\n<p>Weitere Infos zu Thema <a href=\"https:\/\/www.anwalt-zuerich.attorney\/ch\/kaufvertrag-schenkung\/\">Kaufvertrag \/ Schenkung<\/a><\/p>\n\n\n\n<section id=\"section-e00c58af-bb08-49cc-994b-c023daec80fe\" class=\"wp-block-gutentor-divider section-e00c58af-bb08-49cc-994b-c023daec80fe gutentor-element gutentor-section gutentor-divider text-center\"><div class=\"grid-container\"><div class=\"gutentor-divider-box\"><span><svg xmlns=\"http:\/\/www.w3.org\/2000\/svg\" viewBox=\"0 0 240 40\" preserveAspectRatio=\"none\"><path d=\"M56.2 20c5.3-.1 10.6-.2 16-.3l16-.2c10.6-.1 21.3-.1 31.9-.2 10.6.1 21.3 0 31.9.1l16 .2c5.3.1 10.6.2 16 .3-5.3.1-10.6.2-16 .3l-16 .2c-10.6.1-21.3.1-31.9.1-10.6-.1-21.3 0-31.9-.2l-16-.2c-5.4.1-10.7 0-16-.1z\"><\/path><\/svg><\/span><\/div><\/div><\/section>\n\n\n\n<h2 class=\"wp-block-heading\" id=\"h-hier-finden-sie-ihren-anwalt-zivilrecht-privatrecht-in-z-rich-routenplaner\">Hier finden Sie Ihren Anwalt Zivilrecht Privatrecht in Z\u00fcrich &#8211; Routenplaner<\/h2>\n\n\n\n<div class=\"wp-block-yoast-seo-local-map\"><div id=\"map_canvas\" class=\"wpseo-map-canvas\" style=\"max-width: 100%; width: 400px; height: 300px;\"><ul><li><a href=\"https:\/\/www.anwalt-zuerich.attorney\/ch\/\">Anwaltskanzlei Zuerich<\/a><\/li><\/ul><\/div><div id=\"wpseo-directions-wrapper\"><h3 id=\"wpseo-directions\" class=\"wpseo-directions-heading\">Route<\/h3><form action=\"\" method=\"post\" class=\"wpseo-directions-form\" id=\"wpseo-directions-form\" onsubmit=\"wpseo_calculate_route( wpseoMapOptions[0].map, wpseoMapOptions[0].directionsDisplay, wpseoMapOptions[0].mapVars[0], wpseoMapOptions[0].mapVars[1], 0); return false;\"><p>Deine Adresse: <input type=\"text\" size=\"20\" id=\"origin\" value=\"\" \/><input type=\"submit\" class=\"wpseo-directions-submit\" value=\"Zeige Route\"><span id=\"wpseo-noroute\" style=\"display: none;\">Es konnte keine Route berechnet werden.<\/span><\/p><\/form><div id=\"directions\"><\/div><\/div><\/div>\n\n\n\n<section id=\"section-370c32e7-9476-4704-ba85-ecbbdd7cc633\" class=\"wp-block-gutentor-divider section-370c32e7-9476-4704-ba85-ecbbdd7cc633 gutentor-element gutentor-section gutentor-divider text-center\"><div class=\"grid-container\"><div class=\"gutentor-divider-box\"><span><svg xmlns=\"http:\/\/www.w3.org\/2000\/svg\" viewBox=\"0 0 240 40\" preserveAspectRatio=\"none\"><path d=\"M56.2 20c5.3-.1 10.6-.2 16-.3l16-.2c10.6-.1 21.3-.1 31.9-.2 10.6.1 21.3 0 31.9.1l16 .2c5.3.1 10.6.2 16 .3-5.3.1-10.6.2-16 .3l-16 .2c-10.6.1-21.3.1-31.9.1-10.6-.1-21.3 0-31.9-.2l-16-.2c-5.4.1-10.7 0-16-.1z\"><\/path><\/svg><\/span><\/div><\/div><\/section>\n\n\n\n<div class=\"wp-block-yoast-seo-local-address\"><div id=\"wpseo_location-\" class=\"wpseo-location\"><h3><span class=\"wpseo-business-name\">Anwaltskanzlei Zuerich<\/span><\/h3><div class=\"wpseo-address-wrapper\"><div class=\"street-address\">L\u00f6wenstrasse 43<\/div><span class=\"locality\"> Z\u00fcrich<\/span><\/div><span class=\"wpseo-phone\">Telefon: <a href=\"tel:+41435450150\" class=\"tel\"><span>+41435450150<\/span><\/a><\/span><br\/><span class=\"wpseo-email\">E-Mail: <a href=\"mailto:info&#064;w&#105;&#116;&#116;ib-&#108;&#097;w&#046;&#099;&#104;\">&#105;n&#102;o&#64;&#119;&#105;tt&#105;&#98;-&#108;&#97;&#119;.c&#104;<\/a><\/span><br\/><\/div><\/div>\n\n\n\n<section id=\"section-1d29e566-730f-4220-9a4f-a27f7c307872\" class=\"wp-block-gutentor-divider section-1d29e566-730f-4220-9a4f-a27f7c307872 gutentor-element gutentor-section gutentor-divider text-center\"><div class=\"grid-container\"><div class=\"gutentor-divider-box\"><span><svg xmlns=\"http:\/\/www.w3.org\/2000\/svg\" viewBox=\"0 0 240 40\" preserveAspectRatio=\"none\"><path d=\"M56.2 20c5.3-.1 10.6-.2 16-.3l16-.2c10.6-.1 21.3-.1 31.9-.2 10.6.1 21.3 0 31.9.1l16 .2c5.3.1 10.6.2 16 .3-5.3.1-10.6.2-16 .3l-16 .2c-10.6.1-21.3.1-31.9.1-10.6-.1-21.3 0-31.9-.2l-16-.2c-5.4.1-10.7 0-16-.1z\"><\/path><\/svg><\/span><\/div><\/div><\/section>\n\n\n\n<h2 class=\"wp-block-heading\" id=\"h-ffnungszeiten-und-telefonische-erreichbarkeit-ihrer-kanzlei-f-r-zivilrecht-privatrecht\">\u00d6ffnungszeiten und telefonische Erreichbarkeit Ihrer Kanzlei f\u00fcr Zivilrecht Privatrecht<\/h2>\n\n\n\n<div class=\"wp-block-yoast-seo-local-opening-hours\"><div class=\"wpseo-opening-hours-wrapper\"><table class=\"wpseo-opening-hours\" id =\"wpseo-opening-hours-\"><tr><td class=\"day\">Montag<\/td><td class=\"time\"><span>8:00 AM - 5:00 PM<\/span><\/td><\/tr><tr><td class=\"day\">Dienstag<\/td><td class=\"time\"><span>8:00 AM - 5:00 PM<\/span><\/td><\/tr><tr><td class=\"day\">Mittwoch<\/td><td class=\"time\"><span>8:00 AM - 5:00 PM<\/span><\/td><\/tr><tr><td class=\"day\">Donnerstag<\/td><td class=\"time\"><span>8:00 AM - 5:00 PM<\/span><\/td><\/tr><tr><td class=\"day\">Freitag<\/td><td class=\"time\"><span>8:00 AM - 5:00 PM<\/span><\/td><\/tr><tr><td class=\"day\">Samstag<\/td><td class=\"time\">Geschlossen<\/td><\/tr><tr><td class=\"day\">Sonntag<\/td><td class=\"time\">Geschlossen<\/td><\/tr><\/table><\/div><\/div>\n\n\n\n<section id=\"section-cd4d4ceb-13fb-4348-9eb8-50c37b01633d\" class=\"wp-block-gutentor-divider section-cd4d4ceb-13fb-4348-9eb8-50c37b01633d gutentor-element gutentor-section gutentor-divider text-center\"><div class=\"grid-container\"><div class=\"gutentor-divider-box\"><span><svg xmlns=\"http:\/\/www.w3.org\/2000\/svg\" viewBox=\"0 0 240 40\" preserveAspectRatio=\"none\"><path d=\"M56.2 20c5.3-.1 10.6-.2 16-.3l16-.2c10.6-.1 21.3-.1 31.9-.2 10.6.1 21.3 0 31.9.1l16 .2c5.3.1 10.6.2 16 .3-5.3.1-10.6.2-16 .3l-16 .2c-10.6.1-21.3.1-31.9.1-10.6-.1-21.3 0-31.9-.2l-16-.2c-5.4.1-10.7 0-16-.1z\"><\/path><\/svg><\/span><\/div><\/div><\/section>\n\n\n\n<p id=\"h-als-anw-ltin-expertin-f-r-internationales-privatrecht-auf-kabeleins\"><strong>ALS ANW\u00c4LTIN &amp; EXPERTIN F\u00dcR INTERNATIONALES PRIVATRECHT AUF KABELEINS<\/strong><\/p>\n\n\n\n<p><strong>Achtung Abzocke<\/strong> geh\u00f6rt zu den erfolgreichsten Sendungen auf Kabeleins. Der beliebte <strong>TV-Moderator Peter Giesel<\/strong> l\u00e4sst sich umfassend von <strong>Stanislava Wittibschlager<\/strong> beraten. Auch bei Fragen zum Arbeitsrecht kann Ihr Anwalt Arbeitszeugnis helfen.<\/p>\n\n\n\n<figure class=\"wp-block-embed aligncenter is-type-video is-provider-youtube wp-block-embed-youtube wp-embed-aspect-16-9 wp-has-aspect-ratio\"><div class=\"wp-block-embed__wrapper\">\n<iframe title=\"Krumme Gesch\u00e4fte: E-Bike-Verk\u00e4ufer verpfeift Ex-Gesch\u00e4ftspartner| 2\/3 | Achtung Abzocke | Kabel Eins\" width=\"550\" height=\"309\" src=\"https:\/\/www.youtube.com\/embed\/34dHcfpV3QQ?start=41&#038;feature=oembed\" frameborder=\"0\" allow=\"accelerometer; autoplay; clipboard-write; encrypted-media; gyroscope; picture-in-picture; web-share\" referrerpolicy=\"strict-origin-when-cross-origin\" allowfullscreen><\/iframe>\n<\/div><figcaption><strong>TV-Moderator Peter Giesel<\/strong> stellt Stanislava Wittibschlager Fragen zum Schweizer Insolvenzrecht. Gerne unterst\u00fctzt Sie Ihr <a href=\"https:\/\/www.wittib-law.ch\/Anwaltskanzlei-in-zuerich\/schuldbetreibung-konkursrecht-inkasso\/\">Anwalt f\u00fcr Insolvenzrecht in Z\u00fcrich.<\/a><br>.<\/figcaption><\/figure>\n\n\n\n<section id=\"section-e8bb6b24-9afe-4629-847a-300fc3fb81ae\" class=\"wp-block-gutentor-divider section-e8bb6b24-9afe-4629-847a-300fc3fb81ae gutentor-element gutentor-section gutentor-divider text-center\"><div class=\"grid-container\"><div class=\"gutentor-divider-box\"><span><svg xmlns=\"http:\/\/www.w3.org\/2000\/svg\" viewBox=\"0 0 240 40\" preserveAspectRatio=\"none\"><path d=\"M56.2 20c5.3-.1 10.6-.2 16-.3l16-.2c10.6-.1 21.3-.1 31.9-.2 10.6.1 21.3 0 31.9.1l16 .2c5.3.1 10.6.2 16 .3-5.3.1-10.6.2-16 .3l-16 .2c-10.6.1-21.3.1-31.9.1-10.6-.1-21.3 0-31.9-.2l-16-.2c-5.4.1-10.7 0-16-.1z\"><\/path><\/svg><\/span><\/div><\/div><\/section>\n\n\n<p class='wp-call-button-block-button wp-call-button-block-button-center'><a class='wp-call-button-in-btn' href='tel:+41435450150' style='background-color:#3b5998' ><svg x=\"0px\" y=\"0px\" width=\"459px\" height=\"459px\" viewBox=\"0 0 459 459\">\r\n\t\t\t\t<path\r\n\t\t\t\t\td=\"M91.8,198.9c35.7,71.4,96.9,130.05,168.3,168.3L316.2,311.1c7.649-7.649,17.85-10.199,25.5-5.1c28.05,10.2,58.649,15.3,91.8,15.3c15.3,0,25.5,10.2,25.5,25.5v86.7c0,15.3-10.2,25.5-25.5,25.5C193.8,459,0,265.2,0,25.5C0,10.2,10.2,0,25.5,0h89.25c15.3,0,25.5,10.2,25.5,25.5c0,30.6,5.1,61.2,15.3,91.8c2.55,7.65,0,17.85-5.1,25.5L91.8,198.9z\"\r\n\t\t\t\t\/>\r\n\t\t\t<\/svg> +41 43 545 01 50<\/a><\/p>\n\n\n<section id=\"section-afc8dee9-0161-474a-a4df-5aeb3a1464f1\" class=\"wp-block-gutentor-divider section-afc8dee9-0161-474a-a4df-5aeb3a1464f1 gutentor-element gutentor-section gutentor-divider text-center\"><div class=\"grid-container\"><div class=\"gutentor-divider-box\"><span><svg xmlns=\"http:\/\/www.w3.org\/2000\/svg\" viewBox=\"0 0 240 40\" preserveAspectRatio=\"none\"><path d=\"M56.2 20c5.3-.1 10.6-.2 16-.3l16-.2c10.6-.1 21.3-.1 31.9-.2 10.6.1 21.3 0 31.9.1l16 .2c5.3.1 10.6.2 16 .3-5.3.1-10.6.2-16 .3l-16 .2c-10.6.1-21.3.1-31.9.1-10.6-.1-21.3 0-31.9-.2l-16-.2c-5.4.1-10.7 0-16-.1z\"><\/path><\/svg><\/span><\/div><\/div><\/section>\n\n\n\n<p>Weitere Infos<\/p>\n\n\n\n<ul class=\"wp-block-yoast-seo-related-links\"><li><a href=\"https:\/\/www.anwalt-zuerich.attorney\/ch\/\">Anwalt Z\u00fcrich<\/a><\/li><li><a href=\"https:\/\/www.anwalt-zuerich.attorney\/ch\/anwalt-anwaeltin-fuer-prozessrecht\/\">Prozessrecht<\/a><\/li><li><a href=\"https:\/\/www.anwalt-zuerich.attorney\/ch\/kaufvertrag-schenkung\/\">Kaufvertrag und Schenkung<\/a><\/li><li><a href=\"https:\/\/www.anwalt-zuerich.attorney\/ch\/anwalt-internationale-scheidung\/\">Internationale Scheidung<\/a><\/li><li><a href=\"https:\/\/www.anwalt-zuerich.attorney\/ch\/anwalt-wirtschaftsrecht\/\">Wirtschaftsrecht<\/a><\/li><\/ul>\n<div style='text-align:center' class='yasr-auto-insert-visitor'><\/div>","protected":false},"excerpt":{"rendered":"<p>Suchen Sie einen Anwalt f\u00fcr Zivilrecht \/ Privatrecht? Ben\u00f6tigen Sie privatrechtliche Unterst\u00fctzung im Rechtsbereich des Personenrechts, Familienrechts oder des Sach- oder Erbrechts? Als Advokatur f\u00fcr Privatrecht in Z\u00fcrich \u00fcbernimmt unser Anwalt f\u00fcr Zivilrecht sowohl die Rechtsberatung als auch die Prozessvertretung im Streitfall. Unser Rechtsanwalt f\u00fcr Privatrecht ist auf komplexe Rechtsbelange des Ehe- und Eheschutzes sowie [&hellip;]<\/p>\n","protected":false},"author":1,"featured_media":0,"comment_status":"closed","ping_status":"closed","sticky":false,"template":"","format":"standard","meta":{"yasr_overall_rating":0,"yasr_post_is_review":"","yasr_auto_insert_disabled":"","yasr_review_type":"","footnotes":""},"categories":[1],"tags":[],"class_list":["post-7820","post","type-post","status-publish","format-standard","hentry","category-anwalt-zuerich"],"yasr_visitor_votes":{"stars_attributes":{"read_only":true,"span_bottom":"<div class='yasr-small-block-bold'><span class='yasr-visitor-votes-must-sign-in'>99% zufriedene Nutzer \/ Durchschnittsbewertungen unserer Klienten<\/span><\/div>"},"number_of_votes":14,"sum_votes":70},"gutentor_comment":0,"yoast_head":"<!-- This site is optimized with the Yoast SEO Premium plugin v26.4 (Yoast SEO v26.4) - https:\/\/yoast.com\/wordpress\/plugins\/seo\/ -->\n<title>Anwalt Zivilrecht Privatrecht - Experten f\u00fcr nationale &amp; internationale F\u00e4lle<\/title>\n<meta name=\"description\" content=\"Ihr Anwalt f\u00fcr Privatrecht \/ Zivilrecht in Z\u00fcrich \u00fcbernimmt die Beratung &amp; Prozessf\u00fchrung in allen zivilrechtlichen Rechtsbelangen.\" \/>\n<meta name=\"robots\" content=\"index, follow, max-snippet:-1, max-image-preview:large, max-video-preview:-1\" \/>\n<link rel=\"canonical\" href=\"https:\/\/www.anwalt-zuerich.attorney\/ch\/privatrecht-anwalt-zuerich\/\" \/>\n<meta property=\"og:locale\" content=\"de_DE\" \/>\n<meta property=\"og:type\" content=\"article\" \/>\n<meta property=\"og:title\" content=\"Anwalt Zivilrecht \/ Privatrecht\" \/>\n<meta property=\"og:description\" content=\"Ihr Anwalt f\u00fcr Privatrecht \/ Zivilrecht in Z\u00fcrich \u00fcbernimmt die Beratung &amp; Prozessf\u00fchrung in allen zivilrechtlichen Rechtsbelangen.\" \/>\n<meta property=\"og:url\" content=\"https:\/\/www.anwalt-zuerich.attorney\/ch\/privatrecht-anwalt-zuerich\/\" \/>\n<meta property=\"og:site_name\" content=\"Anwalt Z\u00fcrich\" \/>\n<meta property=\"article:publisher\" content=\"https:\/\/www.facebook.com\/Anwalt-f%c3%bcr-Familienrech-Arbeitsrecht-und-Scheidungsrecht-Z%c3%bcrich-2016470341934582\" \/>\n<meta property=\"article:published_time\" content=\"2021-01-21T17:28:16+00:00\" \/>\n<meta property=\"article:modified_time\" content=\"2021-12-22T08:36:48+00:00\" \/>\n<meta property=\"og:image\" content=\"https:\/\/www.anwalt-zuerich.attorney\/ch\/wp-content\/uploads\/2019\/12\/Screenshot-2019-03-12-10.16.23-1024x366.png\" \/>\n<meta name=\"author\" content=\"Anwalt Zuerich\" \/>\n<meta name=\"twitter:card\" content=\"summary_large_image\" \/>\n<meta name=\"twitter:label1\" content=\"Verfasst von\" \/>\n\t<meta name=\"twitter:data1\" content=\"Anwalt Zuerich\" \/>\n\t<meta name=\"twitter:label2\" content=\"Gesch\u00e4tzte Lesezeit\" \/>\n\t<meta name=\"twitter:data2\" content=\"5\u00a0Minuten\" \/>\n<meta name=\"geo.placename\" content=\"Z\u00fcrich\" \/>\n<meta name=\"geo.position\" content=\"47.37554931640625;8.53688907623291\" \/>\n<meta name=\"geo.region\" content=\"Schweiz\" \/>\n<!-- \/ Yoast SEO Premium plugin. -->","yoast_head_json":{"title":"Anwalt Zivilrecht Privatrecht - Experten f\u00fcr nationale & internationale F\u00e4lle","description":"Ihr Anwalt f\u00fcr Privatrecht \/ Zivilrecht in Z\u00fcrich \u00fcbernimmt die Beratung & Prozessf\u00fchrung in allen zivilrechtlichen Rechtsbelangen.","robots":{"index":"index","follow":"follow","max-snippet":"max-snippet:-1","max-image-preview":"max-image-preview:large","max-video-preview":"max-video-preview:-1"},"canonical":"https:\/\/www.anwalt-zuerich.attorney\/ch\/privatrecht-anwalt-zuerich\/","og_locale":"de_DE","og_type":"article","og_title":"Anwalt Zivilrecht \/ Privatrecht","og_description":"Ihr Anwalt f\u00fcr Privatrecht \/ Zivilrecht in Z\u00fcrich \u00fcbernimmt die Beratung & Prozessf\u00fchrung in allen zivilrechtlichen Rechtsbelangen.","og_url":"https:\/\/www.anwalt-zuerich.attorney\/ch\/privatrecht-anwalt-zuerich\/","og_site_name":"Anwalt Z\u00fcrich","article_publisher":"https:\/\/www.facebook.com\/Anwalt-f%c3%bcr-Familienrech-Arbeitsrecht-und-Scheidungsrecht-Z%c3%bcrich-2016470341934582","article_published_time":"2021-01-21T17:28:16+00:00","article_modified_time":"2021-12-22T08:36:48+00:00","og_image":[{"url":"https:\/\/www.anwalt-zuerich.attorney\/ch\/wp-content\/uploads\/2019\/12\/Screenshot-2019-03-12-10.16.23-1024x366.png","type":"","width":"","height":""}],"author":"Anwalt Zuerich","twitter_card":"summary_large_image","twitter_misc":{"Verfasst von":"Anwalt Zuerich","Gesch\u00e4tzte Lesezeit":"5\u00a0Minuten"},"schema":{"@context":"https:\/\/schema.org","@graph":[{"@type":"Article","@id":"https:\/\/www.anwalt-zuerich.attorney\/ch\/privatrecht-anwalt-zuerich\/#article","isPartOf":{"@id":"https:\/\/www.anwalt-zuerich.attorney\/ch\/privatrecht-anwalt-zuerich\/"},"author":{"name":"Anwalt Zuerich","@id":"https:\/\/www.anwalt-zuerich.attorney\/ch\/#\/schema\/person\/95f940152c58e99e980bf0fb13e9f1c1"},"headline":"Anwalt Zivilrecht \/ Privatrecht","datePublished":"2021-01-21T17:28:16+00:00","dateModified":"2021-12-22T08:36:48+00:00","mainEntityOfPage":{"@id":"https:\/\/www.anwalt-zuerich.attorney\/ch\/privatrecht-anwalt-zuerich\/"},"wordCount":847,"publisher":{"@id":"https:\/\/www.anwalt-zuerich.attorney\/ch\/#organization"},"image":{"@id":"https:\/\/www.anwalt-zuerich.attorney\/ch\/privatrecht-anwalt-zuerich\/#primaryimage"},"thumbnailUrl":"https:\/\/www.anwalt-zuerich.attorney\/ch\/wp-content\/uploads\/2019\/12\/Screenshot-2019-03-12-10.16.23-1024x366.png","articleSection":["Anwalt Z\u00fcrich"],"inLanguage":"de","accessibilityFeature":["tableOfContents"]},{"@type":"WebPage","@id":"https:\/\/www.anwalt-zuerich.attorney\/ch\/privatrecht-anwalt-zuerich\/","url":"https:\/\/www.anwalt-zuerich.attorney\/ch\/privatrecht-anwalt-zuerich\/","name":"Anwalt Zivilrecht Privatrecht - Experten f\u00fcr nationale & internationale F\u00e4lle","isPartOf":{"@id":"https:\/\/www.anwalt-zuerich.attorney\/ch\/#website"},"primaryImageOfPage":{"@id":"https:\/\/www.anwalt-zuerich.attorney\/ch\/privatrecht-anwalt-zuerich\/#primaryimage"},"image":{"@id":"https:\/\/www.anwalt-zuerich.attorney\/ch\/privatrecht-anwalt-zuerich\/#primaryimage"},"thumbnailUrl":"https:\/\/www.anwalt-zuerich.attorney\/ch\/wp-content\/uploads\/2019\/12\/Screenshot-2019-03-12-10.16.23-1024x366.png","datePublished":"2021-01-21T17:28:16+00:00","dateModified":"2021-12-22T08:36:48+00:00","description":"Ihr Anwalt f\u00fcr Privatrecht \/ Zivilrecht in Z\u00fcrich \u00fcbernimmt die Beratung & Prozessf\u00fchrung in allen zivilrechtlichen Rechtsbelangen.","breadcrumb":{"@id":"https:\/\/www.anwalt-zuerich.attorney\/ch\/privatrecht-anwalt-zuerich\/#breadcrumb"},"inLanguage":"de","potentialAction":[{"@type":"ReadAction","target":["https:\/\/www.anwalt-zuerich.attorney\/ch\/privatrecht-anwalt-zuerich\/"]}]},{"@type":"ImageObject","inLanguage":"de","@id":"https:\/\/www.anwalt-zuerich.attorney\/ch\/privatrecht-anwalt-zuerich\/#primaryimage","url":"https:\/\/www.anwalt-zuerich.attorney\/ch\/wp-content\/uploads\/2019\/12\/Screenshot-2019-03-12-10.16.23.png","contentUrl":"https:\/\/www.anwalt-zuerich.attorney\/ch\/wp-content\/uploads\/2019\/12\/Screenshot-2019-03-12-10.16.23.png","width":1890,"height":675,"caption":"Anwalt Privatrecht Z\u00fcrich"},{"@type":"BreadcrumbList","@id":"https:\/\/www.anwalt-zuerich.attorney\/ch\/privatrecht-anwalt-zuerich\/#breadcrumb","itemListElement":[{"@type":"ListItem","position":1,"name":"Home","item":"https:\/\/www.anwalt-zuerich.attorney\/ch\/"},{"@type":"ListItem","position":2,"name":"Anwalt Zivilrecht \/ Privatrecht"}]},{"@type":"WebSite","@id":"https:\/\/www.anwalt-zuerich.attorney\/ch\/#website","url":"https:\/\/www.anwalt-zuerich.attorney\/ch\/","name":"Anwalt Z\u00fcrich","description":"Anwalt f\u00fcr \u2713 Arbeitsrecht \u2713 Erbrecht \u2713 Familienrecht \u2713  Verwaltungsrecht  \u2713 Wirtschaftsrecht \u2713 Privatrecht \u2713 Handelsrecht","publisher":{"@id":"https:\/\/www.anwalt-zuerich.attorney\/ch\/#organization"},"potentialAction":[{"@type":"SearchAction","target":{"@type":"EntryPoint","urlTemplate":"https:\/\/www.anwalt-zuerich.attorney\/ch\/?s={search_term_string}"},"query-input":{"@type":"PropertyValueSpecification","valueRequired":true,"valueName":"search_term_string"}}],"inLanguage":"de"},{"@type":["Organization","Place"],"@id":"https:\/\/www.anwalt-zuerich.attorney\/ch\/#organization","name":"Anwaltskanzlei Zuerich","url":"https:\/\/www.anwalt-zuerich.attorney\/ch\/","logo":{"@id":"https:\/\/www.anwalt-zuerich.attorney\/ch\/privatrecht-anwalt-zuerich\/#local-main-organization-logo"},"image":{"@id":"https:\/\/www.anwalt-zuerich.attorney\/ch\/privatrecht-anwalt-zuerich\/#local-main-organization-logo"},"sameAs":["https:\/\/www.facebook.com\/Anwalt-f\u00fcr-Familienrech-Arbeitsrecht-und-Scheidungsrecht-Z\u00fcrich-2016470341934582"],"address":{"@id":"https:\/\/www.anwalt-zuerich.attorney\/ch\/privatrecht-anwalt-zuerich\/#local-main-place-address"},"geo":{"@type":"GeoCoordinates","latitude":"47.37554931640625","longitude":"8.53688907623291"},"telephone":["+41435450150"],"openingHoursSpecification":[{"@type":"OpeningHoursSpecification","dayOfWeek":["Monday","Tuesday","Wednesday","Thursday","Friday"],"opens":"08:00","closes":"17:00"},{"@type":"OpeningHoursSpecification","dayOfWeek":["Saturday","Sunday"],"opens":"00:00","closes":"00:00"}],"email":"info@wittib-law.ch"},{"@type":"Person","@id":"https:\/\/www.anwalt-zuerich.attorney\/ch\/#\/schema\/person\/95f940152c58e99e980bf0fb13e9f1c1","name":"Anwalt Zuerich","image":{"@type":"ImageObject","inLanguage":"de","@id":"https:\/\/www.anwalt-zuerich.attorney\/ch\/#\/schema\/person\/image\/","url":"https:\/\/secure.gravatar.com\/avatar\/42daca3ba25e2656c8a93581cdf1443d649767a7cbec9c51a67a8fd9baded316?s=96&d=mm&r=g","contentUrl":"https:\/\/secure.gravatar.com\/avatar\/42daca3ba25e2656c8a93581cdf1443d649767a7cbec9c51a67a8fd9baded316?s=96&d=mm&r=g","caption":"Anwalt Zuerich"}},{"@type":"PostalAddress","@id":"https:\/\/www.anwalt-zuerich.attorney\/ch\/privatrecht-anwalt-zuerich\/#local-main-place-address","streetAddress":"L\u00f6wenstrasse 43","addressLocality":"Z\u00fcrich","postalCode":"8001","addressCountry":"CH"},{"@type":"ImageObject","inLanguage":"de","@id":"https:\/\/www.anwalt-zuerich.attorney\/ch\/privatrecht-anwalt-zuerich\/#local-main-organization-logo","url":"https:\/\/www.anwalt-zuerich.attorney\/ch\/wp-content\/uploads\/2019\/02\/Anwaltskanzlei-Wittibschlager.jpg","contentUrl":"https:\/\/www.anwalt-zuerich.attorney\/ch\/wp-content\/uploads\/2019\/02\/Anwaltskanzlei-Wittibschlager.jpg","width":555,"height":176,"caption":"Anwaltskanzlei Zuerich"},false]},"geo.placename":"Z\u00fcrich","geo.position":{"lat":"47.37554931640625","long":"8.53688907623291"},"geo.region":"Schweiz"},"_links":{"self":[{"href":"https:\/\/www.anwalt-zuerich.attorney\/ch\/wp-json\/wp\/v2\/posts\/7820","targetHints":{"allow":["GET"]}}],"collection":[{"href":"https:\/\/www.anwalt-zuerich.attorney\/ch\/wp-json\/wp\/v2\/posts"}],"about":[{"href":"https:\/\/www.anwalt-zuerich.attorney\/ch\/wp-json\/wp\/v2\/types\/post"}],"author":[{"embeddable":true,"href":"https:\/\/www.anwalt-zuerich.attorney\/ch\/wp-json\/wp\/v2\/users\/1"}],"replies":[{"embeddable":true,"href":"https:\/\/www.anwalt-zuerich.attorney\/ch\/wp-json\/wp\/v2\/comments?post=7820"}],"version-history":[{"count":27,"href":"https:\/\/www.anwalt-zuerich.attorney\/ch\/wp-json\/wp\/v2\/posts\/7820\/revisions"}],"predecessor-version":[{"id":11041,"href":"https:\/\/www.anwalt-zuerich.attorney\/ch\/wp-json\/wp\/v2\/posts\/7820\/revisions\/11041"}],"wp:attachment":[{"href":"https:\/\/www.anwalt-zuerich.attorney\/ch\/wp-json\/wp\/v2\/media?parent=7820"}],"wp:term":[{"taxonomy":"category","embeddable":true,"href":"https:\/\/www.anwalt-zuerich.attorney\/ch\/wp-json\/wp\/v2\/categories?post=7820"},{"taxonomy":"post_tag","embeddable":true,"href":"https:\/\/www.anwalt-zuerich.attorney\/ch\/wp-json\/wp\/v2\/tags?post=7820"}],"curies":[{"name":"wp","href":"https:\/\/api.w.org\/{rel}","templated":true}]}}