{"id":8175,"date":"2021-10-13T07:10:56","date_gmt":"2021-10-13T07:10:56","guid":{"rendered":"https:\/\/www.anwalt-zuerich.attorney\/ch\/?p=8175"},"modified":"2021-12-22T08:28:26","modified_gmt":"2021-12-22T08:28:26","slug":"haftpflichtrecht-versicherungsrecht","status":"publish","type":"post","link":"https:\/\/www.anwalt-zuerich.attorney\/ch\/haftpflichtrecht-versicherungsrecht\/","title":{"rendered":"Anwalt Haftpflichtrecht und Versicherungsrecht"},"content":{"rendered":"\n<p class=\"yoast-reading-time__wrapper\"><span class=\"yoast-reading-time__icon\"><svg aria-hidden=\"true\" focusable=\"false\" data-icon=\"clock\" width=\"20\" height=\"20\" fill=\"none\" stroke=\"currentColor\" style=\"display:inline-block;vertical-align:-0.1em\" role=\"img\" xmlns=\"http:\/\/www.w3.org\/2000\/svg\" viewbox=\"0 0 24 24\"><path stroke-linecap=\"round\" stroke-linejoin=\"round\" stroke-width=\"2\" d=\"M12 8v4l3 3m6-3a9 9 0 11-18 0 9 9 0 0118 0z\"><\/path><\/svg><\/span><span class=\"yoast-reading-time__spacer\" style=\"display:inline-block;width:1em\"><\/span><span class=\"yoast-reading-time__descriptive-text\">Voraussichtliche Lesedauer:  <\/span><span class=\"yoast-reading-time__reading-time\">10<\/span><span class=\"yoast-reading-time__time-unit\"> Minuten<\/span><\/p>\n\n\n\n<p>Hatten Sie einen <strong>Unfall<\/strong>? Ist bei einer <strong>Operation etwas schief gelaufen<\/strong>? Wurde Ihr <strong>Rentenanspruch gek\u00fcrzt<\/strong>? H\u00e4lt Ihre Pensionskasse Ihr <strong>Altersguthaben<\/strong> zur\u00fcck? M\u00f6chten Sie einen <strong>Schadensersatz- oder eine Versicherungsleistung durchsetzen<\/strong>? Suchen Sie einen Anwalt Haftpflichtrecht Versicherungsrecht? Unsere <strong>Rechtsanw\u00e4lte sind Experten im Haftpflicht- und Versicherungsrecht<\/strong>. Unser Anwalt f\u00fcr Haftpflichtrecht und Versicherungsrecht verhilft Ihnen <strong>zu Ihrem Recht<\/strong>. Wir setzen uns f\u00fcr Sie <strong>gegen Ihre Versicherung zur Wehr!<\/strong><\/p>\n\n\n\n<section id=\"section-ef0db06b-6d6f-4bdd-aba0-6d6792795406\" class=\"wp-block-gutentor-divider section-ef0db06b-6d6f-4bdd-aba0-6d6792795406 gutentor-element gutentor-section gutentor-divider text-center\"><div class=\"grid-container\"><div class=\"gutentor-divider-box\"><span><svg xmlns=\"http:\/\/www.w3.org\/2000\/svg\" viewBox=\"0 0 240 40\" preserveAspectRatio=\"none\"><path d=\"M56.2 20c5.3-.1 10.6-.2 16-.3l16-.2c10.6-.1 21.3-.1 31.9-.2 10.6.1 21.3 0 31.9.1l16 .2c5.3.1 10.6.2 16 .3-5.3.1-10.6.2-16 .3l-16 .2c-10.6.1-21.3.1-31.9.1-10.6-.1-21.3 0-31.9-.2l-16-.2c-5.4.1-10.7 0-16-.1z\"><\/path><\/svg><\/span><\/div><\/div><\/section>\n\n\n\n<div class=\"wp-block-columns alignwide are-vertically-aligned-center is-layout-flex wp-container-core-columns-is-layout-9d6595d7 wp-block-columns-is-layout-flex\">\n<div class=\"wp-block-column is-layout-flow wp-block-column-is-layout-flow\" style=\"flex-basis:50%\">\n<p class=\"has-large-font-size\"><strong>Ihre Anw\u00e4ltin<\/strong><\/p>\n\n\n\n<h2 class=\"wp-block-heading\" id=\"h-scheidungsanw-ltin-und-inhaberin-der-anwaltskanzlei\"><strong><a href=\"https:\/\/www.anwalt-zuerich.attorney\/scheidungsanwalt\/\">Scheidungsanw\u00e4ltin<\/a><\/strong> und <strong>Inhaberin der Anwaltskanzlei <\/strong><\/h2>\n\n\n\n<p>Ich und mein Team beraten und vertreten <strong>Privatpersonen<\/strong> im <a href=\"https:\/\/www.anwalt-zuerich.attorney\/ch\/anwalt-arbeitsrecht-zuerich\/\">Arbeits-<\/a>, <a href=\"https:\/\/www.anwalt-zuerich.attorney\/ch\/anwalt-erbrecht\/\">Erbrecht<\/a> und <a href=\"https:\/\/www.anwalt-zuerich.attorney\/ch\/anwalt-familienrecht\/\">Familienrecht<\/a> sowie bei der  Vorsorge- und Nachlassplanung. Mein Fokus richtet sich auf <a href=\"https:\/\/www.anwalt-zuerich.attorney\/ch\/anwalt-scheidung\/\">Scheidung<\/a>, Trennung und <a href=\"https:\/\/www.anwalt-zuerich.attorney\/ch\/anwalt-eherecht-eheschutz\/\">Eheschutz<\/a>.<\/p>\n\n\n\n<p><strong>Unternehmen<\/strong> unterst\u00fctze ich im <a href=\"https:\/\/www.anwalt-zuerich.attorney\/ch\/anwalt-unternehmensrecht-firmenrecht-betriebsnachfolge\/\">Unternehmens- und Firmenrecht<\/a>, der <a href=\"https:\/\/www.anwalt-zuerich.attorney\/ch\/anwalt-unternehmensrecht-firmenrecht-betriebsnachfolge\/\">Unternehmensnachfolge<\/a>, im <a href=\"https:\/\/www.anwalt-zuerich.attorney\/ch\/anwalt-mietrecht\/\">Miet-<\/a>, <a href=\"https:\/\/www.anwalt-zuerich.attorney\/ch\/anwalt-baurecht\/\">Bau-<\/a> &amp; <a href=\"https:\/\/www.anwalt-zuerich.attorney\/ch\/anwalt-gesellschaftsrecht\/\">Gesellschaftsrecht<\/a>, <a href=\"https:\/\/www.anwalt-zuerich.attorney\/ch\/anwalt-immobilienrecht\/\">Immobilienrecht<\/a>, <a href=\"https:\/\/www.anwalt-zuerich.attorney\/ch\/anwalt-it-recht-datenschutz-zuerich\/\">IT-Recht &amp; Datenschutz<\/a>, <a href=\"https:\/\/www.anwalt-zuerich.attorney\/ch\/anwalt-immaterialgueterrecht-markenschutz\/\">Marken-<\/a>, <a href=\"https:\/\/www.anwalt-zuerich.attorney\/ch\/haftpflichtrecht-versicherungsrecht\/\">Haftpflicht- &amp; Versicherungsrecht<\/a> sowie im <a href=\"https:\/\/www.anwalt-zuerich.attorney\/ch\/anwalt-vertragsrecht\/\">Vertrags-<\/a> &amp;<a href=\"https:\/\/www.anwalt-zuerich.attorney\/rechtsberatung\/Firmengruendung-Gesellschaftsrecht-Handelsrecht\/\"> <\/a><a href=\"https:\/\/www.anwalt-zuerich.attorney\/ch\/anwalt-wirtschaftsrecht\/\">Wirtschaftsrecht<\/a>.&nbsp;<\/p>\n<\/div>\n\n\n\n<div class=\"wp-block-column is-layout-flow wp-block-column-is-layout-flow\" style=\"flex-basis:50%\">\n<figure class=\"wp-block-image is-style-default\"><img decoding=\"async\" width=\"300\" height=\"413\" src=\"https:\/\/www.anwalt-zuerich.attorney\/ch\/wp-content\/uploads\/2019\/12\/Screenshot-2018-07-31-13.19.00-e1576162692534.png\" alt=\"Scheidungsanwalt Anwalt internationales Privatrecht\" class=\"wp-image-590\"\/><figcaption><em>Ihr <strong>Scheidungsanwalt<\/strong> oder <strong>Anwalt<\/strong> f\u00fcr <strong>internationales Privatrecht<\/strong> kann Sie unterst\u00fctzten!<\/em><\/figcaption><\/figure>\n<\/div>\n<\/div>\n\n\n\n<blockquote class=\"wp-block-quote has-text-align-center is-style-large is-layout-flow wp-block-quote-is-layout-flow\"><p>Mit Leidenschaft stehen wir f\u00fcr Ihre Interessen ein!<\/p><cite>Stanislava Wittibschlager, Inhaberin der Kanzlei Wittibschlager<\/cite><\/blockquote>\n\n\n\n<div class=\"wp-block-image\"><figure class=\"aligncenter size-full\"><img decoding=\"async\" width=\"426\" height=\"103\" src=\"https:\/\/www.anwalt-zuerich.attorney\/ch\/wp-content\/uploads\/2020\/12\/cropped-Bildschirmfoto-2020-12-02-um-19.24.01.png\" alt=\"Anwaltskanzlei Wittibschlager\" class=\"wp-image-7211\" srcset=\"https:\/\/www.anwalt-zuerich.attorney\/ch\/wp-content\/uploads\/2020\/12\/cropped-Bildschirmfoto-2020-12-02-um-19.24.01.png 426w, https:\/\/www.anwalt-zuerich.attorney\/ch\/wp-content\/uploads\/2020\/12\/cropped-Bildschirmfoto-2020-12-02-um-19.24.01-300x73.png 300w\" sizes=\"(max-width: 426px) 100vw, 426px\" \/><\/figure><\/div>\n\n\n\n<p class=\"has-text-align-center\"> <\/p>\n\n\n\n<section id=\"section-c45ca1f7-152d-43ad-ab36-d9f223072c7c\" class=\"wp-block-gutentor-divider section-c45ca1f7-152d-43ad-ab36-d9f223072c7c gutentor-element gutentor-section gutentor-divider text-center\"><div class=\"grid-container\"><div class=\"gutentor-divider-box\"><span><svg xmlns=\"http:\/\/www.w3.org\/2000\/svg\" viewBox=\"0 0 240 40\" preserveAspectRatio=\"none\"><path d=\"M56.2 20c5.3-.1 10.6-.2 16-.3l16-.2c10.6-.1 21.3-.1 31.9-.2 10.6.1 21.3 0 31.9.1l16 .2c5.3.1 10.6.2 16 .3-5.3.1-10.6.2-16 .3l-16 .2c-10.6.1-21.3.1-31.9.1-10.6-.1-21.3 0-31.9-.2l-16-.2c-5.4.1-10.7 0-16-.1z\"><\/path><\/svg><\/span><\/div><\/div><\/section>\n\n\n\n<div class=\"wp-block-yoast-seo-table-of-contents yoast-table-of-contents\"><h2>Inhaltsverzeichnis<\/h2><ul><li><a href=\"#h-ein-spezialisierter-anwalt-vertritt-sie-in-allen-versicherungs-und-haftpflichtfragen\" data-level=\"2\">Ein spezialisierter Anwalt vertritt Sie in allen Versicherungs- und Haftpflichtfragen<\/a><\/li><li><a href=\"#h-experte-f-r-schadenersatzanspr-che\" data-level=\"2\">Experte f\u00fcr Schadenersatzanspr\u00fcche<\/a><\/li><li><a href=\"#h-ihre-juristische-beratung-im-haftpflichtrecht-von-ihrem-anwalt-f-r-haftpflichtrecht-und-versicherungsrecht\" data-level=\"2\">Ihre juristische Beratung im Haftpflichtrecht von Ihrem Anwalt f\u00fcr Haftpflichtrecht und Versicherungsrecht<\/a><\/li><li><a href=\"#h-wissenswertes-zum-schadenersatz-und-der-genugtuung-vom-anwalt-f-r-haftpflichtrecht-versicherungsrecht\" data-level=\"2\">Wissenswertes zum Schadenersatz und der Genugtuung vom Anwalt f\u00fcr Haftpflichtrecht &amp; Versicherungsrecht<\/a><\/li><li><a href=\"#h-anwaltliche-beratung-und-vertretung-im-versicherungsrecht-in-der-region-z-rich\" data-level=\"2\">Anwaltliche Beratung und Vertretung im Versicherungsrecht in der Region Z\u00fcrich<\/a><\/li><li><a href=\"#h-ihr-rechtsanwalt-f-r-ahv-und-invalidenversicherung\" data-level=\"2\">Ihr Rechtsanwalt f\u00fcr AHV und Invalidenversicherung<\/a><\/li><li><a href=\"#h-das-arbeitslosenversicherungsrecht\" data-level=\"2\">Das Arbeitslosenversicherungsrecht<\/a><ul><li><a href=\"#h-die-arbeitslosenversicherung-und-die-insolvenzenentsch-digung\" data-level=\"3\">Die Arbeitslosenversicherung und die Insolvenzenentsch\u00e4digung<\/a><\/li><\/ul><\/li><li><a href=\"#h-die-arbeitslosenversicherung-im-ausland\" data-level=\"2\">Die Arbeitslosenversicherung im Ausland<\/a><\/li><li><a href=\"#h-was-versteht-man-unter-der-beruflichen-vorsorge-bv\" data-level=\"2\">Was versteht man unter der beruflichen Vorsorge (BV)?<\/a><\/li><li><a href=\"#h-anwaltliche-unterst-tzung-vom-anwalt-f-r-haftpflichtrecht-versicherungsrecht-bei-sach-und-verm-genssch-den\" data-level=\"2\">Anwaltliche Unterst\u00fctzung vom Anwalt f\u00fcr Haftpflichtrecht &amp; Versicherungsrecht bei Sach- und Verm\u00f6genssch\u00e4den<\/a><\/li><li><a href=\"#h-hier-finden-sie-ihren-anwalt-und-experten-f-r-das-haftplicht-und-versicherungsrecht-in-z-rich-routenplaner\" data-level=\"2\">Hier finden Sie Ihren Anwalt und Experten f\u00fcr das Haftplicht- und Versicherungsrecht in Z\u00fcrich &#8211; Routenplaner<\/a><\/li><li><a href=\"#h-ffnungszeiten-und-telefonische-erreichbarkeit-ihrer-advokatur-f-r-haftpflicht-und-versicherungsrecht-in-z-rich\" data-level=\"2\">\u00d6ffnungszeiten und telefonische Erreichbarkeit Ihrer Advokatur f\u00fcr Haftpflicht- und Versicherungsrecht in Z\u00fcrich<\/a><\/li><\/ul><\/div>\n\n\n\n<section id=\"section-355b46c0-3044-4f47-9b2b-10ab1c2f19f5\" class=\"wp-block-gutentor-divider section-355b46c0-3044-4f47-9b2b-10ab1c2f19f5 gutentor-element gutentor-section gutentor-divider text-center\"><div class=\"grid-container\"><div class=\"gutentor-divider-box\"><span><svg xmlns=\"http:\/\/www.w3.org\/2000\/svg\" viewBox=\"0 0 240 40\" preserveAspectRatio=\"none\"><path d=\"M56.2 20c5.3-.1 10.6-.2 16-.3l16-.2c10.6-.1 21.3-.1 31.9-.2 10.6.1 21.3 0 31.9.1l16 .2c5.3.1 10.6.2 16 .3-5.3.1-10.6.2-16 .3l-16 .2c-10.6.1-21.3.1-31.9.1-10.6-.1-21.3 0-31.9-.2l-16-.2c-5.4.1-10.7 0-16-.1z\"><\/path><\/svg><\/span><\/div><\/div><\/section>\n\n\n<p class='wp-call-button-block-button wp-call-button-block-button-center'><a class='wp-call-button-in-btn' href='tel:+41435450150' style='background-color:#3b5998' ><svg x=\"0px\" y=\"0px\" width=\"459px\" height=\"459px\" viewBox=\"0 0 459 459\">\r\n\t\t\t\t<path\r\n\t\t\t\t\td=\"M91.8,198.9c35.7,71.4,96.9,130.05,168.3,168.3L316.2,311.1c7.649-7.649,17.85-10.199,25.5-5.1c28.05,10.2,58.649,15.3,91.8,15.3c15.3,0,25.5,10.2,25.5,25.5v86.7c0,15.3-10.2,25.5-25.5,25.5C193.8,459,0,265.2,0,25.5C0,10.2,10.2,0,25.5,0h89.25c15.3,0,25.5,10.2,25.5,25.5c0,30.6,5.1,61.2,15.3,91.8c2.55,7.65,0,17.85-5.1,25.5L91.8,198.9z\"\r\n\t\t\t\t\/>\r\n\t\t\t<\/svg> +41 43 545 01 50<\/a><\/p>\n\n\n<h2 class=\"wp-block-heading\" id=\"h-ein-spezialisierter-anwalt-vertritt-sie-in-allen-versicherungs-und-haftpflichtfragen\">Ein spezialisierter Anwalt vertritt Sie in allen Versicherungs- und Haftpflichtfragen<\/h2>\n\n\n\n<p>Dieses <strong>Rechtsgebiet umfasst<\/strong> viele verschiedene Kon<strong>stellationen und Bereiche, wie etwa <\/strong>Unstimmigkeiten zwischen dem <strong>Versicherungstr\u00e4ger und dem Versicherungsnehmer<\/strong>, aber auch <strong>Konflikte<\/strong>, die <strong>zwischen zwei Personen im Nachgang bspw. eines Verkehrsunfalles<\/strong> entstehen k\u00f6nnen. <\/p>\n\n\n\n<h2 class=\"wp-block-heading\" id=\"h-experte-f-r-schadenersatzanspr-che\">Experte f\u00fcr Schadenersatzanspr\u00fcche<\/h2>\n\n\n\n<p>F\u00fcr das Haftpflicht typisch sind Konstellationen, wo (wechselseitig) <strong>Schadenersatzanspr\u00fcche<\/strong> entstehen k\u00f6nnen. Es ist daher klug, sich mit einem spezialisierten Anwalt die Situation genau anzusehen, und sich dann f\u00fcr weitere Schritte beraten zu lassen. Wir sind dabei bei allen <strong>Fragen der <a href=\"https:\/\/www.anwalt-zuerich.attorney\/ch\/anwalt-vertragsrecht\/\">Vertragshaftung<\/a>, bei Sachsch\u00e4den, Tierhalterhaftung, Werkeigent\u00fcmerhaftung und Gesch\u00e4ftsherrenhaftung<\/strong> ebenso, wie bei <strong>vertraglichen und ausservertraglichen haftpflichtsrechtlichen Fragen<\/strong> jederzeit f\u00fcr Sie erreichbar und unterst\u00fctzen und beraten Sie gerne unverbindlich, oder vertreten Ihre Interessen in der Folge auch vor Gericht. Dabei ist die Unterst\u00fctzung eines Anwalts f\u00fcr Haftpflicht- und Versicherungsrecht von entscheidender Bedeutung, um die optimale L\u00f6sung zu erzielen.<\/p>\n\n\n\n<figure class=\"wp-block-image size-large is-style-default\"><img decoding=\"async\" width=\"1024\" height=\"404\" src=\"https:\/\/www.anwalt-zuerich.attorney\/ch\/wp-content\/uploads\/2021\/10\/Anwalt-Haftpflichtrecht-Versicherungsrecht-1024x404.png\" alt=\"Anwalt Haftpflichtrecht Versicherungsrecht\" class=\"wp-image-8234\" srcset=\"https:\/\/www.anwalt-zuerich.attorney\/ch\/wp-content\/uploads\/2021\/10\/Anwalt-Haftpflichtrecht-Versicherungsrecht-1024x404.png 1024w, https:\/\/www.anwalt-zuerich.attorney\/ch\/wp-content\/uploads\/2021\/10\/Anwalt-Haftpflichtrecht-Versicherungsrecht-300x118.png 300w, https:\/\/www.anwalt-zuerich.attorney\/ch\/wp-content\/uploads\/2021\/10\/Anwalt-Haftpflichtrecht-Versicherungsrecht-768x303.png 768w, https:\/\/www.anwalt-zuerich.attorney\/ch\/wp-content\/uploads\/2021\/10\/Anwalt-Haftpflichtrecht-Versicherungsrecht-1536x606.png 1536w, https:\/\/www.anwalt-zuerich.attorney\/ch\/wp-content\/uploads\/2021\/10\/Anwalt-Haftpflichtrecht-Versicherungsrecht.png 1678w\" sizes=\"(max-width: 1024px) 100vw, 1024px\" \/><figcaption><em>Unser Anwalt f\u00fcr Haftpflicht und Versicherungsrecht kann Sie unterst\u00fctzen!<\/em><\/figcaption><\/figure>\n\n\n\n<h2 class=\"wp-block-heading\" id=\"h-ihre-juristische-beratung-im-haftpflichtrecht-von-ihrem-anwalt-f-r-haftpflichtrecht-und-versicherungsrecht\">Ihre juristische Beratung im Haftpflichtrecht von Ihrem Anwalt f\u00fcr Haftpflichtrecht und Versicherungsrecht<\/h2>\n\n\n\n<p>Das <strong>Versicherungsrecht<\/strong> ist eine <strong>komplexe Materie<\/strong>, weshalb eine juristische Beratung nur von Vorteil sein kann, wenn man bspw. an <strong>Anspr\u00fcche aus der beruflichen Vorsorge oder das <a href=\"https:\/\/www.wittib-law.ch\/Anwaltskanzlei-in-zuerich\/anwalt-anwaeltin-fuer-sozialversicherungsrecht\/\">Sozialversicherungsrecht<\/a> <\/strong>denkt.&nbsp;<\/p>\n\n\n\n<p>Ein heikles Feld im <strong>Haftpflichtrecht<\/strong> betrifft <strong>Spit\u00e4ler, \u00c4rzte oder Produzenten von Medikamenten<\/strong>. Es passiert nicht selten, dass hier <strong>zwischen Patient\/Konsument<\/strong> und <strong>behandelndem Arzt\/Spital Anspr\u00fcche geltend gemacht werden<\/strong>. Die gesch\u00e4digte Person muss einen wie auch immer gearteten Ersatz in der H\u00f6he erhalten, so dass sie wie vor einem <strong>Behandlungsfehler\/Unfall<\/strong> etc. gestellt ist. <\/p>\n\n\n\n<p>Eine <strong>fundierte und sachkundige Beratung<\/strong> erfahrener Anw\u00e4lte in diesem Bereich ist daher ein ganz wichtiger Baustein, um eine unangenehme Situation bestm\u00f6glich l\u00f6sen und abwickeln zu k\u00f6nnen. Gerade <strong>Behandlungsfehler oder Unf\u00e4lle k\u00f6nnen vor allem auch finanziell sehr hohe Forderungen ausl\u00f6sen<\/strong>, da der Schutz der gesch\u00e4digten Person sehr weit ausgelegt wird.<\/p>\n\n\n\n<h2 class=\"wp-block-heading\" id=\"h-wissenswertes-zum-schadenersatz-und-der-genugtuung-vom-anwalt-f-r-haftpflichtrecht-versicherungsrecht\">Wissenswertes zum Schadenersatz und der Genugtuung vom Anwalt f\u00fcr Haftpflichtrecht &amp; Versicherungsrecht<\/h2>\n\n\n\n<p>Stellen Sie sich vor, es hat jemand einen <strong>Unfall<\/strong> gehabt, oder eine <strong>schlechte \u00e4rztliche Behandlung<\/strong> erleiden m\u00fcssen, <strong>durch die dauerhafte Sch\u00e4den<\/strong> wie etwa <strong>k\u00f6rperliche Beeintr\u00e4chtigung und Schmerzen, vielleicht psychische Erkrankungen<\/strong> etc. hervorgerufen wurden. Das Gesetz sieht in solchen F\u00e4llen vor, dass die gesch\u00e4digte Person einen <strong>Anspruch auf finanziellen Ausgleich<\/strong> in Form der <strong>Genugtuung<\/strong> hat. Zudem kann auch ein <strong>Anspruch auf Schmerzensgeld<\/strong> bestehen, wenn eine irgendwie geartete Beeintr\u00e4chtigung beim Gesch\u00e4digten aufgrund eines Schadens eingetreten ist. Im Detail sind solche Konstellationen oft schwierig, da die beiden beteiligten Parteien nachvollziehbarer Weise andere Interessen verfolgen. Es ist daher sehr zu empfehlen, sich von einem erfahrenen und spezialisierten Anwalt in diesem Bereich beraten und unterst\u00fctzen zu lassen.<\/p>\n\n\n\n<p>Neben den bereits geschilderten Konstellationen k\u00f6nnen \u00e4hnliche <strong>Probleme<\/strong> aber auch bei <strong>Krankentagegeldversicherungen<\/strong>, jeglichen <strong>Autoversicherungen, Lebensversicherungen, Unfallversicherungen oder Zusatzversicherungen<\/strong> auftreten. Lassen Sie sich fachkundig beraten, um rechtlich auf der sicheren Seite zu sein.<\/p>\n\n\n\n<p><strong>Schadenersatz und Schmerzensgeld bei K\u00f6rperverletzung in der Schweiz<\/strong><\/p>\n\n\n\n<p>Wer einen Schaden erleidet, hat Anspruch auf Ersatz. Diese allgemeine Regel ist bekannt und leuchtet ein. In manchen F\u00e4llen dehnt sich der Anspruch auch auf andere Personen aus, wenn es daf\u00fcr eine Rechtfertigung gibt. Dabei ist wichtig zu betonen, dass es hier dann nicht mehr um einen Ersatz im eigentlichen Sinne geht, sondern um <strong>eine Anerkennung des erlittenen immateriellen Schadens<\/strong>, der etwa in <strong>Leid, Trauer oder Schmerzen<\/strong> bestehen kann. Neben dem Schadenersatz kann bspw.<strong> Bei unverschuldeten Unf\u00e4llen oder Verletzungen ein Anspruch auf Genugtuung (Schmerzensgeld) bestehen, die eine Art Wiedergutmachung darstellen soll<\/strong>.&nbsp;<\/p>\n\n\n\n<h2 class=\"wp-block-heading\" id=\"h-anwaltliche-beratung-und-vertretung-im-versicherungsrecht-in-der-region-z-rich\">Anwaltliche Beratung und Vertretung im Versicherungsrecht in der Region Z\u00fcrich<\/h2>\n\n\n\n<p>Im Versicherungsrecht stehen sich regelm\u00e4ssige eine Person, die eine Leistung m\u00f6chte, und die Versicherung, die diese bezahlen soll, gegen\u00fcber. Es ist sofort klar, dass es hier unter Umst\u00e4nden unterschiedliche Interessenlagen gibt. Wenn auch auf den ersten Blick ein Anspruch sonnenklar erscheint, so muss dieser oftmals detailliert und fundiert nachgewiesen und dargestellt werden. Unsere Experten auf dem Gebiet des Versicherungsrechts haben jahrelange Erfahrung und unterst\u00fctzen, beraten und vertreten Sie gerne bei Ihrem Anliegen. Sie k\u00f6nnen ganz einfach einen Beratungstermin bei uns in der Kanzlei vereinbaren, bei welchem wir Ihre Situation gemeinsam analysieren und besprechen, sowie gleich weitere Schritte, sollten diese notwendig sein, vereinbaren k\u00f6nnen.<\/p>\n\n\n\n<h2 class=\"wp-block-heading\" id=\"h-ihr-rechtsanwalt-f-r-ahv-und-invalidenversicherung\">Ihr Rechtsanwalt f\u00fcr AHV und Invalidenversicherung<\/h2>\n\n\n\n<p>Wie Sie wissen, gibt es in der Schweiz das sogenannte <strong>Drei-S\u00e4ulen-Modell<\/strong>, wovon die <strong>Alters- und Hinterlassenenversicherung (AHV)<\/strong> und die <strong>Invalidenversicherung (IV)<\/strong> die erste S\u00e4ule des Systems bilden. Jede Person, welche in der Schweiz dauerhaft arbeitet oder wohnt, ist automatisch in der<strong> AHV versichert<\/strong>. Es k\u00f6nnen in Zusammenhang mit diesen Pflichtversicherungen Fragen zu den Themen <strong>Aufschub der Rente<\/strong> oder umgekehrt die <strong>Fr\u00fchpensionierung<\/strong>, aber auch in Einzelf\u00e4llen zu Abgrenzungsfragen auftreten. Oft ist nicht eindeutig feststellbar, ob etwas in die AHV f\u00e4llt oder nicht. Denken Sie bspw. an <strong>Depression oder Traumata<\/strong>. Sollten Sie <strong>ein Anliegen in Bezug auf AHV oder Invalidenversicherung oder andere Erg\u00e4nzungsleistungen<\/strong> haben, z\u00f6gern Sie bitte nicht, einen unserer spezialisierten Anw\u00e4lte zu kontaktieren. Wir beraten und unterst\u00fctzen Sie gerne, sodass Sie zu Ihrem Recht kommen.<\/p>\n\n\n\n<h2 class=\"wp-block-heading\" id=\"h-das-arbeitslosenversicherungsrecht\">Das Arbeitslosenversicherungsrecht<\/h2>\n\n\n\n<p>In der Schweiz ist das SECO, Staatssekretariat f\u00fcr Wirtschaft, die Arbeitsmarktbeh\u00f6rde, die gemeinsam mit den Kantonen, regionalen Arbeitsvermittlungszentren, sowie der Arbeitslosenkasse selbst daf\u00fcr verantwortlich zeichnet, die Arbeitslosigkeit so niedrig als m\u00f6glich zu halten und Menschen wieder in Besch\u00e4ftigung zu bringen und sie in Besch\u00e4ftigung zu halten.<\/p>\n\n\n\n<h3 class=\"wp-block-heading\" id=\"h-die-arbeitslosenversicherung-und-die-insolvenzenentsch-digung\">Die Arbeitslosenversicherung und die Insolvenzenentsch\u00e4digung<\/h3>\n\n\n\n<p>Die Arbeitslosenversicherung kommt f\u00fcr Lohnverluste aufgrund eines Arbeitsausfalles oder bei Arbeitslosigkeit auf. Die Insolvenzentsch\u00e4digung dient als Absicherung f\u00fcr Arbeitnehmer, wenn die Arbeitgeberin zahlungsunf\u00e4hig geworden ist. Sie ersetzt die letzten vier Monatsl\u00f6hne des Arbeitsverh\u00e4ltnisses gem\u00e4ss<a href=\"https:\/\/www.fedlex.admin.ch\/eli\/cc\/1982\/2184_2184_2184\/de#art_52\"> Art. 52 AVlG.<\/a> Dabei m\u00fcssen Sie das folgende Verfahren einhalten: Im Zeitpunkt der Konkurser\u00f6ffnung m\u00fcssen offene Lohnforderungen vorliegen, die Sie geltend machen wollen. Sie m\u00fcssen dabei Ihre Arbeitgeberin schriftlich annahmen, und wenn dies erfolglos geblieben ist, \u00fcber das Betreibungs- bzw. Konkursamt Ihren Anspruch geltend machen. Letztlich muss zudem das Formular \u00abAntrag auf Insolvenzentsch\u00e4digung\u00bb innert 60 Tagen ab Ver\u00f6ffentlichung des Konkurs im Schweizerischen Handelsamtsblattes eingereicht werden, um den Anspruch wirksam durchsetzen zu k\u00f6nnen.<\/p>\n\n\n\n<p><strong>Was passiert, wenn man selbst k\u00fcndigt?<\/strong> <\/p>\n\n\n\n<p>Ihr Anwalt Haftpflichtrecht Versicherungsrecht: Hierbei kommt es auf die Gr\u00fcnde darauf an, weshalb die K\u00fcndigung erfolgt ist. Ist diese schuldhaft erfolgt, so kann dies Konsequenzen f\u00fcr die Anspruchsberechtigung gegen\u00fcber der Arbeitslosenkasse haben. Im schwersten Fall, also einer K\u00fcndigung ohne entschuldbaren Grund, kann der Anspruch f\u00fcr bis zu 60 Tage eingefroren werden.<\/p>\n\n\n\n<h2 class=\"wp-block-heading\" id=\"h-die-arbeitslosenversicherung-im-ausland\">Die Arbeitslosenversicherung im Ausland<\/h2>\n\n\n\n<p>Prinzipiell greift die Arbeitslosenversicherung nach einer R\u00fcckkehr von einem Auslandsaufenthalt, der l\u00e4nger als ein Jahr angedauert hat, auch wieder in der Schweiz. Voraussetzung daf\u00fcr ist f\u00fcr niedergelassene Ausl\u00e4nder wie f\u00fcr Schweizer B\u00fcrger gleichermassen, dass sie im Ausland einer beitragspflichtigen Besch\u00e4ftigung nachgegangen sind und diesen Nachweis auch erbringen k\u00f6nnen. Liegen diese Voraussetzungen vor, so ist diese Person f\u00fcr den Zeitraum von einem Jahr nach der R\u00fcckkehr von der Erf\u00fcllung von Beitragszeiten f\u00fcr den Bezug von Arbeitslosenversicherungsleistungen befreit. F\u00fcr Personen aus Drittstaaten, also weder Staatsb\u00fcrger der EU noch der EFTA, bestimmt der Bundesrat, unter welchen Bedingungen die Befreiung von der Erf\u00fcllung von Beitragszeiten erfolgen kann. Siehe hier zu das AVlG, im Speziellen <a href=\"https:\/\/www.fedlex.admin.ch\/eli\/cc\/1982\/2184_2184_2184\/de#art_13\">Art. 13<\/a> und <a href=\"https:\/\/www.fedlex.admin.ch\/eli\/cc\/1982\/2184_2184_2184\/de#art_14\">Art. 14 Abs. 3. AVlG<\/a>. Holen Sie sich Rat bei unserem Anwalt f\u00fcr Haftpflichtrecht und Versicherungsrecht!<\/p>\n\n\n\n<h2 class=\"wp-block-heading\" id=\"h-was-versteht-man-unter-der-beruflichen-vorsorge-bv\">Was versteht man unter der beruflichen Vorsorge (BV)?<\/h2>\n\n\n\n<p>Ihr Anwalt Haftpflichtrecht Versicherungsrecht: Die erste und die zweite S\u00e4ule kommt allen Arbeitnehmern zugute, welche versichert sind und mehr als 21330 Franken verdienen (Stand 2020). Das Ziel ist, mit diesen beiden S\u00e4ulen ein Renteneinkommen von etwa 60% des Letztgehalts zu erreichen. Diese Versicherung ist vorgeschrieben und startet mit dem Arbeitsbeginn (jedoch fr\u00fchestens ab 17). Bis zum Alter von 24 Jahren dienen die bezahlten Beitr\u00e4ge allerdings nur dazu, das Risiko von Tod und Invalidit\u00e4t abzusichern. Danach wird bis zum Eintritt in die Pension f\u00fcr die Rente im Alter gespart. Der Arbeitgeber ist verpflichtet, sich einer Vorsorgeeinrichtung anzuschliessen oder selbst eine zu errichten.&nbsp;<\/p>\n\n\n\n<p>Was passiert mit der Arbeitslosenversicherung, wenn man selbst k\u00fcndigt? Hierbei kommt es auf die Gr\u00fcnde darauf an, weshalb die K\u00fcndigung erfolgt ist. Ist diese schuldhaft erfolgt, so kann dies Konsequenzen f\u00fcr die Anspruchsberechtigung gegen\u00fcber der Arbeitslosenkasse haben. Im schwersten Fall, also einer K\u00fcndigung ohne entschuldbaren Grund, kann der Anspruch f\u00fcr bis zu 60 Tage eingefroren werden.<\/p>\n\n\n\n<h2 class=\"wp-block-heading\" id=\"h-anwaltliche-unterst-tzung-vom-anwalt-f-r-haftpflichtrecht-versicherungsrecht-bei-sach-und-verm-genssch-den\">Anwaltliche Unterst\u00fctzung vom Anwalt f\u00fcr Haftpflichtrecht &amp; Versicherungsrecht bei Sach- und Verm\u00f6genssch\u00e4den<\/h2>\n\n\n\n<p>Man kann in der Schweiz nicht nur <strong>nat\u00fcrliche Personen<\/strong>, also Menschen, gegen alles M\u00f6gliche versichern. Vielmehr ist es auch m\u00f6glich (und durchaus g\u00e4ngig), <strong>Sachen (Gegenst\u00e4nde, Wertsachen, etc.) zu versichern<\/strong>. Dar\u00fcber hinaus kennen Sie bestimmt auch so genannte <strong>Reiser\u00fccktrittsversicherungen oder Diebstahlversicherungen<\/strong>. Nur eine spezialisierter Anwalt f\u00fcr Haftpflichtrecht und Versicherungsrecht kann Ihre Interessen optimal vertreten.<\/p>\n\n\n\n<p>Als generelle Bemerkung kann man festhalten, dass es oftmals auf die <strong>Beweislast darauf ankommt, wie leicht ein Anspruch durchsetzbar ist<\/strong>. In vielen F\u00e4llen ist es sogar so, dass die Versicherung beweisen muss, dass der Umstand, weshalb sie zahlungspflichtig w\u00e4re, eben genau nicht eingetreten ist. F\u00fcr all diese Feinheiten und Details lohnt es sich, einen anwaltlichen <strong>Rat bei einem spezialisierten Anwalt Haftpflichtrecht Versicherungsrecht in Anspruch<\/strong> zu nehmen, <strong>um nicht auf allf\u00e4llig zustehende Leistungen verzichten zu m\u00fcssen<\/strong>. Ihr Anwalt Haftpflichtrecht Versicherungsrecht ist f\u00fcr Sie da!<\/p>\n\n\n\n<section id=\"section-01753f0a-1771-4b8c-b49a-9797c82fc769\" class=\"wp-block-gutentor-divider section-01753f0a-1771-4b8c-b49a-9797c82fc769 gutentor-element gutentor-section gutentor-divider text-center\"><div class=\"grid-container\"><div class=\"gutentor-divider-box\"><span><svg xmlns=\"http:\/\/www.w3.org\/2000\/svg\" viewBox=\"0 0 240 40\" preserveAspectRatio=\"none\"><path d=\"M56.2 20c5.3-.1 10.6-.2 16-.3l16-.2c10.6-.1 21.3-.1 31.9-.2 10.6.1 21.3 0 31.9.1l16 .2c5.3.1 10.6.2 16 .3-5.3.1-10.6.2-16 .3l-16 .2c-10.6.1-21.3.1-31.9.1-10.6-.1-21.3 0-31.9-.2l-16-.2c-5.4.1-10.7 0-16-.1z\"><\/path><\/svg><\/span><\/div><\/div><\/section>\n\n\n<p class='wp-call-button-block-button wp-call-button-block-button-center'><a class='wp-call-button-in-btn' href='tel:+41435450150' style='background-color:#3b5998' ><svg x=\"0px\" y=\"0px\" width=\"459px\" height=\"459px\" viewBox=\"0 0 459 459\">\r\n\t\t\t\t<path\r\n\t\t\t\t\td=\"M91.8,198.9c35.7,71.4,96.9,130.05,168.3,168.3L316.2,311.1c7.649-7.649,17.85-10.199,25.5-5.1c28.05,10.2,58.649,15.3,91.8,15.3c15.3,0,25.5,10.2,25.5,25.5v86.7c0,15.3-10.2,25.5-25.5,25.5C193.8,459,0,265.2,0,25.5C0,10.2,10.2,0,25.5,0h89.25c15.3,0,25.5,10.2,25.5,25.5c0,30.6,5.1,61.2,15.3,91.8c2.55,7.65,0,17.85-5.1,25.5L91.8,198.9z\"\r\n\t\t\t\t\/>\r\n\t\t\t<\/svg> +41 43 545 01 50<\/a><\/p>\n\n\n<h2 class=\"wp-block-heading\" id=\"h-hier-finden-sie-ihren-anwalt-und-experten-f-r-das-haftplicht-und-versicherungsrecht-in-z-rich-routenplaner\">Hier finden Sie Ihren Anwalt und Experten f\u00fcr das Haftplicht- und Versicherungsrecht in Z\u00fcrich &#8211; Routenplaner<\/h2>\n\n\n\n<div class=\"wp-block-yoast-seo-local-map\"><div id=\"map_canvas\" class=\"wpseo-map-canvas\" style=\"max-width: 100%; width: 400px; height: 300px;\"><ul><li><a href=\"https:\/\/www.anwalt-zuerich.attorney\/ch\/\">Anwaltskanzlei Zuerich<\/a><\/li><\/ul><\/div><div id=\"wpseo-directions-wrapper\"><h3 id=\"wpseo-directions\" class=\"wpseo-directions-heading\">Route<\/h3><form action=\"\" method=\"post\" class=\"wpseo-directions-form\" id=\"wpseo-directions-form\" onsubmit=\"wpseo_calculate_route( wpseoMapOptions[0].map, wpseoMapOptions[0].directionsDisplay, wpseoMapOptions[0].mapVars[0], wpseoMapOptions[0].mapVars[1], 0); return false;\"><p>Deine Adresse: <input type=\"text\" size=\"20\" id=\"origin\" value=\"\" \/><input type=\"submit\" class=\"wpseo-directions-submit\" value=\"Zeige Route\"><span id=\"wpseo-noroute\" style=\"display: none;\">Es konnte keine Route berechnet werden.<\/span><\/p><\/form><div id=\"directions\"><\/div><\/div><\/div>\n\n\n\n<section id=\"section-5ed79abf-df25-4e9d-9cb7-eff52b71cad7\" class=\"wp-block-gutentor-divider section-5ed79abf-df25-4e9d-9cb7-eff52b71cad7 gutentor-element gutentor-section gutentor-divider text-center\"><div class=\"grid-container\"><div class=\"gutentor-divider-box\"><span><svg xmlns=\"http:\/\/www.w3.org\/2000\/svg\" viewBox=\"0 0 240 40\" preserveAspectRatio=\"none\"><path d=\"M56.2 20c5.3-.1 10.6-.2 16-.3l16-.2c10.6-.1 21.3-.1 31.9-.2 10.6.1 21.3 0 31.9.1l16 .2c5.3.1 10.6.2 16 .3-5.3.1-10.6.2-16 .3l-16 .2c-10.6.1-21.3.1-31.9.1-10.6-.1-21.3 0-31.9-.2l-16-.2c-5.4.1-10.7 0-16-.1z\"><\/path><\/svg><\/span><\/div><\/div><\/section>\n\n\n\n<div class=\"wp-block-yoast-seo-local-address\"><div id=\"wpseo_location-\" class=\"wpseo-location\"><h3><span class=\"wpseo-business-name\">Anwaltskanzlei Zuerich<\/span><\/h3><div class=\"wpseo-address-wrapper\"><div class=\"street-address\">L\u00f6wenstrasse 43<\/div><span class=\"locality\"> Z\u00fcrich<\/span><\/div><span class=\"wpseo-phone\">Telefon: <a href=\"tel:+41435450150\" class=\"tel\"><span>+41435450150<\/span><\/a><\/span><br\/><span class=\"wpseo-email\">E-Mail: <a href=\"mailto:&#105;n&#102;o&#064;w&#105;&#116;&#116;ib-&#108;&#097;w&#046;ch\">&#105;&#110;fo&#64;&#119;&#105;&#116;ti&#98;&#45;&#108;&#97;&#119;.&#99;h<\/a><\/span><br\/><\/div><\/div>\n\n\n\n<section id=\"section-1aacfd12-73b8-4397-9aba-aa3e00efb1a3\" class=\"wp-block-gutentor-divider section-1aacfd12-73b8-4397-9aba-aa3e00efb1a3 gutentor-element gutentor-section gutentor-divider text-center\"><div class=\"grid-container\"><div class=\"gutentor-divider-box\"><span><svg xmlns=\"http:\/\/www.w3.org\/2000\/svg\" viewBox=\"0 0 240 40\" preserveAspectRatio=\"none\"><path d=\"M56.2 20c5.3-.1 10.6-.2 16-.3l16-.2c10.6-.1 21.3-.1 31.9-.2 10.6.1 21.3 0 31.9.1l16 .2c5.3.1 10.6.2 16 .3-5.3.1-10.6.2-16 .3l-16 .2c-10.6.1-21.3.1-31.9.1-10.6-.1-21.3 0-31.9-.2l-16-.2c-5.4.1-10.7 0-16-.1z\"><\/path><\/svg><\/span><\/div><\/div><\/section>\n\n\n\n<h2 class=\"wp-block-heading\" id=\"h-ffnungszeiten-und-telefonische-erreichbarkeit-ihrer-advokatur-f-r-haftpflicht-und-versicherungsrecht-in-z-rich\">\u00d6ffnungszeiten und telefonische Erreichbarkeit Ihrer Advokatur f\u00fcr Haftpflicht- und Versicherungsrecht in Z\u00fcrich<\/h2>\n\n\n\n<div class=\"wp-block-yoast-seo-local-opening-hours\"><div class=\"wpseo-opening-hours-wrapper\"><table class=\"wpseo-opening-hours\" id =\"wpseo-opening-hours-\"><tr><td class=\"day\">Montag<\/td><td class=\"time\"><span>8:00 AM - 5:00 PM<\/span><\/td><\/tr><tr><td class=\"day\">Dienstag<\/td><td class=\"time\"><span>8:00 AM - 5:00 PM<\/span><\/td><\/tr><tr><td class=\"day\">Mittwoch<\/td><td class=\"time\"><span>8:00 AM - 5:00 PM<\/span><\/td><\/tr><tr><td class=\"day\">Donnerstag<\/td><td class=\"time\"><span>8:00 AM - 5:00 PM<\/span><\/td><\/tr><tr><td class=\"day\">Freitag<\/td><td class=\"time\"><span>8:00 AM - 5:00 PM<\/span><\/td><\/tr><tr><td class=\"day\">Samstag<\/td><td class=\"time\">Geschlossen<\/td><\/tr><tr><td class=\"day\">Sonntag<\/td><td class=\"time\">Geschlossen<\/td><\/tr><\/table><\/div><\/div>\n\n\n\n<section id=\"section-220d6835-3326-4921-9447-182f43f88fb5\" class=\"wp-block-gutentor-divider section-220d6835-3326-4921-9447-182f43f88fb5 gutentor-element gutentor-section gutentor-divider text-center\"><div class=\"grid-container\"><div class=\"gutentor-divider-box\"><span><svg xmlns=\"http:\/\/www.w3.org\/2000\/svg\" viewBox=\"0 0 240 40\" preserveAspectRatio=\"none\"><path d=\"M56.2 20c5.3-.1 10.6-.2 16-.3l16-.2c10.6-.1 21.3-.1 31.9-.2 10.6.1 21.3 0 31.9.1l16 .2c5.3.1 10.6.2 16 .3-5.3.1-10.6.2-16 .3l-16 .2c-10.6.1-21.3.1-31.9.1-10.6-.1-21.3 0-31.9-.2l-16-.2c-5.4.1-10.7 0-16-.1z\"><\/path><\/svg><\/span><\/div><\/div><\/section>\n\n\n\n<p id=\"h-als-anw-ltin-expertin-f-r-internationales-privatrecht-auf-kabeleins\"><strong>ALS ANW\u00c4LTIN &amp; EXPERTIN F\u00dcR INTERNATIONALES PRIVATRECHT AUF KABELEINS<\/strong><\/p>\n\n\n\n<p><strong>Achtung Abzocke<\/strong> geh\u00f6rt zu den erfolgreichsten Sendungen auf Kabeleins. Der beliebte <strong>TV-Moderator Peter Giesel<\/strong> l\u00e4sst sich umfassend von <strong>Stanislava Wittibschlager<\/strong> beraten.<\/p>\n\n\n\n<figure class=\"wp-block-embed aligncenter is-type-video is-provider-youtube wp-block-embed-youtube wp-embed-aspect-16-9 wp-has-aspect-ratio\"><div class=\"wp-block-embed__wrapper\">\n<iframe title=\"Krumme Gesch\u00e4fte: E-Bike-Verk\u00e4ufer verpfeift Ex-Gesch\u00e4ftspartner| 2\/3 | Achtung Abzocke | Kabel Eins\" width=\"550\" height=\"309\" src=\"https:\/\/www.youtube.com\/embed\/34dHcfpV3QQ?start=41&#038;feature=oembed\" frameborder=\"0\" allow=\"accelerometer; autoplay; clipboard-write; encrypted-media; gyroscope; picture-in-picture; web-share\" referrerpolicy=\"strict-origin-when-cross-origin\" allowfullscreen><\/iframe>\n<\/div><figcaption><strong>TV-Moderator Peter Giesel<\/strong> stellt Stanislava Wittibschlager Fragen zum Schweizer Insolvenzrecht.<\/figcaption><\/figure>\n\n\n\n<section id=\"section-2bcb0aa3-bbf2-4498-9bf2-14a9efae4c52\" class=\"wp-block-gutentor-divider section-2bcb0aa3-bbf2-4498-9bf2-14a9efae4c52 gutentor-element gutentor-section gutentor-divider text-center\"><div class=\"grid-container\"><div class=\"gutentor-divider-box\"><span><svg xmlns=\"http:\/\/www.w3.org\/2000\/svg\" viewBox=\"0 0 240 40\" preserveAspectRatio=\"none\"><path d=\"M56.2 20c5.3-.1 10.6-.2 16-.3l16-.2c10.6-.1 21.3-.1 31.9-.2 10.6.1 21.3 0 31.9.1l16 .2c5.3.1 10.6.2 16 .3-5.3.1-10.6.2-16 .3l-16 .2c-10.6.1-21.3.1-31.9.1-10.6-.1-21.3 0-31.9-.2l-16-.2c-5.4.1-10.7 0-16-.1z\"><\/path><\/svg><\/span><\/div><\/div><\/section>\n\n\n\n<p>Weitere Infos<\/p>\n\n\n\n<ul class=\"wp-block-yoast-seo-related-links\"><li><a href=\"https:\/\/www.anwalt-zuerich.attorney\/ch\/\">Anwalt Z\u00fcrich<\/a><\/li><li><a href=\"https:\/\/www.anwalt-zuerich.attorney\/ch\/anwalt-transportrecht\/\">Transportrecht<\/a><\/li><li><a href=\"https:\/\/www.anwalt-zuerich.attorney\/ch\/unterhalt\/\">Unterhalt<\/a><\/li><li><a href=\"https:\/\/www.anwalt-zuerich.attorney\/ch\/anwalt-testament-erbvertrag\/\">Testament &#8211; Erbvertrag<\/a><\/li><li><a href=\"https:\/\/www.anwalt-zuerich.attorney\/ch\/anwalt-ehevertrag\/\">Ehevertrag<\/a><\/li><\/ul>\n<div style='text-align:center' class='yasr-auto-insert-visitor'><\/div>","protected":false},"excerpt":{"rendered":"<p>Hatten Sie einen Unfall? Ist bei einer Operation etwas schief gelaufen? Wurde Ihr Rentenanspruch gek\u00fcrzt? H\u00e4lt Ihre Pensionskasse Ihr Altersguthaben zur\u00fcck? M\u00f6chten Sie einen Schadensersatz- oder eine Versicherungsleistung durchsetzen? Suchen Sie einen Anwalt Haftpflichtrecht Versicherungsrecht? Unsere Rechtsanw\u00e4lte sind Experten im Haftpflicht- und Versicherungsrecht. Unser Anwalt f\u00fcr Haftpflichtrecht und Versicherungsrecht verhilft Ihnen zu Ihrem Recht. Wir [&hellip;]<\/p>\n","protected":false},"author":1,"featured_media":677,"comment_status":"closed","ping_status":"closed","sticky":false,"template":"","format":"standard","meta":{"yasr_overall_rating":0,"yasr_post_is_review":"","yasr_auto_insert_disabled":"","yasr_review_type":"","footnotes":""},"categories":[1],"tags":[1841,1912,1839,1840,1913,796,657,1914,1842,384,1843,148],"class_list":["post-8175","post","type-post","status-publish","format-standard","has-post-thumbnail","hentry","category-anwalt-zuerich","tag-ahv","tag-arbeitslosenversicherungsrecht-alv","tag-genugtuung","tag-haftpflichtrecht","tag-insolvenzentschaedigung","tag-invalidenversicherung-iv","tag-koerperverletzung","tag-pensionskasse","tag-sachschaden","tag-schadenersatz","tag-vermoegensschaden","tag-versicherungsrecht"],"yasr_visitor_votes":{"stars_attributes":{"read_only":true,"span_bottom":"<div class='yasr-small-block-bold'><span class='yasr-visitor-votes-must-sign-in'>99% zufriedene Nutzer \/ Durchschnittsbewertungen unserer Klienten<\/span><\/div>"},"number_of_votes":27,"sum_votes":135},"gutentor_comment":6,"yoast_head":"<!-- This site is optimized with the Yoast SEO Premium plugin v26.4 (Yoast SEO v26.4) - https:\/\/yoast.com\/wordpress\/plugins\/seo\/ -->\n<title>Anwalt Haftpflichtrecht Versicherungsrecht. Wir sind f\u00fcr Sie da!<\/title>\n<meta name=\"description\" content=\"Ihr Anwalt f\u00fcr Haftpflichtrecht &amp; Versicherungsrecht macht Ihre Anspr\u00fcche (Schadenersatz, Genugtuung, Anspruch aus AHV, IV... ) geltend!\" \/>\n<meta name=\"robots\" content=\"index, follow, max-snippet:-1, max-image-preview:large, max-video-preview:-1\" \/>\n<link rel=\"canonical\" href=\"https:\/\/www.anwalt-zuerich.attorney\/ch\/haftpflichtrecht-versicherungsrecht\/\" \/>\n<meta property=\"og:locale\" content=\"de_DE\" \/>\n<meta property=\"og:type\" content=\"article\" \/>\n<meta property=\"og:title\" content=\"Anwalt Haftpflichtrecht und Versicherungsrecht\" \/>\n<meta property=\"og:description\" content=\"Ihr Anwalt f\u00fcr Haftpflichtrecht &amp; Versicherungsrecht macht Ihre Anspr\u00fcche (Schadenersatz, Genugtuung, Anspruch aus AHV, IV... ) geltend!\" \/>\n<meta property=\"og:url\" content=\"https:\/\/www.anwalt-zuerich.attorney\/ch\/haftpflichtrecht-versicherungsrecht\/\" \/>\n<meta property=\"og:site_name\" content=\"Anwalt Z\u00fcrich\" \/>\n<meta property=\"article:publisher\" content=\"https:\/\/www.facebook.com\/Anwalt-f%c3%bcr-Familienrech-Arbeitsrecht-und-Scheidungsrecht-Z%c3%bcrich-2016470341934582\" \/>\n<meta property=\"article:published_time\" content=\"2021-10-13T07:10:56+00:00\" \/>\n<meta property=\"article:modified_time\" content=\"2021-12-22T08:28:26+00:00\" \/>\n<meta property=\"og:image\" content=\"https:\/\/www.anwalt-zuerich.attorney\/ch\/wp-content\/uploads\/2019\/12\/Screenshot-2019-03-12-10.32.09-1.png\" \/>\n\t<meta property=\"og:image:width\" content=\"1874\" \/>\n\t<meta property=\"og:image:height\" content=\"668\" \/>\n\t<meta property=\"og:image:type\" content=\"image\/png\" \/>\n<meta name=\"author\" content=\"Anwalt Zuerich\" \/>\n<meta name=\"twitter:card\" content=\"summary_large_image\" \/>\n<meta name=\"twitter:label1\" content=\"Verfasst von\" \/>\n\t<meta name=\"twitter:data1\" content=\"Anwalt Zuerich\" \/>\n\t<meta name=\"twitter:label2\" content=\"Gesch\u00e4tzte Lesezeit\" \/>\n\t<meta name=\"twitter:data2\" content=\"10\u00a0Minuten\" \/>\n<meta name=\"geo.placename\" content=\"Z\u00fcrich\" \/>\n<meta name=\"geo.position\" content=\"47.37554931640625;8.53688907623291\" \/>\n<meta name=\"geo.region\" content=\"Schweiz\" \/>\n<!-- \/ Yoast SEO Premium plugin. -->","yoast_head_json":{"title":"Anwalt Haftpflichtrecht Versicherungsrecht. Wir sind f\u00fcr Sie da!","description":"Ihr Anwalt f\u00fcr Haftpflichtrecht & Versicherungsrecht macht Ihre Anspr\u00fcche (Schadenersatz, Genugtuung, Anspruch aus AHV, IV... ) geltend!","robots":{"index":"index","follow":"follow","max-snippet":"max-snippet:-1","max-image-preview":"max-image-preview:large","max-video-preview":"max-video-preview:-1"},"canonical":"https:\/\/www.anwalt-zuerich.attorney\/ch\/haftpflichtrecht-versicherungsrecht\/","og_locale":"de_DE","og_type":"article","og_title":"Anwalt Haftpflichtrecht und Versicherungsrecht","og_description":"Ihr Anwalt f\u00fcr Haftpflichtrecht & Versicherungsrecht macht Ihre Anspr\u00fcche (Schadenersatz, Genugtuung, Anspruch aus AHV, IV... ) geltend!","og_url":"https:\/\/www.anwalt-zuerich.attorney\/ch\/haftpflichtrecht-versicherungsrecht\/","og_site_name":"Anwalt Z\u00fcrich","article_publisher":"https:\/\/www.facebook.com\/Anwalt-f%c3%bcr-Familienrech-Arbeitsrecht-und-Scheidungsrecht-Z%c3%bcrich-2016470341934582","article_published_time":"2021-10-13T07:10:56+00:00","article_modified_time":"2021-12-22T08:28:26+00:00","og_image":[{"width":1874,"height":668,"url":"https:\/\/www.anwalt-zuerich.attorney\/ch\/wp-content\/uploads\/2019\/12\/Screenshot-2019-03-12-10.32.09-1.png","type":"image\/png"}],"author":"Anwalt Zuerich","twitter_card":"summary_large_image","twitter_misc":{"Verfasst von":"Anwalt Zuerich","Gesch\u00e4tzte Lesezeit":"10\u00a0Minuten"},"schema":{"@context":"https:\/\/schema.org","@graph":[{"@type":"Article","@id":"https:\/\/www.anwalt-zuerich.attorney\/ch\/haftpflichtrecht-versicherungsrecht\/#article","isPartOf":{"@id":"https:\/\/www.anwalt-zuerich.attorney\/ch\/haftpflichtrecht-versicherungsrecht\/"},"author":{"name":"Anwalt Zuerich","@id":"https:\/\/www.anwalt-zuerich.attorney\/ch\/#\/schema\/person\/95f940152c58e99e980bf0fb13e9f1c1"},"headline":"Anwalt Haftpflichtrecht und Versicherungsrecht","datePublished":"2021-10-13T07:10:56+00:00","dateModified":"2021-12-22T08:28:26+00:00","mainEntityOfPage":{"@id":"https:\/\/www.anwalt-zuerich.attorney\/ch\/haftpflichtrecht-versicherungsrecht\/"},"wordCount":2002,"publisher":{"@id":"https:\/\/www.anwalt-zuerich.attorney\/ch\/#organization"},"image":{"@id":"https:\/\/www.anwalt-zuerich.attorney\/ch\/haftpflichtrecht-versicherungsrecht\/#primaryimage"},"thumbnailUrl":"https:\/\/www.anwalt-zuerich.attorney\/ch\/wp-content\/uploads\/2019\/12\/Screenshot-2019-03-12-10.32.09-1.png","keywords":["AHV","Arbeitslosenversicherungsrecht ALV","Genugtuung","Haftpflichtrecht","Insolvenzentsch\u00e4digung","Invalidenversicherung (IV)","K\u00f6rperverletzung","Pensionskasse","Sachschaden","Schadenersatz","Verm\u00f6gensschaden","Versicherungsrecht"],"articleSection":["Anwalt Z\u00fcrich"],"inLanguage":"de","accessibilityFeature":["tableOfContents"]},{"@type":"WebPage","@id":"https:\/\/www.anwalt-zuerich.attorney\/ch\/haftpflichtrecht-versicherungsrecht\/","url":"https:\/\/www.anwalt-zuerich.attorney\/ch\/haftpflichtrecht-versicherungsrecht\/","name":"Anwalt Haftpflichtrecht Versicherungsrecht. Wir sind f\u00fcr Sie da!","isPartOf":{"@id":"https:\/\/www.anwalt-zuerich.attorney\/ch\/#website"},"primaryImageOfPage":{"@id":"https:\/\/www.anwalt-zuerich.attorney\/ch\/haftpflichtrecht-versicherungsrecht\/#primaryimage"},"image":{"@id":"https:\/\/www.anwalt-zuerich.attorney\/ch\/haftpflichtrecht-versicherungsrecht\/#primaryimage"},"thumbnailUrl":"https:\/\/www.anwalt-zuerich.attorney\/ch\/wp-content\/uploads\/2019\/12\/Screenshot-2019-03-12-10.32.09-1.png","datePublished":"2021-10-13T07:10:56+00:00","dateModified":"2021-12-22T08:28:26+00:00","description":"Ihr Anwalt f\u00fcr Haftpflichtrecht & Versicherungsrecht macht Ihre Anspr\u00fcche (Schadenersatz, Genugtuung, Anspruch aus AHV, IV... ) geltend!","breadcrumb":{"@id":"https:\/\/www.anwalt-zuerich.attorney\/ch\/haftpflichtrecht-versicherungsrecht\/#breadcrumb"},"inLanguage":"de","potentialAction":[{"@type":"ReadAction","target":["https:\/\/www.anwalt-zuerich.attorney\/ch\/haftpflichtrecht-versicherungsrecht\/"]}]},{"@type":"ImageObject","inLanguage":"de","@id":"https:\/\/www.anwalt-zuerich.attorney\/ch\/haftpflichtrecht-versicherungsrecht\/#primaryimage","url":"https:\/\/www.anwalt-zuerich.attorney\/ch\/wp-content\/uploads\/2019\/12\/Screenshot-2019-03-12-10.32.09-1.png","contentUrl":"https:\/\/www.anwalt-zuerich.attorney\/ch\/wp-content\/uploads\/2019\/12\/Screenshot-2019-03-12-10.32.09-1.png","width":1874,"height":668,"caption":"Anwalt Haftpflichtrecht Versicherungsrecht"},{"@type":"BreadcrumbList","@id":"https:\/\/www.anwalt-zuerich.attorney\/ch\/haftpflichtrecht-versicherungsrecht\/#breadcrumb","itemListElement":[{"@type":"ListItem","position":1,"name":"Home","item":"https:\/\/www.anwalt-zuerich.attorney\/ch\/"},{"@type":"ListItem","position":2,"name":"Anwalt Haftpflichtrecht und Versicherungsrecht"}]},{"@type":"WebSite","@id":"https:\/\/www.anwalt-zuerich.attorney\/ch\/#website","url":"https:\/\/www.anwalt-zuerich.attorney\/ch\/","name":"Anwalt Z\u00fcrich","description":"Anwalt f\u00fcr \u2713 Arbeitsrecht \u2713 Erbrecht \u2713 Familienrecht \u2713  Verwaltungsrecht  \u2713 Wirtschaftsrecht \u2713 Privatrecht \u2713 Handelsrecht","publisher":{"@id":"https:\/\/www.anwalt-zuerich.attorney\/ch\/#organization"},"potentialAction":[{"@type":"SearchAction","target":{"@type":"EntryPoint","urlTemplate":"https:\/\/www.anwalt-zuerich.attorney\/ch\/?s={search_term_string}"},"query-input":{"@type":"PropertyValueSpecification","valueRequired":true,"valueName":"search_term_string"}}],"inLanguage":"de"},{"@type":["Organization","Place"],"@id":"https:\/\/www.anwalt-zuerich.attorney\/ch\/#organization","name":"Anwaltskanzlei Zuerich","url":"https:\/\/www.anwalt-zuerich.attorney\/ch\/","logo":{"@id":"https:\/\/www.anwalt-zuerich.attorney\/ch\/haftpflichtrecht-versicherungsrecht\/#local-main-organization-logo"},"image":{"@id":"https:\/\/www.anwalt-zuerich.attorney\/ch\/haftpflichtrecht-versicherungsrecht\/#local-main-organization-logo"},"sameAs":["https:\/\/www.facebook.com\/Anwalt-f\u00fcr-Familienrech-Arbeitsrecht-und-Scheidungsrecht-Z\u00fcrich-2016470341934582"],"address":{"@id":"https:\/\/www.anwalt-zuerich.attorney\/ch\/haftpflichtrecht-versicherungsrecht\/#local-main-place-address"},"geo":{"@type":"GeoCoordinates","latitude":"47.37554931640625","longitude":"8.53688907623291"},"telephone":["+41435450150"],"openingHoursSpecification":[{"@type":"OpeningHoursSpecification","dayOfWeek":["Monday","Tuesday","Wednesday","Thursday","Friday"],"opens":"08:00","closes":"17:00"},{"@type":"OpeningHoursSpecification","dayOfWeek":["Saturday","Sunday"],"opens":"00:00","closes":"00:00"}],"email":"info@wittib-law.ch"},{"@type":"Person","@id":"https:\/\/www.anwalt-zuerich.attorney\/ch\/#\/schema\/person\/95f940152c58e99e980bf0fb13e9f1c1","name":"Anwalt Zuerich","image":{"@type":"ImageObject","inLanguage":"de","@id":"https:\/\/www.anwalt-zuerich.attorney\/ch\/#\/schema\/person\/image\/","url":"https:\/\/secure.gravatar.com\/avatar\/42daca3ba25e2656c8a93581cdf1443d649767a7cbec9c51a67a8fd9baded316?s=96&d=mm&r=g","contentUrl":"https:\/\/secure.gravatar.com\/avatar\/42daca3ba25e2656c8a93581cdf1443d649767a7cbec9c51a67a8fd9baded316?s=96&d=mm&r=g","caption":"Anwalt Zuerich"}},{"@type":"PostalAddress","@id":"https:\/\/www.anwalt-zuerich.attorney\/ch\/haftpflichtrecht-versicherungsrecht\/#local-main-place-address","streetAddress":"L\u00f6wenstrasse 43","addressLocality":"Z\u00fcrich","postalCode":"8001","addressCountry":"CH"},{"@type":"ImageObject","inLanguage":"de","@id":"https:\/\/www.anwalt-zuerich.attorney\/ch\/haftpflichtrecht-versicherungsrecht\/#local-main-organization-logo","url":"https:\/\/www.anwalt-zuerich.attorney\/ch\/wp-content\/uploads\/2019\/02\/Anwaltskanzlei-Wittibschlager.jpg","contentUrl":"https:\/\/www.anwalt-zuerich.attorney\/ch\/wp-content\/uploads\/2019\/02\/Anwaltskanzlei-Wittibschlager.jpg","width":555,"height":176,"caption":"Anwaltskanzlei Zuerich"},false]},"geo.placename":"Z\u00fcrich","geo.position":{"lat":"47.37554931640625","long":"8.53688907623291"},"geo.region":"Schweiz"},"_links":{"self":[{"href":"https:\/\/www.anwalt-zuerich.attorney\/ch\/wp-json\/wp\/v2\/posts\/8175","targetHints":{"allow":["GET"]}}],"collection":[{"href":"https:\/\/www.anwalt-zuerich.attorney\/ch\/wp-json\/wp\/v2\/posts"}],"about":[{"href":"https:\/\/www.anwalt-zuerich.attorney\/ch\/wp-json\/wp\/v2\/types\/post"}],"author":[{"embeddable":true,"href":"https:\/\/www.anwalt-zuerich.attorney\/ch\/wp-json\/wp\/v2\/users\/1"}],"replies":[{"embeddable":true,"href":"https:\/\/www.anwalt-zuerich.attorney\/ch\/wp-json\/wp\/v2\/comments?post=8175"}],"version-history":[{"count":39,"href":"https:\/\/www.anwalt-zuerich.attorney\/ch\/wp-json\/wp\/v2\/posts\/8175\/revisions"}],"predecessor-version":[{"id":11028,"href":"https:\/\/www.anwalt-zuerich.attorney\/ch\/wp-json\/wp\/v2\/posts\/8175\/revisions\/11028"}],"wp:featuredmedia":[{"embeddable":true,"href":"https:\/\/www.anwalt-zuerich.attorney\/ch\/wp-json\/wp\/v2\/media\/677"}],"wp:attachment":[{"href":"https:\/\/www.anwalt-zuerich.attorney\/ch\/wp-json\/wp\/v2\/media?parent=8175"}],"wp:term":[{"taxonomy":"category","embeddable":true,"href":"https:\/\/www.anwalt-zuerich.attorney\/ch\/wp-json\/wp\/v2\/categories?post=8175"},{"taxonomy":"post_tag","embeddable":true,"href":"https:\/\/www.anwalt-zuerich.attorney\/ch\/wp-json\/wp\/v2\/tags?post=8175"}],"curies":[{"name":"wp","href":"https:\/\/api.w.org\/{rel}","templated":true}]}}