{"id":90,"date":"2021-11-17T14:12:37","date_gmt":"2021-11-17T14:12:37","guid":{"rendered":"https:\/\/www.wittib-law.ch\/Anwaltskanzlei-in-zuerich\/?p=90"},"modified":"2021-12-22T08:32:02","modified_gmt":"2021-12-22T08:32:02","slug":"anwalt-unternehmensrecht-firmenrecht-betriebsnachfolge","status":"publish","type":"post","link":"https:\/\/www.anwalt-zuerich.attorney\/ch\/anwalt-unternehmensrecht-firmenrecht-betriebsnachfolge\/","title":{"rendered":"Anwalt Unternehmensnachfolge und Firmenrecht"},"content":{"rendered":"\n<p class=\"yoast-reading-time__wrapper\"><span class=\"yoast-reading-time__icon\"><svg aria-hidden=\"true\" focusable=\"false\" data-icon=\"clock\" width=\"20\" height=\"20\" fill=\"none\" stroke=\"currentColor\" style=\"display:inline-block;vertical-align:-0.1em\" role=\"img\" xmlns=\"http:\/\/www.w3.org\/2000\/svg\" viewbox=\"0 0 24 24\"><path stroke-linecap=\"round\" stroke-linejoin=\"round\" stroke-width=\"2\" d=\"M12 8v4l3 3m6-3a9 9 0 11-18 0 9 9 0 0118 0z\"><\/path><\/svg><\/span><span class=\"yoast-reading-time__spacer\" style=\"display:inline-block;width:1em\"><\/span><span class=\"yoast-reading-time__descriptive-text\">Voraussichtliche Lesedauer:  <\/span><span class=\"yoast-reading-time__reading-time\">6<\/span><span class=\"yoast-reading-time__time-unit\"> Minuten<\/span><\/p>\n\n\n\n<h2 class=\"wp-block-heading\" id=\"h-suchen-sie-einen-anwalt-f-r-unternehmensrecht\">Suchen Sie einen Anwalt f\u00fcr Unternehmensrecht?<\/h2>\n\n\n\n<p>Unser Anwalt f\u00fcr Unternehmensrecht und Firmenrecht ber\u00e4t Sie gerne im Detail, individuell und erarbeiten f\u00fcr Sie die passende Form.<\/p>\n\n\n\n<section id=\"section-2c4ae60b-6d3c-40f6-9ebe-49f11f694de6\" class=\"wp-block-gutentor-divider section-2c4ae60b-6d3c-40f6-9ebe-49f11f694de6 gutentor-element gutentor-section gutentor-divider text-center\"><div class=\"grid-container\"><div class=\"gutentor-divider-box\"><span><svg xmlns=\"http:\/\/www.w3.org\/2000\/svg\" viewBox=\"0 0 240 40\" preserveAspectRatio=\"none\"><path d=\"M56.2 20c5.3-.1 10.6-.2 16-.3l16-.2c10.6-.1 21.3-.1 31.9-.2 10.6.1 21.3 0 31.9.1l16 .2c5.3.1 10.6.2 16 .3-5.3.1-10.6.2-16 .3l-16 .2c-10.6.1-21.3.1-31.9.1-10.6-.1-21.3 0-31.9-.2l-16-.2c-5.4.1-10.7 0-16-.1z\"><\/path><\/svg><\/span><\/div><\/div><\/section>\n\n\n\n<div class=\"wp-block-columns alignwide are-vertically-aligned-center is-layout-flex wp-container-core-columns-is-layout-9d6595d7 wp-block-columns-is-layout-flex\">\n<div class=\"wp-block-column is-layout-flow wp-block-column-is-layout-flow\" style=\"flex-basis:50%\">\n<p class=\"has-large-font-size\"><strong>Ihre Anw\u00e4ltin<\/strong><\/p>\n\n\n\n<h2 class=\"wp-block-heading\" id=\"h-scheidungsanw-ltin-und-inhaberin-der-anwaltskanzlei\"><strong><a href=\"https:\/\/www.anwalt-zuerich.attorney\/scheidungsanwalt\/\">Scheidungsanw\u00e4ltin<\/a><\/strong> und <strong>Inhaberin der Anwaltskanzlei <\/strong><\/h2>\n\n\n\n<p>Ich und mein Team beraten und vertreten <strong>Privatpersonen<\/strong> im <a href=\"https:\/\/www.anwalt-zuerich.attorney\/ch\/anwalt-arbeitsrecht-zuerich\/\">Arbeits-<\/a>, <a href=\"https:\/\/www.anwalt-zuerich.attorney\/ch\/anwalt-erbrecht\/\">Erbrecht<\/a> und <a href=\"https:\/\/www.anwalt-zuerich.attorney\/ch\/anwalt-familienrecht\/\">Familienrecht<\/a> sowie bei der  Vorsorge- und Nachlassplanung. Mein Fokus richtet sich auf <a href=\"https:\/\/www.anwalt-zuerich.attorney\/ch\/anwalt-scheidung\/\">Scheidung<\/a>, Trennung und <a href=\"https:\/\/www.anwalt-zuerich.attorney\/ch\/anwalt-eherecht-eheschutz\/\">Eheschutz<\/a>.<\/p>\n\n\n\n<p><strong>Unternehmen<\/strong> unterst\u00fctze ich im <a href=\"https:\/\/www.anwalt-zuerich.attorney\/ch\/anwalt-unternehmensrecht-firmenrecht-betriebsnachfolge\/\">Unternehmens- und Firmenrecht<\/a>, der <a href=\"https:\/\/www.anwalt-zuerich.attorney\/ch\/anwalt-unternehmensrecht-firmenrecht-betriebsnachfolge\/\">Unternehmensnachfolge<\/a>, im <a href=\"https:\/\/www.anwalt-zuerich.attorney\/ch\/anwalt-mietrecht\/\">Miet-<\/a>, <a href=\"https:\/\/www.anwalt-zuerich.attorney\/ch\/anwalt-baurecht\/\">Bau-<\/a> &amp; <a href=\"https:\/\/www.anwalt-zuerich.attorney\/ch\/anwalt-gesellschaftsrecht\/\">Gesellschaftsrecht<\/a>, <a href=\"https:\/\/www.anwalt-zuerich.attorney\/ch\/anwalt-immobilienrecht\/\">Immobilienrecht<\/a>, <a href=\"https:\/\/www.anwalt-zuerich.attorney\/ch\/anwalt-it-recht-datenschutz-zuerich\/\">IT-Recht &amp; Datenschutz<\/a>, <a href=\"https:\/\/www.anwalt-zuerich.attorney\/ch\/anwalt-immaterialgueterrecht-markenschutz\/\">Marken-<\/a>, <a href=\"https:\/\/www.anwalt-zuerich.attorney\/ch\/haftpflichtrecht-versicherungsrecht\/\">Haftpflicht- &amp; Versicherungsrecht<\/a> sowie im <a href=\"https:\/\/www.anwalt-zuerich.attorney\/ch\/anwalt-vertragsrecht\/\">Vertrags-<\/a> &amp;<a href=\"https:\/\/www.anwalt-zuerich.attorney\/rechtsberatung\/Firmengruendung-Gesellschaftsrecht-Handelsrecht\/\"> <\/a><a href=\"https:\/\/www.anwalt-zuerich.attorney\/ch\/anwalt-wirtschaftsrecht\/\">Wirtschaftsrecht<\/a>.&nbsp;<\/p>\n<\/div>\n\n\n\n<div class=\"wp-block-column is-layout-flow wp-block-column-is-layout-flow\" style=\"flex-basis:50%\">\n<figure class=\"wp-block-image is-style-default\"><img decoding=\"async\" width=\"300\" height=\"413\" src=\"https:\/\/www.anwalt-zuerich.attorney\/ch\/wp-content\/uploads\/2019\/12\/Screenshot-2018-07-31-13.19.00-e1576162692534.png\" alt=\"Scheidungsanwalt Anwalt internationales Privatrecht\" class=\"wp-image-590\"\/><figcaption><em>Ihr <strong>Scheidungsanwalt<\/strong> oder <strong>Anwalt<\/strong> f\u00fcr <strong>internationales Privatrecht<\/strong> kann Sie unterst\u00fctzten!<\/em><\/figcaption><\/figure>\n<\/div>\n<\/div>\n\n\n\n<blockquote class=\"wp-block-quote has-text-align-center is-style-large is-layout-flow wp-block-quote-is-layout-flow\"><p>Mit Leidenschaft stehen wir f\u00fcr Ihre Interessen ein!<\/p><cite>Stanislava Wittibschlager, Inhaberin der Kanzlei Wittibschlager<\/cite><\/blockquote>\n\n\n\n<div class=\"wp-block-image\"><figure class=\"aligncenter size-full\"><img decoding=\"async\" width=\"426\" height=\"103\" src=\"https:\/\/www.anwalt-zuerich.attorney\/ch\/wp-content\/uploads\/2020\/12\/cropped-Bildschirmfoto-2020-12-02-um-19.24.01.png\" alt=\"Anwaltskanzlei Wittibschlager\" class=\"wp-image-7211\" srcset=\"https:\/\/www.anwalt-zuerich.attorney\/ch\/wp-content\/uploads\/2020\/12\/cropped-Bildschirmfoto-2020-12-02-um-19.24.01.png 426w, https:\/\/www.anwalt-zuerich.attorney\/ch\/wp-content\/uploads\/2020\/12\/cropped-Bildschirmfoto-2020-12-02-um-19.24.01-300x73.png 300w\" sizes=\"(max-width: 426px) 100vw, 426px\" \/><\/figure><\/div>\n\n\n\n<p class=\"has-text-align-center\"> <\/p>\n\n\n\n<section id=\"section-1927a9f2-5a5c-4583-9b00-2b558faec92d\" class=\"wp-block-gutentor-divider section-1927a9f2-5a5c-4583-9b00-2b558faec92d gutentor-element gutentor-section gutentor-divider text-center\"><div class=\"grid-container\"><div class=\"gutentor-divider-box\"><span><svg xmlns=\"http:\/\/www.w3.org\/2000\/svg\" viewBox=\"0 0 240 40\" preserveAspectRatio=\"none\"><path d=\"M56.2 20c5.3-.1 10.6-.2 16-.3l16-.2c10.6-.1 21.3-.1 31.9-.2 10.6.1 21.3 0 31.9.1l16 .2c5.3.1 10.6.2 16 .3-5.3.1-10.6.2-16 .3l-16 .2c-10.6.1-21.3.1-31.9.1-10.6-.1-21.3 0-31.9-.2l-16-.2c-5.4.1-10.7 0-16-.1z\"><\/path><\/svg><\/span><\/div><\/div><\/section>\n\n\n\n<div class=\"wp-block-yoast-seo-table-of-contents yoast-table-of-contents\"><h2>Inhaltsverzeichnis<\/h2><ul><li><a href=\"#h-suchen-sie-einen-anwalt-f-r-unternehmensrecht\" data-level=\"2\">Suchen Sie einen Anwalt f\u00fcr Unternehmensrecht?<\/a><\/li><li><a href=\"#h-ihr-anwalt-f-r-unternehmens-und-firmenrecht-sowie-die-betriebsnachfolge\" data-level=\"2\">Ihr Anwalt f\u00fcr Unternehmens- und Firmenrecht, sowie die Betriebsnachfolge<\/a><\/li><li><a href=\"#h-unterst-tzung-vom-unternehmensrechtsexperten-ihr-anwalt-f-r-firmen-und-unternehmensrecht\" data-level=\"2\">Unterst\u00fctzung vom Unternehmensrechtsexperten &#8211; Ihr Anwalt f\u00fcr Firmen- und Unternehmensrecht<\/a><\/li><li><a href=\"#h-ihr-anwalt-f-r-die-betriebs-bergabe-und-nachfolge\" data-level=\"2\">Ihr Anwalt f\u00fcr die Betriebs\u00fcbergabe- und nachfolge<\/a><\/li><li><a href=\"#h-hier-finden-sie-ihre-kanzlei-f-r-unternehmensrecht-und-betriebsnachfolge-routenplaner\" data-level=\"2\">Hier finden Sie Ihre Kanzlei f\u00fcr Unternehmensrecht und Betriebsnachfolge &#8211; Routenplaner &#8211; <\/a><ul><li><a href=\"#h-ffnungszeiten-telefonische-erreichbarkeit-unseres-anwaltes-f-r-firmenrecht\" data-level=\"3\">\u00d6ffnungszeiten &#8211; telefonische Erreichbarkeit unseres Anwaltes f\u00fcr Firmenrecht <\/a><\/li><\/ul><\/li><\/ul><\/div>\n\n\n\n<section id=\"section-b58d4857-1d1f-4f45-b1de-710d33970e55\" class=\"wp-block-gutentor-divider section-b58d4857-1d1f-4f45-b1de-710d33970e55 gutentor-element gutentor-section gutentor-divider text-center\"><div class=\"grid-container\"><div class=\"gutentor-divider-box\"><span><svg xmlns=\"http:\/\/www.w3.org\/2000\/svg\" viewBox=\"0 0 240 40\" preserveAspectRatio=\"none\"><path d=\"M56.2 20c5.3-.1 10.6-.2 16-.3l16-.2c10.6-.1 21.3-.1 31.9-.2 10.6.1 21.3 0 31.9.1l16 .2c5.3.1 10.6.2 16 .3-5.3.1-10.6.2-16 .3l-16 .2c-10.6.1-21.3.1-31.9.1-10.6-.1-21.3 0-31.9-.2l-16-.2c-5.4.1-10.7 0-16-.1z\"><\/path><\/svg><\/span><\/div><\/div><\/section>\n\n\n\n<h2 class=\"wp-block-heading\">Unternehmens- und Firmenrecht<\/h2>\n\n\n\n<p>Das Firmenrecht wurde erst 2016 im OR (Obligationenrecht) in seiner jetzigen Form aufgenommen und brachte einige Neuerungen. Prinzipiell stellen sich bei der Unternehmensgr\u00fcndung, bzw. jeder gr\u00f6sseren \u00c4nderung eine Vielzahl von Fragen, darunter auch einige rechtliche. Aus unserer jahrelangen Erfahrung im Unternehmensrecht wissen wir, dass die kosteng\u00fcnstigste und f\u00fcr alle beteiligten Personen beste L\u00f6sung immer ist, sich einmal fundiert und konzentriert mit der Angelegenheit zu besch\u00e4ftigen, und da wo es notwendig ist, externe Expertise beizuziehen. Wir unterst\u00fctzen und beraten Sie in allen Angelegenheiten im Zusammenhang mit Unternehmens- und Gesellschaftsrecht, ganz gleich, ob es um die Gr\u00fcndung, Umgr\u00fcndung, Gesellschafterwechsel, Expansionspl\u00e4ne, die Nachfolge oder auch die \u00c4nderung der Statuten geht. Vereinbaren Sie einen pers\u00f6nlichen Beratungstermin in unserer Kanzlei, wo wir uns pers\u00f6nlich und diskret f\u00fcr Ihr Anliegen Zeit nehmen.<\/p>\n\n\n\n<h2 class=\"wp-block-heading\" id=\"h-ihr-anwalt-f-r-unternehmens-und-firmenrecht-sowie-die-betriebsnachfolge\">Ihr Anwalt f\u00fcr Unternehmens- und Firmenrecht, sowie die Betriebsnachfolge<\/h2>\n\n\n\n<p>In der Schweiz kann man als Unternehmen zwischen vielen verschiedenen <a href=\"https:\/\/www.kmu.admin.ch\/kmu\/de\/home\/praktisches-wissen\/kmu-gruenden\/firmengruendung\/auswahl-rechtsform.html\">Rechtsformen w\u00e4hlen<\/a>, welche alle Vor- und Nachteile mit sich bringen. Welche Rechtsform die beste ist, h\u00e4ngt meist von den individuellen Bed\u00fcrfnissen, Risiken und dergleichen ab. Egal welche Rechtsform man w\u00e4hlt, gilt es viele kleinen Vorschriften zu beachten, um rechtlich auf der sicheren Seite zu stehen. Unser Anwalt f\u00fcr Unternehmensrecht und Firmenrecht ist f\u00fcr Sie da!<\/p>\n\n\n\n<figure class=\"wp-block-image size-large\"><img decoding=\"async\" width=\"1024\" height=\"609\" src=\"https:\/\/www.anwalt-zuerich.attorney\/ch\/wp-content\/uploads\/2020\/12\/Bildschirmfoto-2020-12-06-um-20.00.34-1024x609.png\" alt=\"Anwalt Unternehmensrecht, Betriebsnachfolge und Firmenrecht\" class=\"wp-image-5325\" srcset=\"https:\/\/www.anwalt-zuerich.attorney\/ch\/wp-content\/uploads\/2020\/12\/Bildschirmfoto-2020-12-06-um-20.00.34-1024x609.png 1024w, https:\/\/www.anwalt-zuerich.attorney\/ch\/wp-content\/uploads\/2020\/12\/Bildschirmfoto-2020-12-06-um-20.00.34-300x178.png 300w, https:\/\/www.anwalt-zuerich.attorney\/ch\/wp-content\/uploads\/2020\/12\/Bildschirmfoto-2020-12-06-um-20.00.34-768x456.png 768w, https:\/\/www.anwalt-zuerich.attorney\/ch\/wp-content\/uploads\/2020\/12\/Bildschirmfoto-2020-12-06-um-20.00.34.png 1336w\" sizes=\"(max-width: 1024px) 100vw, 1024px\" \/><figcaption><em>Ihr <strong>Anwalt f\u00fcr Unternehmensrecht, Betriebsnachfolge und Firmenrecht<\/strong> als kompetenter Ansprechpartner im Grossraum Z\u00fcrich!<\/em><\/figcaption><\/figure>\n\n\n\n<h2 class=\"wp-block-heading\" id=\"h-unterst-tzung-vom-unternehmensrechtsexperten-ihr-anwalt-f-r-firmen-und-unternehmensrecht\">Unterst\u00fctzung vom Unternehmensrechtsexperten &#8211; Ihr Anwalt f\u00fcr Firmen- und Unternehmensrecht<\/h2>\n\n\n\n<p>Suchen Sie eine spezialisierte Kanzlei f\u00fcr Unternehmensrecht? Das Gr\u00fcnden eines Unternehmens ist eine tolle Sache, zu der man nur gratulieren kann. Es stellen sich dabei aber gleich zu Beginn zahlreiche Fragen, die beantwortet und entschieden werden m\u00fcssen. Gerade wenn es um die Struktur, gewissermassen den (rechtlichen) Rahmen des Unternehmens geht, der klar macht, was wie passieren soll, sind besondere Akribie, Detailgenauigkeit und eine klare Vorstellung davon, was wie funktionieren soll, entscheidend. Klassischerweise steht zu Beginn die Frage, welches Gesch\u00e4ftsmodell man wo umsetzen m\u00f6chte. Es macht bspw. Schon einen grossen Unterschied, ob man lediglich national, oder doch zumindest multinational oder gar international t\u00e4tig sein m\u00f6chte. Dies hat urs\u00e4chlich eine Auswirkung auf die Wahl der Rechtsform des Unternehmens und die Art und Breite der Mustervertr\u00e4ge, Lieferbedingungen oder den AGBs. Unsere Experten in unserer Kanzlei sind mit den nationalen wie internationalen Vorschriften und Gesetzen gut vertraut, bringen viel Erfahrung mit und k\u00f6nnen Sie daher in jedem Stadium, von der Firmengr\u00fcndung \u00fcber die Neuaufnahme eines Gesellschafters bis zur Gr\u00fcndung von Tochtergesellschaften im Ausland zur Expansion bestens unterst\u00fctzen. <\/p>\n\n\n\n<p>Aus der Praxis wissen wir, dass es sich lohnt, lieber einmal mehr Zeit und Ressourcen in ein solides rechtliches Ger\u00fcst zu investieren, als sp\u00e4ter teuer Streitigkeiten auszutragen oder gar festzustellen, dass die gew\u00e4hlte Rechtsform die v\u00f6llig falsche gewesen ist. Vereinbaren Sie daher gerne einen Erstberatungstermin in unserer Kanzlei, wo unser Anwalt f\u00fcr Firmenrecht und Unternehmensrecht individuell und pers\u00f6nlich Ihre Situation besprechen kann.  <\/p>\n\n\n\n<p>Das Handelsrecht als Teil des grossen Komplexes des Wirtschaftsrechts behandelt vorrangig Themen des Gesellschafts-, Firmen- und Immaterialg\u00fcterrechts. Dabei kann es um die Anmeldung eines Patents, das klagsweise Durchsetzen einer zu unterlassenen markenrechtlichen Verletzung Ihrer Rechte oder die Gr\u00fcndung einer Kapitalgesellschaft gehen. Die Themen sind vielf\u00e4ltig und juristische Hilfe oftmals gefragt. Vereinbaren Sie einen Erstbesprechungstermin in unserer Kanzlei, wo wir Ihren Fall in Ruhe detailliert analysieren und sodann etwaige weitere Schritte besprechen k\u00f6nnen. Gerade im Wirtschaftsrecht ist es durchaus \u00fcblich, auch aussergerichtliche Einigungen zu erzielen, wobei wir Sie sehr gerne unterst\u00fctzen. Ihr <a href=\"https:\/\/www.anwalt-zuerich.attorney\/ch\/anwalt-wirtschaftsrecht\/\">Anwalt f\u00fcr Wirtschaftsrecht<\/a> ist f\u00fcr Sie da! <\/p>\n\n\n\n<h2 class=\"wp-block-heading\" id=\"h-ihr-anwalt-f-r-die-betriebs-bergabe-und-nachfolge\">Ihr Anwalt f\u00fcr die Betriebs\u00fcbergabe- und nachfolge<\/h2>\n\n\n\n<p>Das R\u00fcckgrat der Schweizer Wirtschaft bilden die zahlreichen kleinen und mittelgrossen Unternehmen, welche oftmals seit Generationen von der Familie betrieben und geleitet werden. Irgendwann steht immer ein Generationenwechsel, oder gar der Zu-oder Verkauf eines Unternehmens an. Dabei gilt es einerseits erbrechtliche, aber auch unternehmensrechtliche Bestimmungen im Blick zu haben. <\/p>\n\n\n\n<p>Unsere Experten in diesem Bereich bringen jahrelange Erfahrungen mit, wissen, wo die Probleme liegen, auf welche Dinge man besonders achten muss und wissen auch um die besondere Verantwortung und emotionale Verbindung dem eigenen Unternehmen gegen\u00fcber. Wir unterst\u00fctzen und beraten Sie gerne dabei, Ihre W\u00fcnsche in ein rechtliches Gewand zu kleiden, sodass das, was Sie sich vorstellen, auch m\u00f6glichst genauso umgesetzt werden kann. Und dies, ohne dass es zu Streitigkeiten, rechtlichen Auseinandersetzungen oder dergleichen mit negativen Folgen f\u00fcr alle Beteiligten kommen muss. Vereinbaren Sie daher gerne einen Beratungstermin unserem Anwalt f\u00fcr Unternehmensrecht und Firmenrecht.<\/p>\n\n\n\n<h2 class=\"wp-block-heading\">Die Nachfolgeplanung und das Erbrecht<\/h2>\n\n\n\n<p>Das gesetzliche Erbrecht sieht ein klares Regime f\u00fcr den Fall vor, dass es keinen individuellen Akt des Erblassers gibt. Das bedeutet: Wer sich nicht um seinen Nachlass k\u00fcmmert, willigt ein, dass die Erbschaft gem\u00e4ss der gesetzlich vorgesehenen Aufteilungsregel verteilt wird. In vielen F\u00e4llen entspricht das aber weder dem Willen (zumindest) des Erblassers, und ist auch nach objektiven Massst\u00e4ben nicht die optimalste L\u00f6sung. Es gibt im Erbrecht zahlreiche M\u00f6glichkeiten, die W\u00fcnsche und den Willen rechtlich so zu gestalten, dass ihm auch im Erbfall entsprochen werden kann. Wir beraten und unterst\u00fctzen Sie daher insbesondere bei der Gestaltung von Testamenten, Erbvertr\u00e4gen oder auch der prinzipiellen Frage, wie bspw. das Familienunternehmen fortgef\u00fchrt werden kann, ohne dass Pflichtteile verletzt, und dem Willen entsprochen werden kann.<\/p>\n\n\n\n<section id=\"section-de1a658d-9bc0-43a9-93f2-6f7b6338a347\" class=\"wp-block-gutentor-divider section-de1a658d-9bc0-43a9-93f2-6f7b6338a347 gutentor-element gutentor-section gutentor-divider text-center\"><div class=\"grid-container\"><div class=\"gutentor-divider-box\"><span><svg xmlns=\"http:\/\/www.w3.org\/2000\/svg\" viewBox=\"0 0 240 40\" preserveAspectRatio=\"none\"><path d=\"M56.2 20c5.3-.1 10.6-.2 16-.3l16-.2c10.6-.1 21.3-.1 31.9-.2 10.6.1 21.3 0 31.9.1l16 .2c5.3.1 10.6.2 16 .3-5.3.1-10.6.2-16 .3l-16 .2c-10.6.1-21.3.1-31.9.1-10.6-.1-21.3 0-31.9-.2l-16-.2c-5.4.1-10.7 0-16-.1z\"><\/path><\/svg><\/span><\/div><\/div><\/section>\n\n\n\n<h2 class=\"wp-block-heading\" id=\"h-hier-finden-sie-ihre-kanzlei-f-r-unternehmensrecht-und-betriebsnachfolge-routenplaner\">Hier finden Sie Ihre Kanzlei f\u00fcr Unternehmensrecht und Betriebsnachfolge &#8211; Routenplaner &#8211; <\/h2>\n\n\n\n<div class=\"wp-block-yoast-seo-local-map\"><div id=\"map_canvas\" class=\"wpseo-map-canvas\" style=\"max-width: 100%; width: 1000px; height: 255px;\"><ul><li><a href=\"https:\/\/www.anwalt-zuerich.attorney\/ch\/\">Anwaltskanzlei Zuerich<\/a><\/li><\/ul><\/div><div id=\"wpseo-directions-wrapper\"><h3 id=\"wpseo-directions\" class=\"wpseo-directions-heading\">Route<\/h3><form action=\"\" method=\"post\" class=\"wpseo-directions-form\" id=\"wpseo-directions-form\" onsubmit=\"wpseo_calculate_route( wpseoMapOptions[0].map, wpseoMapOptions[0].directionsDisplay, wpseoMapOptions[0].mapVars[0], wpseoMapOptions[0].mapVars[1], 0); return false;\"><p>Deine Adresse: <input type=\"text\" size=\"20\" id=\"origin\" value=\"\" \/><input type=\"submit\" class=\"wpseo-directions-submit\" value=\"Zeige Route\"><span id=\"wpseo-noroute\" style=\"display: none;\">Es konnte keine Route berechnet werden.<\/span><\/p><\/form><div id=\"directions\"><\/div><\/div><\/div>\n\n\n\n<section id=\"section-8dca9890-0248-4053-ac74-a56a3d49113b\" class=\"wp-block-gutentor-divider section-8dca9890-0248-4053-ac74-a56a3d49113b gutentor-element gutentor-section gutentor-divider text-center\"><div class=\"grid-container\"><div class=\"gutentor-divider-box\"><span><svg xmlns=\"http:\/\/www.w3.org\/2000\/svg\" viewBox=\"0 0 240 40\" preserveAspectRatio=\"none\"><path d=\"M56.2 20c5.3-.1 10.6-.2 16-.3l16-.2c10.6-.1 21.3-.1 31.9-.2 10.6.1 21.3 0 31.9.1l16 .2c5.3.1 10.6.2 16 .3-5.3.1-10.6.2-16 .3l-16 .2c-10.6.1-21.3.1-31.9.1-10.6-.1-21.3 0-31.9-.2l-16-.2c-5.4.1-10.7 0-16-.1z\"><\/path><\/svg><\/span><\/div><\/div><\/section>\n\n\n\n<div class=\"wp-block-yoast-seo-local-address\"><div id=\"wpseo_location-\" class=\"wpseo-location\"><h3><span class=\"wpseo-business-name\">Anwaltskanzlei Zuerich<\/span><\/h3><div class=\"wpseo-address-wrapper\"><div class=\"street-address\">L\u00f6wenstrasse 43<\/div><span class=\"locality\"> Z\u00fcrich<\/span><\/div><span class=\"wpseo-phone\">Telefon: <a href=\"tel:+41435450150\" class=\"tel\"><span>+41435450150<\/span><\/a><\/span><br\/><span class=\"wpseo-email\">E-Mail: <a href=\"mailto:i&#110;f&#111;&#064;wi&#116;tib-&#108;aw&#046;c&#104;\">&#105;nf&#111;&#64;wi&#116;&#116;i&#98;&#45;&#108;aw.c&#104;<\/a><\/span><br\/><\/div><\/div>\n\n\n\n<section id=\"section-38a29ee7-a0d7-42f4-a9c1-5855a89e7273\" class=\"wp-block-gutentor-divider section-38a29ee7-a0d7-42f4-a9c1-5855a89e7273 gutentor-element gutentor-section gutentor-divider text-center\"><div class=\"grid-container\"><div class=\"gutentor-divider-box\"><span><svg xmlns=\"http:\/\/www.w3.org\/2000\/svg\" viewBox=\"0 0 240 40\" preserveAspectRatio=\"none\"><path d=\"M56.2 20c5.3-.1 10.6-.2 16-.3l16-.2c10.6-.1 21.3-.1 31.9-.2 10.6.1 21.3 0 31.9.1l16 .2c5.3.1 10.6.2 16 .3-5.3.1-10.6.2-16 .3l-16 .2c-10.6.1-21.3.1-31.9.1-10.6-.1-21.3 0-31.9-.2l-16-.2c-5.4.1-10.7 0-16-.1z\"><\/path><\/svg><\/span><\/div><\/div><\/section>\n\n\n\n<p id=\"h-als-anw-ltin-expertin-f-r-internationales-privatrecht-auf-kabeleins\"><strong>ALS ANW\u00c4LTIN &amp; EXPERTIN F\u00dcR INTERNATIONALES PRIVATRECHT AUF KABELEINS<\/strong><\/p>\n\n\n\n<p><strong>Achtung Abzocke<\/strong> geh\u00f6rt zu den erfolgreichsten Sendungen auf Kabeleins. Der beliebte <strong>TV-Moderator Peter Giesel<\/strong> l\u00e4sst sich umfassend von <strong>Stanislava Wittibschlager<\/strong> beraten. Auch bei Fragen zum Arbeitsrecht kann Ihr Anwalt Arbeitszeugnis helfen.<\/p>\n\n\n\n<figure class=\"wp-block-embed aligncenter is-type-video is-provider-youtube wp-block-embed-youtube wp-embed-aspect-16-9 wp-has-aspect-ratio\"><div class=\"wp-block-embed__wrapper\">\n<iframe title=\"Krumme Gesch\u00e4fte: E-Bike-Verk\u00e4ufer verpfeift Ex-Gesch\u00e4ftspartner| 2\/3 | Achtung Abzocke | Kabel Eins\" width=\"550\" height=\"309\" src=\"https:\/\/www.youtube.com\/embed\/34dHcfpV3QQ?start=41&#038;feature=oembed\" frameborder=\"0\" allow=\"accelerometer; autoplay; clipboard-write; encrypted-media; gyroscope; picture-in-picture; web-share\" referrerpolicy=\"strict-origin-when-cross-origin\" allowfullscreen><\/iframe>\n<\/div><figcaption><strong>TV-Moderator Peter Giesel<\/strong> stellt Stanislava Wittibschlager Fragen zum Schweizer Insolvenzrecht. Gerne unterst\u00fctzt Sie Ihr Anwalt f\u00fcr Anwalt Unternehmensrecht Firmenrecht.<\/figcaption><\/figure>\n\n\n\n<h3 class=\"wp-block-heading\" id=\"h-ffnungszeiten-telefonische-erreichbarkeit-unseres-anwaltes-f-r-firmenrecht\">\u00d6ffnungszeiten &#8211; telefonische Erreichbarkeit unseres Anwaltes f\u00fcr Firmenrecht <\/h3>\n\n\n\n<div class=\"wp-block-yoast-seo-local-opening-hours\"><div class=\"wpseo-opening-hours-wrapper\"><table class=\"wpseo-opening-hours\" id =\"wpseo-opening-hours-\"><tr><td class=\"day\">Montag<\/td><td class=\"time\"><span>8:00 AM - 5:00 PM<\/span><\/td><\/tr><tr><td class=\"day\">Dienstag<\/td><td class=\"time\"><span>8:00 AM - 5:00 PM<\/span><\/td><\/tr><tr><td class=\"day\">Mittwoch<\/td><td class=\"time\"><span>8:00 AM - 5:00 PM<\/span><\/td><\/tr><tr><td class=\"day\">Donnerstag<\/td><td class=\"time\"><span>8:00 AM - 5:00 PM<\/span><\/td><\/tr><tr><td class=\"day\">Freitag<\/td><td class=\"time\"><span>8:00 AM - 5:00 PM<\/span><\/td><\/tr><tr><td class=\"day\">Samstag<\/td><td class=\"time\">Geschlossen<\/td><\/tr><tr><td class=\"day\">Sonntag<\/td><td class=\"time\">Geschlossen<\/td><\/tr><\/table><\/div><\/div>\n\n\n\n<section id=\"section-e589b481-03e6-4c1c-a328-9971f96e7c17\" class=\"wp-block-gutentor-divider section-e589b481-03e6-4c1c-a328-9971f96e7c17 gutentor-element gutentor-section gutentor-divider text-center\"><div class=\"grid-container\"><div class=\"gutentor-divider-box\"><span><svg xmlns=\"http:\/\/www.w3.org\/2000\/svg\" viewBox=\"0 0 240 40\" preserveAspectRatio=\"none\"><path d=\"M56.2 20c5.3-.1 10.6-.2 16-.3l16-.2c10.6-.1 21.3-.1 31.9-.2 10.6.1 21.3 0 31.9.1l16 .2c5.3.1 10.6.2 16 .3-5.3.1-10.6.2-16 .3l-16 .2c-10.6.1-21.3.1-31.9.1-10.6-.1-21.3 0-31.9-.2l-16-.2c-5.4.1-10.7 0-16-.1z\"><\/path><\/svg><\/span><\/div><\/div><\/section>\n\n\n<p class='wp-call-button-block-button wp-call-button-block-button-center'><a class='wp-call-button-in-btn' href='tel:+41435450150' style='background-color:#3b5998' ><svg x=\"0px\" y=\"0px\" width=\"459px\" height=\"459px\" viewBox=\"0 0 459 459\">\r\n\t\t\t\t<path\r\n\t\t\t\t\td=\"M91.8,198.9c35.7,71.4,96.9,130.05,168.3,168.3L316.2,311.1c7.649-7.649,17.85-10.199,25.5-5.1c28.05,10.2,58.649,15.3,91.8,15.3c15.3,0,25.5,10.2,25.5,25.5v86.7c0,15.3-10.2,25.5-25.5,25.5C193.8,459,0,265.2,0,25.5C0,10.2,10.2,0,25.5,0h89.25c15.3,0,25.5,10.2,25.5,25.5c0,30.6,5.1,61.2,15.3,91.8c2.55,7.65,0,17.85-5.1,25.5L91.8,198.9z\"\r\n\t\t\t\t\/>\r\n\t\t\t<\/svg> +41 43 545 01 50<\/a><\/p>\n\n\n<p>Weitere Infos<\/p>\n\n\n\n<ul class=\"wp-block-yoast-seo-related-links\"><li><a href=\"https:\/\/www.anwalt-zuerich.attorney\/ch\/\">Anwalt Z\u00fcrich<\/a><\/li><li><a href=\"https:\/\/www.anwalt-zuerich.attorney\/ch\/anwalt-vertragsrecht\/\">Vertragsrecht<\/a><\/li><li><a href=\"https:\/\/www.anwalt-zuerich.attorney\/ch\/anwalt-wirtschaftsrecht\/\">Wirtschaftsrecht<\/a><\/li><li><a href=\"https:\/\/www.anwalt-zuerich.attorney\/ch\/anwalt-transportrecht\/\">Transportrecht<\/a><\/li><li><a href=\"https:\/\/www.anwalt-zuerich.attorney\/ch\/anwalt-familienrecht\/\">Familienrecht<\/a><\/li><\/ul>\n<div style='text-align:center' class='yasr-auto-insert-visitor'><\/div>","protected":false},"excerpt":{"rendered":"<p>Suchen Sie einen Anwalt f\u00fcr Unternehmensrecht? Unser Anwalt f\u00fcr Unternehmensrecht und Firmenrecht ber\u00e4t Sie gerne im Detail, individuell und erarbeiten f\u00fcr Sie die passende Form. Unternehmens- und Firmenrecht Das Firmenrecht wurde erst 2016 im OR (Obligationenrecht) in seiner jetzigen Form aufgenommen und brachte einige Neuerungen. Prinzipiell stellen sich bei der Unternehmensgr\u00fcndung, bzw. jeder gr\u00f6sseren \u00c4nderung [&hellip;]<\/p>\n","protected":false},"author":1,"featured_media":166,"comment_status":"closed","ping_status":"open","sticky":false,"template":"","format":"standard","meta":{"yasr_overall_rating":0,"yasr_post_is_review":"","yasr_auto_insert_disabled":"","yasr_review_type":"","footnotes":""},"categories":[1],"tags":[],"class_list":["post-90","post","type-post","status-publish","format-standard","has-post-thumbnail","hentry","category-anwalt-zuerich"],"yasr_visitor_votes":{"stars_attributes":{"read_only":true,"span_bottom":"<div class='yasr-small-block-bold'><span class='yasr-visitor-votes-must-sign-in'>99% zufriedene Nutzer \/ Durchschnittsbewertungen unserer Klienten<\/span><\/div>"},"number_of_votes":57,"sum_votes":284},"gutentor_comment":8,"yoast_head":"<!-- This site is optimized with the Yoast SEO Premium plugin v26.4 (Yoast SEO v26.4) - https:\/\/yoast.com\/wordpress\/plugins\/seo\/ -->\n<title>Anwalt Unternehmensrecht Firmenrecht Betriebsnachfolge in Z\u00fcrich<\/title>\n<meta name=\"description\" content=\"Ihr Anwalt f\u00fcr Unternehmensrecht, Firmenrecht &amp; Betriebsnachfolge unterst\u00fctzt Unternehmen im Wirtschaft- , Handels- und Gesellschaftsrecht.\" \/>\n<meta name=\"robots\" content=\"index, follow, max-snippet:-1, max-image-preview:large, max-video-preview:-1\" \/>\n<link rel=\"canonical\" href=\"https:\/\/www.anwalt-zuerich.attorney\/ch\/anwalt-unternehmensrecht-firmenrecht-betriebsnachfolge\/\" \/>\n<meta property=\"og:locale\" content=\"de_DE\" \/>\n<meta property=\"og:type\" content=\"article\" \/>\n<meta property=\"og:title\" content=\"Anwalt Unternehmensrecht Firmenrecht Betriebsnachfolge\" \/>\n<meta property=\"og:description\" content=\"Anwalt Unternehmensrecht Firmenrecht \u2713 Betriebsnachfolge \u2713 Unternehmen \u2713 Wirtschaftsrecht \u2713 Steuerrecht \u2713 Handelsrecht \u2713 Gesellschaftsrecht\" \/>\n<meta property=\"og:url\" content=\"https:\/\/www.anwalt-zuerich.attorney\/ch\/anwalt-unternehmensrecht-firmenrecht-betriebsnachfolge\/\" \/>\n<meta property=\"og:site_name\" content=\"Anwalt Z\u00fcrich\" \/>\n<meta property=\"article:publisher\" content=\"https:\/\/www.facebook.com\/Anwalt-f%c3%bcr-Familienrech-Arbeitsrecht-und-Scheidungsrecht-Z%c3%bcrich-2016470341934582\" \/>\n<meta property=\"article:published_time\" content=\"2021-11-17T14:12:37+00:00\" \/>\n<meta property=\"article:modified_time\" content=\"2021-12-22T08:32:02+00:00\" \/>\n<meta property=\"og:image\" content=\"https:\/\/www.anwalt-zuerich.attorney\/ch\/wp-content\/uploads\/2019\/10\/Screenshot-2017-06-28-13.11.51.png\" \/>\n\t<meta property=\"og:image:width\" content=\"648\" \/>\n\t<meta property=\"og:image:height\" content=\"508\" \/>\n\t<meta property=\"og:image:type\" content=\"image\/png\" \/>\n<meta name=\"author\" content=\"Anwalt Zuerich\" \/>\n<meta name=\"twitter:card\" content=\"summary_large_image\" \/>\n<meta name=\"twitter:title\" content=\"Anwalt Unternehmensrecht Firmenrecht Betriebsnachfolge\" \/>\n<meta name=\"twitter:description\" content=\"Anwalt Unternehmensrecht Firmenrecht \u2713 Betriebsnachfolge \u2713 Unternehmen \u2713 Wirtschaftsrecht \u2713 Steuerrecht \u2713 Handelsrecht \u2713 Gesellschaftsrecht\" \/>\n<meta name=\"twitter:label1\" content=\"Verfasst von\" \/>\n\t<meta name=\"twitter:data1\" content=\"Anwalt Zuerich\" \/>\n\t<meta name=\"twitter:label2\" content=\"Gesch\u00e4tzte Lesezeit\" \/>\n\t<meta name=\"twitter:data2\" content=\"6\u00a0Minuten\" \/>\n<meta name=\"geo.placename\" content=\"Z\u00fcrich\" \/>\n<meta name=\"geo.position\" content=\"47.37554931640625;8.53688907623291\" \/>\n<meta name=\"geo.region\" content=\"Schweiz\" \/>\n<!-- \/ Yoast SEO Premium plugin. -->","yoast_head_json":{"title":"Anwalt Unternehmensrecht Firmenrecht Betriebsnachfolge in Z\u00fcrich","description":"Ihr Anwalt f\u00fcr Unternehmensrecht, Firmenrecht & Betriebsnachfolge unterst\u00fctzt Unternehmen im Wirtschaft- , Handels- und Gesellschaftsrecht.","robots":{"index":"index","follow":"follow","max-snippet":"max-snippet:-1","max-image-preview":"max-image-preview:large","max-video-preview":"max-video-preview:-1"},"canonical":"https:\/\/www.anwalt-zuerich.attorney\/ch\/anwalt-unternehmensrecht-firmenrecht-betriebsnachfolge\/","og_locale":"de_DE","og_type":"article","og_title":"Anwalt Unternehmensrecht Firmenrecht Betriebsnachfolge","og_description":"Anwalt Unternehmensrecht Firmenrecht \u2713 Betriebsnachfolge \u2713 Unternehmen \u2713 Wirtschaftsrecht \u2713 Steuerrecht \u2713 Handelsrecht \u2713 Gesellschaftsrecht","og_url":"https:\/\/www.anwalt-zuerich.attorney\/ch\/anwalt-unternehmensrecht-firmenrecht-betriebsnachfolge\/","og_site_name":"Anwalt Z\u00fcrich","article_publisher":"https:\/\/www.facebook.com\/Anwalt-f%c3%bcr-Familienrech-Arbeitsrecht-und-Scheidungsrecht-Z%c3%bcrich-2016470341934582","article_published_time":"2021-11-17T14:12:37+00:00","article_modified_time":"2021-12-22T08:32:02+00:00","og_image":[{"width":648,"height":508,"url":"https:\/\/www.anwalt-zuerich.attorney\/ch\/wp-content\/uploads\/2019\/10\/Screenshot-2017-06-28-13.11.51.png","type":"image\/png"}],"author":"Anwalt Zuerich","twitter_card":"summary_large_image","twitter_title":"Anwalt Unternehmensrecht Firmenrecht Betriebsnachfolge","twitter_description":"Anwalt Unternehmensrecht Firmenrecht \u2713 Betriebsnachfolge \u2713 Unternehmen \u2713 Wirtschaftsrecht \u2713 Steuerrecht \u2713 Handelsrecht \u2713 Gesellschaftsrecht","twitter_misc":{"Verfasst von":"Anwalt Zuerich","Gesch\u00e4tzte Lesezeit":"6\u00a0Minuten"},"schema":{"@context":"https:\/\/schema.org","@graph":[{"@type":"Article","@id":"https:\/\/www.anwalt-zuerich.attorney\/ch\/anwalt-unternehmensrecht-firmenrecht-betriebsnachfolge\/#article","isPartOf":{"@id":"https:\/\/www.anwalt-zuerich.attorney\/ch\/anwalt-unternehmensrecht-firmenrecht-betriebsnachfolge\/"},"author":{"name":"Anwalt Zuerich","@id":"https:\/\/www.anwalt-zuerich.attorney\/ch\/#\/schema\/person\/95f940152c58e99e980bf0fb13e9f1c1"},"headline":"Anwalt Unternehmensnachfolge und Firmenrecht","datePublished":"2021-11-17T14:12:37+00:00","dateModified":"2021-12-22T08:32:02+00:00","mainEntityOfPage":{"@id":"https:\/\/www.anwalt-zuerich.attorney\/ch\/anwalt-unternehmensrecht-firmenrecht-betriebsnachfolge\/"},"wordCount":1220,"publisher":{"@id":"https:\/\/www.anwalt-zuerich.attorney\/ch\/#organization"},"image":{"@id":"https:\/\/www.anwalt-zuerich.attorney\/ch\/anwalt-unternehmensrecht-firmenrecht-betriebsnachfolge\/#primaryimage"},"thumbnailUrl":"https:\/\/www.anwalt-zuerich.attorney\/ch\/wp-content\/uploads\/2019\/10\/Screenshot-2017-06-28-13.11.51.png","articleSection":["Anwalt Z\u00fcrich"],"inLanguage":"de","accessibilityFeature":["tableOfContents"]},{"@type":"WebPage","@id":"https:\/\/www.anwalt-zuerich.attorney\/ch\/anwalt-unternehmensrecht-firmenrecht-betriebsnachfolge\/","url":"https:\/\/www.anwalt-zuerich.attorney\/ch\/anwalt-unternehmensrecht-firmenrecht-betriebsnachfolge\/","name":"Anwalt Unternehmensrecht Firmenrecht Betriebsnachfolge in Z\u00fcrich","isPartOf":{"@id":"https:\/\/www.anwalt-zuerich.attorney\/ch\/#website"},"primaryImageOfPage":{"@id":"https:\/\/www.anwalt-zuerich.attorney\/ch\/anwalt-unternehmensrecht-firmenrecht-betriebsnachfolge\/#primaryimage"},"image":{"@id":"https:\/\/www.anwalt-zuerich.attorney\/ch\/anwalt-unternehmensrecht-firmenrecht-betriebsnachfolge\/#primaryimage"},"thumbnailUrl":"https:\/\/www.anwalt-zuerich.attorney\/ch\/wp-content\/uploads\/2019\/10\/Screenshot-2017-06-28-13.11.51.png","datePublished":"2021-11-17T14:12:37+00:00","dateModified":"2021-12-22T08:32:02+00:00","description":"Ihr Anwalt f\u00fcr Unternehmensrecht, Firmenrecht & Betriebsnachfolge unterst\u00fctzt Unternehmen im Wirtschaft- , Handels- und Gesellschaftsrecht.","breadcrumb":{"@id":"https:\/\/www.anwalt-zuerich.attorney\/ch\/anwalt-unternehmensrecht-firmenrecht-betriebsnachfolge\/#breadcrumb"},"inLanguage":"de","potentialAction":[{"@type":"ReadAction","target":["https:\/\/www.anwalt-zuerich.attorney\/ch\/anwalt-unternehmensrecht-firmenrecht-betriebsnachfolge\/"]}]},{"@type":"ImageObject","inLanguage":"de","@id":"https:\/\/www.anwalt-zuerich.attorney\/ch\/anwalt-unternehmensrecht-firmenrecht-betriebsnachfolge\/#primaryimage","url":"https:\/\/www.anwalt-zuerich.attorney\/ch\/wp-content\/uploads\/2019\/10\/Screenshot-2017-06-28-13.11.51.png","contentUrl":"https:\/\/www.anwalt-zuerich.attorney\/ch\/wp-content\/uploads\/2019\/10\/Screenshot-2017-06-28-13.11.51.png","width":648,"height":508},{"@type":"BreadcrumbList","@id":"https:\/\/www.anwalt-zuerich.attorney\/ch\/anwalt-unternehmensrecht-firmenrecht-betriebsnachfolge\/#breadcrumb","itemListElement":[{"@type":"ListItem","position":1,"name":"Home","item":"https:\/\/www.anwalt-zuerich.attorney\/ch\/"},{"@type":"ListItem","position":2,"name":"Anwalt Unternehmensnachfolge und Firmenrecht"}]},{"@type":"WebSite","@id":"https:\/\/www.anwalt-zuerich.attorney\/ch\/#website","url":"https:\/\/www.anwalt-zuerich.attorney\/ch\/","name":"Anwalt Z\u00fcrich","description":"Anwalt f\u00fcr \u2713 Arbeitsrecht \u2713 Erbrecht \u2713 Familienrecht \u2713  Verwaltungsrecht  \u2713 Wirtschaftsrecht \u2713 Privatrecht \u2713 Handelsrecht","publisher":{"@id":"https:\/\/www.anwalt-zuerich.attorney\/ch\/#organization"},"potentialAction":[{"@type":"SearchAction","target":{"@type":"EntryPoint","urlTemplate":"https:\/\/www.anwalt-zuerich.attorney\/ch\/?s={search_term_string}"},"query-input":{"@type":"PropertyValueSpecification","valueRequired":true,"valueName":"search_term_string"}}],"inLanguage":"de"},{"@type":["Organization","Place"],"@id":"https:\/\/www.anwalt-zuerich.attorney\/ch\/#organization","name":"Anwaltskanzlei Zuerich","url":"https:\/\/www.anwalt-zuerich.attorney\/ch\/","logo":{"@id":"https:\/\/www.anwalt-zuerich.attorney\/ch\/anwalt-unternehmensrecht-firmenrecht-betriebsnachfolge\/#local-main-organization-logo"},"image":{"@id":"https:\/\/www.anwalt-zuerich.attorney\/ch\/anwalt-unternehmensrecht-firmenrecht-betriebsnachfolge\/#local-main-organization-logo"},"sameAs":["https:\/\/www.facebook.com\/Anwalt-f\u00fcr-Familienrech-Arbeitsrecht-und-Scheidungsrecht-Z\u00fcrich-2016470341934582"],"address":{"@id":"https:\/\/www.anwalt-zuerich.attorney\/ch\/anwalt-unternehmensrecht-firmenrecht-betriebsnachfolge\/#local-main-place-address"},"geo":{"@type":"GeoCoordinates","latitude":"47.37554931640625","longitude":"8.53688907623291"},"telephone":["+41435450150"],"openingHoursSpecification":[{"@type":"OpeningHoursSpecification","dayOfWeek":["Monday","Tuesday","Wednesday","Thursday","Friday"],"opens":"08:00","closes":"17:00"},{"@type":"OpeningHoursSpecification","dayOfWeek":["Saturday","Sunday"],"opens":"00:00","closes":"00:00"}],"email":"info@wittib-law.ch"},{"@type":"Person","@id":"https:\/\/www.anwalt-zuerich.attorney\/ch\/#\/schema\/person\/95f940152c58e99e980bf0fb13e9f1c1","name":"Anwalt Zuerich","image":{"@type":"ImageObject","inLanguage":"de","@id":"https:\/\/www.anwalt-zuerich.attorney\/ch\/#\/schema\/person\/image\/","url":"https:\/\/secure.gravatar.com\/avatar\/42daca3ba25e2656c8a93581cdf1443d649767a7cbec9c51a67a8fd9baded316?s=96&d=mm&r=g","contentUrl":"https:\/\/secure.gravatar.com\/avatar\/42daca3ba25e2656c8a93581cdf1443d649767a7cbec9c51a67a8fd9baded316?s=96&d=mm&r=g","caption":"Anwalt Zuerich"}},{"@type":"PostalAddress","@id":"https:\/\/www.anwalt-zuerich.attorney\/ch\/anwalt-unternehmensrecht-firmenrecht-betriebsnachfolge\/#local-main-place-address","streetAddress":"L\u00f6wenstrasse 43","addressLocality":"Z\u00fcrich","postalCode":"8001","addressCountry":"CH"},{"@type":"ImageObject","inLanguage":"de","@id":"https:\/\/www.anwalt-zuerich.attorney\/ch\/anwalt-unternehmensrecht-firmenrecht-betriebsnachfolge\/#local-main-organization-logo","url":"https:\/\/www.anwalt-zuerich.attorney\/ch\/wp-content\/uploads\/2019\/02\/Anwaltskanzlei-Wittibschlager.jpg","contentUrl":"https:\/\/www.anwalt-zuerich.attorney\/ch\/wp-content\/uploads\/2019\/02\/Anwaltskanzlei-Wittibschlager.jpg","width":555,"height":176,"caption":"Anwaltskanzlei Zuerich"},false]},"geo.placename":"Z\u00fcrich","geo.position":{"lat":"47.37554931640625","long":"8.53688907623291"},"geo.region":"Schweiz"},"_links":{"self":[{"href":"https:\/\/www.anwalt-zuerich.attorney\/ch\/wp-json\/wp\/v2\/posts\/90","targetHints":{"allow":["GET"]}}],"collection":[{"href":"https:\/\/www.anwalt-zuerich.attorney\/ch\/wp-json\/wp\/v2\/posts"}],"about":[{"href":"https:\/\/www.anwalt-zuerich.attorney\/ch\/wp-json\/wp\/v2\/types\/post"}],"author":[{"embeddable":true,"href":"https:\/\/www.anwalt-zuerich.attorney\/ch\/wp-json\/wp\/v2\/users\/1"}],"replies":[{"embeddable":true,"href":"https:\/\/www.anwalt-zuerich.attorney\/ch\/wp-json\/wp\/v2\/comments?post=90"}],"version-history":[{"count":42,"href":"https:\/\/www.anwalt-zuerich.attorney\/ch\/wp-json\/wp\/v2\/posts\/90\/revisions"}],"predecessor-version":[{"id":11035,"href":"https:\/\/www.anwalt-zuerich.attorney\/ch\/wp-json\/wp\/v2\/posts\/90\/revisions\/11035"}],"wp:featuredmedia":[{"embeddable":true,"href":"https:\/\/www.anwalt-zuerich.attorney\/ch\/wp-json\/wp\/v2\/media\/166"}],"wp:attachment":[{"href":"https:\/\/www.anwalt-zuerich.attorney\/ch\/wp-json\/wp\/v2\/media?parent=90"}],"wp:term":[{"taxonomy":"category","embeddable":true,"href":"https:\/\/www.anwalt-zuerich.attorney\/ch\/wp-json\/wp\/v2\/categories?post=90"},{"taxonomy":"post_tag","embeddable":true,"href":"https:\/\/www.anwalt-zuerich.attorney\/ch\/wp-json\/wp\/v2\/tags?post=90"}],"curies":[{"name":"wp","href":"https:\/\/api.w.org\/{rel}","templated":true}]}}