{"id":9365,"date":"2021-11-10T10:31:01","date_gmt":"2021-11-10T10:31:01","guid":{"rendered":"https:\/\/www.anwalt-zuerich.attorney\/ch\/?p=9365"},"modified":"2021-12-22T08:27:33","modified_gmt":"2021-12-22T08:27:33","slug":"anwalt-wirtschaftsrecht","status":"publish","type":"post","link":"https:\/\/www.anwalt-zuerich.attorney\/ch\/anwalt-wirtschaftsrecht\/","title":{"rendered":"Anwalt Wirtschaftsrecht"},"content":{"rendered":"\n<p class=\"yoast-reading-time__wrapper\"><span class=\"yoast-reading-time__icon\"><svg aria-hidden=\"true\" focusable=\"false\" data-icon=\"clock\" width=\"20\" height=\"20\" fill=\"none\" stroke=\"currentColor\" style=\"display:inline-block;vertical-align:-0.1em\" role=\"img\" xmlns=\"http:\/\/www.w3.org\/2000\/svg\" viewbox=\"0 0 24 24\"><path stroke-linecap=\"round\" stroke-linejoin=\"round\" stroke-width=\"2\" d=\"M12 8v4l3 3m6-3a9 9 0 11-18 0 9 9 0 0118 0z\"><\/path><\/svg><\/span><span class=\"yoast-reading-time__spacer\" style=\"display:inline-block;width:1em\"><\/span><span class=\"yoast-reading-time__descriptive-text\">Voraussichtliche Lesedauer:  <\/span><span class=\"yoast-reading-time__reading-time\">6<\/span><span class=\"yoast-reading-time__time-unit\"> Minuten<\/span><\/p>\n\n\n\n<h2 class=\"wp-block-heading\" id=\"h-ihr-anwalt-f-r-wirtschaftsrecht-kanzlei-f-r-gesellschafts-und-handelsrecht-in-z-rich\">Ihr Anwalt f\u00fcr Wirtschaftsrecht &#8211; Kanzlei f\u00fcr Gesellschafts- und Handelsrecht in Z\u00fcrich<\/h2>\n\n\n\n<p>Suchen Sie einen Anwalt f\u00fcr Wirtschaftsrecht? Das Wirtschaftsrecht ist ein sehr grosses Rechtsgebiet, welches viele verschiedene Dinge und Themen umfasst. Wir haben grosse Expertise, wenn es um die Gr\u00fcndung, Umgr\u00fcndung oder Expansion von Unternehmen geht, die Vereinbarung eines Joint Ventures oder die \u00dcbernahme und Eingliederung von Unternehmen. Die Unternehmensnachfolge sollte von einem <a href=\"https:\/\/www.anwalt-zuerich.attorney\/ch\/anwalt-unternehmensrecht-firmenrecht-betriebsnachfolge\/\">Anwalt f\u00fcr Firmenrecht<\/a> vorgenommen werden.<\/p>\n\n\n\n<p>Daneben geht es grunds\u00e4tzlich um die einschl\u00e4gigen Bestimmungen des Gesellschafts- und Unternehmensrechts, das <a href=\"https:\/\/www.anwalt-zuerich.attorney\/ch\/anwalt-schuldbetreibungsrecht-konkursrecht\/\">Schuld- und Konkursbetreibungsrecht<\/a>, sowie gegebenenfalls das L\u00f6sen von Vertragsstreitigkeiten in diversen Angelegenheiten. Unser Partnernotariat \u00fcbernimmt in der Folge f\u00fcr Sie gerne die der n\u00f6tigen Dokumente. Beraten Sie sich mit einem Rechtsanwalt f\u00fcr Wirtschaftsrecht \u00fcber die geeigneten Schritte.<\/p>\n\n\n\n<section id=\"section-de567003-2caa-450b-8881-ebf73f0a87d7\" class=\"wp-block-gutentor-divider section-de567003-2caa-450b-8881-ebf73f0a87d7 gutentor-element gutentor-section gutentor-divider text-center\"><div class=\"grid-container\"><div class=\"gutentor-divider-box\"><span><svg xmlns=\"http:\/\/www.w3.org\/2000\/svg\" viewBox=\"0 0 240 40\" preserveAspectRatio=\"none\"><path d=\"M56.2 20c5.3-.1 10.6-.2 16-.3l16-.2c10.6-.1 21.3-.1 31.9-.2 10.6.1 21.3 0 31.9.1l16 .2c5.3.1 10.6.2 16 .3-5.3.1-10.6.2-16 .3l-16 .2c-10.6.1-21.3.1-31.9.1-10.6-.1-21.3 0-31.9-.2l-16-.2c-5.4.1-10.7 0-16-.1z\"><\/path><\/svg><\/span><\/div><\/div><\/section>\n\n\n\n<div class=\"wp-block-yoast-seo-table-of-contents yoast-table-of-contents\"><h2>Inhaltsverzeichnis<\/h2><ul><li><a href=\"#h-ihr-anwalt-f-r-wirtschaftsrecht-kanzlei-f-r-gesellschafts-und-handelsrecht-in-z-rich\" data-level=\"2\">Ihr Anwalt f\u00fcr Wirtschaftsrecht &#8211; Kanzlei f\u00fcr Gesellschafts- und Handelsrecht in Z\u00fcrich<\/a><\/li><li><a href=\"#h-das-wirtschaftsstrafrecht\" data-level=\"2\">Das Wirtschaftsstrafrecht<\/a><\/li><li><a href=\"#h-ihr-anwalt-f-r-handelsrecht-advokatur-f-r-wirtschafsrechtliche-angelegenheiten\" data-level=\"2\">Ihr Anwalt f\u00fcr Handelsrecht &#8211; Advokatur f\u00fcr wirtschafsrechtliche Angelegenheiten<\/a><\/li><li><a href=\"#h-ihr-anwalt-f-r-handelsrecht-in-z-rich\" data-level=\"2\">Ihr Anwalt f\u00fcr Handelsrecht in Z\u00fcrich<\/a><\/li><li><a href=\"#h-allgemeine-rechtsberatung-f-r-unternehmen\" data-level=\"2\">Allgemeine Rechtsberatung f\u00fcr Unternehmen<\/a><\/li><li><a href=\"#h-ihre-kanzlei-f-r-die-vertretung-vor-gericht\" data-level=\"2\">Ihre Kanzlei f\u00fcr die Vertretung vor Gericht<\/a><\/li><li><a href=\"#h-hier-finden-sie-ihren-anwalt-f-r-handels-gesellschafts-und-wirtschaftsrecht-in-z-rich-routenplaner\" data-level=\"2\">Hier finden Sie Ihren Anwalt f\u00fcr Handels-, Gesellschafts- und Wirtschaftsrecht in Z\u00fcrich &#8211; Routenplaner<\/a><\/li><li><a href=\"#h-ffnungszeiten-und-telefonische-erreichbarkeit-ihres-anwaltes-f-r-wirtschaftsrecht\" data-level=\"2\">\u00d6ffnungszeiten und telefonische Erreichbarkeit Ihres Anwaltes f\u00fcr Wirtschaftsrecht<\/a><\/li><\/ul><\/div>\n\n\n\n<section id=\"section-ad685a23-03b1-4c59-8ae1-d36940c1f8d1\" class=\"wp-block-gutentor-divider section-ad685a23-03b1-4c59-8ae1-d36940c1f8d1 gutentor-element gutentor-section gutentor-divider text-center\"><div class=\"grid-container\"><div class=\"gutentor-divider-box\"><span><svg xmlns=\"http:\/\/www.w3.org\/2000\/svg\" viewBox=\"0 0 240 40\" preserveAspectRatio=\"none\"><path d=\"M56.2 20c5.3-.1 10.6-.2 16-.3l16-.2c10.6-.1 21.3-.1 31.9-.2 10.6.1 21.3 0 31.9.1l16 .2c5.3.1 10.6.2 16 .3-5.3.1-10.6.2-16 .3l-16 .2c-10.6.1-21.3.1-31.9.1-10.6-.1-21.3 0-31.9-.2l-16-.2c-5.4.1-10.7 0-16-.1z\"><\/path><\/svg><\/span><\/div><\/div><\/section>\n\n\n\n<div class=\"wp-block-columns alignwide are-vertically-aligned-center is-layout-flex wp-container-core-columns-is-layout-9d6595d7 wp-block-columns-is-layout-flex\">\n<div class=\"wp-block-column is-layout-flow wp-block-column-is-layout-flow\" style=\"flex-basis:50%\">\n<p class=\"has-large-font-size\"><strong>Ihre Anw\u00e4ltin<\/strong><\/p>\n\n\n\n<h2 class=\"wp-block-heading\" id=\"h-scheidungsanw-ltin-und-inhaberin-der-anwaltskanzlei\"><strong><a href=\"https:\/\/www.anwalt-zuerich.attorney\/scheidungsanwalt\/\">Scheidungsanw\u00e4ltin<\/a><\/strong> und <strong>Inhaberin der Anwaltskanzlei <\/strong><\/h2>\n\n\n\n<p>Ich und mein Team beraten und vertreten <strong>Privatpersonen<\/strong> im <a href=\"https:\/\/www.anwalt-zuerich.attorney\/ch\/anwalt-arbeitsrecht-zuerich\/\">Arbeits-<\/a>, <a href=\"https:\/\/www.anwalt-zuerich.attorney\/ch\/anwalt-erbrecht\/\">Erbrecht<\/a> und <a href=\"https:\/\/www.anwalt-zuerich.attorney\/ch\/anwalt-familienrecht\/\">Familienrecht<\/a> sowie bei der  Vorsorge- und Nachlassplanung. Mein Fokus richtet sich auf <a href=\"https:\/\/www.anwalt-zuerich.attorney\/ch\/anwalt-scheidung\/\">Scheidung<\/a>, Trennung und <a href=\"https:\/\/www.anwalt-zuerich.attorney\/ch\/anwalt-eherecht-eheschutz\/\">Eheschutz<\/a>.<\/p>\n\n\n\n<p><strong>Unternehmen<\/strong> unterst\u00fctze ich im <a href=\"https:\/\/www.anwalt-zuerich.attorney\/ch\/anwalt-unternehmensrecht-firmenrecht-betriebsnachfolge\/\">Unternehmens- und Firmenrecht<\/a>, der <a href=\"https:\/\/www.anwalt-zuerich.attorney\/ch\/anwalt-unternehmensrecht-firmenrecht-betriebsnachfolge\/\">Unternehmensnachfolge<\/a>, im <a href=\"https:\/\/www.anwalt-zuerich.attorney\/ch\/anwalt-mietrecht\/\">Miet-<\/a>, <a href=\"https:\/\/www.anwalt-zuerich.attorney\/ch\/anwalt-baurecht\/\">Bau-<\/a> &amp; <a href=\"https:\/\/www.anwalt-zuerich.attorney\/ch\/anwalt-gesellschaftsrecht\/\">Gesellschaftsrecht<\/a>, <a href=\"https:\/\/www.anwalt-zuerich.attorney\/ch\/anwalt-immobilienrecht\/\">Immobilienrecht<\/a>, <a href=\"https:\/\/www.anwalt-zuerich.attorney\/ch\/anwalt-it-recht-datenschutz-zuerich\/\">IT-Recht &amp; Datenschutz<\/a>, <a href=\"https:\/\/www.anwalt-zuerich.attorney\/ch\/anwalt-immaterialgueterrecht-markenschutz\/\">Marken-<\/a>, <a href=\"https:\/\/www.anwalt-zuerich.attorney\/ch\/haftpflichtrecht-versicherungsrecht\/\">Haftpflicht- &amp; Versicherungsrecht<\/a> sowie im <a href=\"https:\/\/www.anwalt-zuerich.attorney\/ch\/anwalt-vertragsrecht\/\">Vertrags-<\/a> &amp;<a href=\"https:\/\/www.anwalt-zuerich.attorney\/rechtsberatung\/Firmengruendung-Gesellschaftsrecht-Handelsrecht\/\"> <\/a><a href=\"https:\/\/www.anwalt-zuerich.attorney\/ch\/anwalt-wirtschaftsrecht\/\">Wirtschaftsrecht<\/a>.&nbsp;<\/p>\n<\/div>\n\n\n\n<div class=\"wp-block-column is-layout-flow wp-block-column-is-layout-flow\" style=\"flex-basis:50%\">\n<figure class=\"wp-block-image is-style-default\"><img decoding=\"async\" width=\"300\" height=\"413\" src=\"https:\/\/www.anwalt-zuerich.attorney\/ch\/wp-content\/uploads\/2019\/12\/Screenshot-2018-07-31-13.19.00-e1576162692534.png\" alt=\"Scheidungsanwalt Anwalt internationales Privatrecht\" class=\"wp-image-590\"\/><figcaption><em>Ihr <strong>Scheidungsanwalt<\/strong> oder <strong>Anwalt<\/strong> f\u00fcr <strong>internationales Privatrecht<\/strong> kann Sie unterst\u00fctzten!<\/em><\/figcaption><\/figure>\n<\/div>\n<\/div>\n\n\n\n<blockquote class=\"wp-block-quote has-text-align-center is-style-large is-layout-flow wp-block-quote-is-layout-flow\"><p>Mit Leidenschaft stehen wir f\u00fcr Ihre Interessen ein!<\/p><cite>Stanislava Wittibschlager, Inhaberin der Kanzlei Wittibschlager<\/cite><\/blockquote>\n\n\n\n<div class=\"wp-block-image\"><figure class=\"aligncenter size-full\"><img decoding=\"async\" width=\"426\" height=\"103\" src=\"https:\/\/www.anwalt-zuerich.attorney\/ch\/wp-content\/uploads\/2020\/12\/cropped-Bildschirmfoto-2020-12-02-um-19.24.01.png\" alt=\"Anwaltskanzlei Wittibschlager\" class=\"wp-image-7211\" srcset=\"https:\/\/www.anwalt-zuerich.attorney\/ch\/wp-content\/uploads\/2020\/12\/cropped-Bildschirmfoto-2020-12-02-um-19.24.01.png 426w, https:\/\/www.anwalt-zuerich.attorney\/ch\/wp-content\/uploads\/2020\/12\/cropped-Bildschirmfoto-2020-12-02-um-19.24.01-300x73.png 300w\" sizes=\"(max-width: 426px) 100vw, 426px\" \/><\/figure><\/div>\n\n\n\n<p class=\"has-text-align-center\"> <\/p>\n\n\n<p class='wp-call-button-block-button wp-call-button-block-button-center'><a class='wp-call-button-in-btn' href='tel:+41435450150' style='background-color:#3b5998' ><svg x=\"0px\" y=\"0px\" width=\"459px\" height=\"459px\" viewBox=\"0 0 459 459\">\r\n\t\t\t\t<path\r\n\t\t\t\t\td=\"M91.8,198.9c35.7,71.4,96.9,130.05,168.3,168.3L316.2,311.1c7.649-7.649,17.85-10.199,25.5-5.1c28.05,10.2,58.649,15.3,91.8,15.3c15.3,0,25.5,10.2,25.5,25.5v86.7c0,15.3-10.2,25.5-25.5,25.5C193.8,459,0,265.2,0,25.5C0,10.2,10.2,0,25.5,0h89.25c15.3,0,25.5,10.2,25.5,25.5c0,30.6,5.1,61.2,15.3,91.8c2.55,7.65,0,17.85-5.1,25.5L91.8,198.9z\"\r\n\t\t\t\t\/>\r\n\t\t\t<\/svg> +41 43 545 01 50<\/a><\/p>\n\n\n<section id=\"section-bcc93e80-7bcf-4901-9e57-81a4a94007d2\" class=\"wp-block-gutentor-divider section-bcc93e80-7bcf-4901-9e57-81a4a94007d2 gutentor-element gutentor-section gutentor-divider text-center\"><div class=\"grid-container\"><div class=\"gutentor-divider-box\"><span><svg xmlns=\"http:\/\/www.w3.org\/2000\/svg\" viewBox=\"0 0 240 40\" preserveAspectRatio=\"none\"><path d=\"M56.2 20c5.3-.1 10.6-.2 16-.3l16-.2c10.6-.1 21.3-.1 31.9-.2 10.6.1 21.3 0 31.9.1l16 .2c5.3.1 10.6.2 16 .3-5.3.1-10.6.2-16 .3l-16 .2c-10.6.1-21.3.1-31.9.1-10.6-.1-21.3 0-31.9-.2l-16-.2c-5.4.1-10.7 0-16-.1z\"><\/path><\/svg><\/span><\/div><\/div><\/section>\n\n\n\n<h2 class=\"wp-block-heading\" id=\"h-das-wirtschaftsstrafrecht\">Das Wirtschaftsstrafrecht<\/h2>\n\n\n\n<p>Im modernen Wirtschaftsleben ist es keine Seltenheit mehr, dass man als Unternehmer, leitender Angestellter oder dergleichen auch mit dem Wirtschaftsstrafrecht in Ber\u00fchrung kommen kann. Dies ist meist sehr unangenehm, weil das Strafrecht einerseits empfindliche Strafen vorsieht, und es andererseits auf viele Kleinigkeiten, von Fristen \u00fcber Formvorschriften bis zur Beweisf\u00fchrung, ankommt. Wir unterst\u00fctzen Sie dabei, ganz gleich ob Sie selbst Betroffener einer Strafanzeige sind, oder aber einen Gesch\u00e4ftspartner oder dergleichen wirtschaftsstrafrechtlich belangen m\u00f6chten.<\/p>\n\n\n\n<figure class=\"wp-block-image size-full is-style-rounded\"><img decoding=\"async\" width=\"422\" height=\"626\" src=\"https:\/\/www.anwalt-zuerich.attorney\/ch\/wp-content\/uploads\/2019\/12\/Screenshot-2018-02-15-16.08.14.png\" alt=\"Anwalt Wirtschaftsrecht\" class=\"wp-image-554\" srcset=\"https:\/\/www.anwalt-zuerich.attorney\/ch\/wp-content\/uploads\/2019\/12\/Screenshot-2018-02-15-16.08.14.png 422w, https:\/\/www.anwalt-zuerich.attorney\/ch\/wp-content\/uploads\/2019\/12\/Screenshot-2018-02-15-16.08.14-202x300.png 202w\" sizes=\"(max-width: 422px) 100vw, 422px\" \/><figcaption><em>Unser Anwalt f\u00fcr Wirtschaftsrecht kann Sie unterst\u00fctzten!<\/em><\/figcaption><\/figure>\n\n\n\n<section id=\"section-332eb448-4b65-4c67-8a2e-661a5f01cd4e\" class=\"wp-block-gutentor-divider section-332eb448-4b65-4c67-8a2e-661a5f01cd4e gutentor-element gutentor-section gutentor-divider text-center\"><div class=\"grid-container\"><div class=\"gutentor-divider-box\"><span><svg xmlns=\"http:\/\/www.w3.org\/2000\/svg\" viewBox=\"0 0 240 40\" preserveAspectRatio=\"none\"><path d=\"M56.2 20c5.3-.1 10.6-.2 16-.3l16-.2c10.6-.1 21.3-.1 31.9-.2 10.6.1 21.3 0 31.9.1l16 .2c5.3.1 10.6.2 16 .3-5.3.1-10.6.2-16 .3l-16 .2c-10.6.1-21.3.1-31.9.1-10.6-.1-21.3 0-31.9-.2l-16-.2c-5.4.1-10.7 0-16-.1z\"><\/path><\/svg><\/span><\/div><\/div><\/section>\n\n\n\n<h2 class=\"wp-block-heading\" id=\"h-ihr-anwalt-f-r-handelsrecht-advokatur-f-r-wirtschafsrechtliche-angelegenheiten\">Ihr Anwalt f\u00fcr Handelsrecht &#8211; Advokatur f\u00fcr wirtschafsrechtliche Angelegenheiten<\/h2>\n\n\n\n<p>Das Handelsrecht als Teil des grossen Komplexes des Wirtschaftsrechts behandelt vorrangig Themen des Gesellschafts-, Firmen- und Immaterialg\u00fcterrechts. Dabei kann es um die Anmeldung eines Patents, das klagsweise Durchsetzen einer zu unterlassenen markenrechtlichen Verletzung Ihrer Rechte oder die Gr\u00fcndung einer Kapitalgesellschaft gehen. Die Themen sind vielf\u00e4ltig und juristische Hilfe oftmals gefragt. Vereinbaren Sie einen Erstbesprechungstermin in unserer Kanzlei, wo wir Ihren Fall in Ruhe detailliert analysieren und sodann etwaige weitere Schritte besprechen k\u00f6nnen. Gerade im Wirtschaftsrecht ist es durchaus \u00fcblich, auch aussergerichtliche Einigungen zu erzielen, wobei wir Sie sehr gerne unterst\u00fctzen. Ihr Anwalt f\u00fcr Wirtschaftsrecht ist f\u00fcr Sie da!<\/p>\n\n\n\n<h2 class=\"wp-block-heading\" id=\"h-ihr-anwalt-f-r-handelsrecht-in-z-rich\">Ihr Anwalt f\u00fcr Handelsrecht in Z\u00fcrich<\/h2>\n\n\n\n<p>Das Handelsrecht ist ein wichtiger Teilbereich des Wirtschaftsrechts und hat f\u00fcr Unternehmer, leitende Angestellte und Selbst\u00e4ndige gr\u00f6sste praktische Relevanz. Neben dem klassischen <a href=\"https:\/\/www.anwalt-zuerich.attorney\/ch\/anwalt-gesellschaftsrecht\/\">Gesellschaftsrecht<\/a> umfasst das Handelsrecht n\u00e4mlich auch das Firmenrecht, das Patentrecht, Urheber-, Musterschutz- und <a href=\"https:\/\/www.anwalt-zuerich.attorney\/ch\/anwalt-immaterialgueterrecht-markenschutz\/\">Markenrecht<\/a>, sowie das zb auch das Handelsregisterrecht. Jeder aktive Teilnehmer am Marktgeschehen sollte daher gut dar\u00fcber Bescheid wissen, welche Vorschriften und Gesetze gelten, was innerhalb einer zul\u00e4ssigen Grenze ist und wo besonders heikle Konfrontationen entstehen k\u00f6nnen. Als erfahrene Anw\u00e4lte im Handelsrecht beraten wir Sie gerne bei allen Themen in diesem Bereich, unterst\u00fctzen Sie bei einem konkreten Problem oder erarbeiten eine aussergerichtliche Einigung, respektive vertreten Sie gegebenenfalls auch vor Gericht in einem Verfahren.<\/p>\n\n\n\n<section id=\"section-d289bcce-d26f-46d7-adf2-c5263e7268ab\" class=\"wp-block-gutentor-divider section-d289bcce-d26f-46d7-adf2-c5263e7268ab gutentor-element gutentor-section gutentor-divider text-center\"><div class=\"grid-container\"><div class=\"gutentor-divider-box\"><span><svg xmlns=\"http:\/\/www.w3.org\/2000\/svg\" viewBox=\"0 0 240 40\" preserveAspectRatio=\"none\"><path d=\"M56.2 20c5.3-.1 10.6-.2 16-.3l16-.2c10.6-.1 21.3-.1 31.9-.2 10.6.1 21.3 0 31.9.1l16 .2c5.3.1 10.6.2 16 .3-5.3.1-10.6.2-16 .3l-16 .2c-10.6.1-21.3.1-31.9.1-10.6-.1-21.3 0-31.9-.2l-16-.2c-5.4.1-10.7 0-16-.1z\"><\/path><\/svg><\/span><\/div><\/div><\/section>\n\n\n\n<h2 class=\"wp-block-heading\" id=\"h-allgemeine-rechtsberatung-f-r-unternehmen\">Allgemeine Rechtsberatung f\u00fcr Unternehmen<\/h2>\n\n\n\n<p>Wer als Kaufmann am Marktgeschehen teilnehmen m\u00f6chte, hat sich bereits vor Betriebsaufnahme mit zahlreichen Fragestellungen auseinanderzusetzen. Von der Wahl der Rechtsform der Gesellschaft, \u00fcber die Verteilung von Anteilen bis hin zu Haftungs- und Finanzierungsfragen gilt es, viele Bereiche gleich zu Beginn ordentlich und rechtlich wasserdicht zu organisieren. Im Handelsrecht ist das dar\u00fcber hinaus besonders wichtig, da die anderen Mitbewerber, Kunden oder Lieferanten in der Regel auch sehr gut \u00fcber die rechtliche Situation Bescheid wissen, und es daher eine unbedingte Notwendigkeit ist, auch selbst gut im Bilde zu sein. Wir unterst\u00fctzen und beraten Sie daher in jedem Stadium, von der Firmengr\u00fcndung bis zum konkreten rechtlichen Problem, verhandeln aussergerichtliche Vereinbarungen und vertreten Sie gegebenenfalls auch vor Gericht in einem Verfahren. Bei unternehmensrechtlichen Fragen hilft Ihnen Ihr Anwalt f\u00fcr Wirtschaftsrecht.<\/p>\n\n\n\n<section id=\"section-fa355a07-5710-4197-87ab-64fcd202445a\" class=\"wp-block-gutentor-divider section-fa355a07-5710-4197-87ab-64fcd202445a gutentor-element gutentor-section gutentor-divider text-center\"><div class=\"grid-container\"><div class=\"gutentor-divider-box\"><span><svg xmlns=\"http:\/\/www.w3.org\/2000\/svg\" viewBox=\"0 0 240 40\" preserveAspectRatio=\"none\"><path d=\"M56.2 20c5.3-.1 10.6-.2 16-.3l16-.2c10.6-.1 21.3-.1 31.9-.2 10.6.1 21.3 0 31.9.1l16 .2c5.3.1 10.6.2 16 .3-5.3.1-10.6.2-16 .3l-16 .2c-10.6.1-21.3.1-31.9.1-10.6-.1-21.3 0-31.9-.2l-16-.2c-5.4.1-10.7 0-16-.1z\"><\/path><\/svg><\/span><\/div><\/div><\/section>\n\n\n\n<h2 class=\"wp-block-heading\" id=\"h-ihre-kanzlei-f-r-die-vertretung-vor-gericht\">Ihre Kanzlei f\u00fcr die Vertretung vor Gericht<\/h2>\n\n\n\n<p>Ihre Kanzlei f\u00fcr die Vertretung vor Gericht Neben den grunds\u00e4tzlich notwendigen Schritten zur erfolgreichen Firmengr\u00fcndung, wie etwa die Eintragung ins Handelsregister, die Formulierung von AGBs, das <a href=\"https:\/\/www.anwalt-zuerich.attorney\/ch\/anwalt-vertragsrecht\/\">Aufsetzen von Mustervertr\u00e4gen<\/a> oder die Abkl\u00e4rung marken- und wettbewerbsrechtlicher Fragen kann es auch im laufenden Betrieb zu rechtlichen Auseinandersetzungen kommen. Dabei ist entscheidend, einen erfahrenen Rechtsbeistand an seiner Seite zu wissen, um alle formalen Vorschriften eines Verfahrens wie Fristen einzuhalten, und andererseits in ein Verfahren auch mit einer entsprechend klugen, konsistenten und \u00fcberzeugenden Strategie hineinzugehen. Wir unterst\u00fctzen, beraten und begleiten Sie dabei sehr gerne. Vereinbaren Sie am besten ein unverbindliches und vertrauliches Beratungsgespr\u00e4ch in unserer Kanzlei, wo wir uns f\u00fcr Sie und Ihr Anliegen in Ruhe Zeit nehmen. <\/p>\n\n\n\n<section id=\"section-5b9fd4b2-ce9b-4afd-bf7f-c18caf014c0f\" class=\"wp-block-gutentor-divider section-5b9fd4b2-ce9b-4afd-bf7f-c18caf014c0f gutentor-element gutentor-section gutentor-divider text-center\"><div class=\"grid-container\"><div class=\"gutentor-divider-box\"><span><svg xmlns=\"http:\/\/www.w3.org\/2000\/svg\" viewBox=\"0 0 240 40\" preserveAspectRatio=\"none\"><path d=\"M56.2 20c5.3-.1 10.6-.2 16-.3l16-.2c10.6-.1 21.3-.1 31.9-.2 10.6.1 21.3 0 31.9.1l16 .2c5.3.1 10.6.2 16 .3-5.3.1-10.6.2-16 .3l-16 .2c-10.6.1-21.3.1-31.9.1-10.6-.1-21.3 0-31.9-.2l-16-.2c-5.4.1-10.7 0-16-.1z\"><\/path><\/svg><\/span><\/div><\/div><\/section>\n\n\n<p class='wp-call-button-block-button wp-call-button-block-button-center'><a class='wp-call-button-in-btn' href='tel:+41435450150' style='background-color:#3b5998' ><svg x=\"0px\" y=\"0px\" width=\"459px\" height=\"459px\" viewBox=\"0 0 459 459\">\r\n\t\t\t\t<path\r\n\t\t\t\t\td=\"M91.8,198.9c35.7,71.4,96.9,130.05,168.3,168.3L316.2,311.1c7.649-7.649,17.85-10.199,25.5-5.1c28.05,10.2,58.649,15.3,91.8,15.3c15.3,0,25.5,10.2,25.5,25.5v86.7c0,15.3-10.2,25.5-25.5,25.5C193.8,459,0,265.2,0,25.5C0,10.2,10.2,0,25.5,0h89.25c15.3,0,25.5,10.2,25.5,25.5c0,30.6,5.1,61.2,15.3,91.8c2.55,7.65,0,17.85-5.1,25.5L91.8,198.9z\"\r\n\t\t\t\t\/>\r\n\t\t\t<\/svg> +41 43 545 01 50<\/a><\/p>\n\n\n<h2 class=\"wp-block-heading\" id=\"h-hier-finden-sie-ihren-anwalt-f-r-handels-gesellschafts-und-wirtschaftsrecht-in-z-rich-routenplaner\">Hier finden Sie Ihren Anwalt f\u00fcr Handels-, Gesellschafts- und Wirtschaftsrecht in Z\u00fcrich &#8211; Routenplaner<\/h2>\n\n\n\n<div class=\"wp-block-yoast-seo-local-map\"><div id=\"map_canvas\" class=\"wpseo-map-canvas\" style=\"max-width: 100%; width: 400px; height: 300px;\"><ul><li><a href=\"https:\/\/www.anwalt-zuerich.attorney\/ch\/\">Anwaltskanzlei Zuerich<\/a><\/li><\/ul><\/div><div id=\"wpseo-directions-wrapper\"><h3 id=\"wpseo-directions\" class=\"wpseo-directions-heading\">Route<\/h3><form action=\"\" method=\"post\" class=\"wpseo-directions-form\" id=\"wpseo-directions-form\" onsubmit=\"wpseo_calculate_route( wpseoMapOptions[0].map, wpseoMapOptions[0].directionsDisplay, wpseoMapOptions[0].mapVars[0], wpseoMapOptions[0].mapVars[1], 0); return false;\"><p>Deine Adresse: <input type=\"text\" size=\"20\" id=\"origin\" value=\"\" \/><input type=\"submit\" class=\"wpseo-directions-submit\" value=\"Zeige Route\"><span id=\"wpseo-noroute\" style=\"display: none;\">Es konnte keine Route berechnet werden.<\/span><\/p><\/form><div id=\"directions\"><\/div><\/div><\/div>\n\n\n\n<section id=\"section-79d9de3c-a06a-428a-a518-f5731712dcf9\" class=\"wp-block-gutentor-divider section-79d9de3c-a06a-428a-a518-f5731712dcf9 gutentor-element gutentor-section gutentor-divider text-center\"><div class=\"grid-container\"><div class=\"gutentor-divider-box\"><span><svg xmlns=\"http:\/\/www.w3.org\/2000\/svg\" viewBox=\"0 0 240 40\" preserveAspectRatio=\"none\"><path d=\"M56.2 20c5.3-.1 10.6-.2 16-.3l16-.2c10.6-.1 21.3-.1 31.9-.2 10.6.1 21.3 0 31.9.1l16 .2c5.3.1 10.6.2 16 .3-5.3.1-10.6.2-16 .3l-16 .2c-10.6.1-21.3.1-31.9.1-10.6-.1-21.3 0-31.9-.2l-16-.2c-5.4.1-10.7 0-16-.1z\"><\/path><\/svg><\/span><\/div><\/div><\/section>\n\n\n\n<div class=\"wp-block-yoast-seo-local-address\"><div id=\"wpseo_location-\" class=\"wpseo-location\"><h3><span class=\"wpseo-business-name\">Anwaltskanzlei Zuerich<\/span><\/h3><div class=\"wpseo-address-wrapper\"><div class=\"street-address\">L\u00f6wenstrasse 43<\/div><span class=\"locality\"> Z\u00fcrich<\/span><\/div><span class=\"wpseo-phone\">Telefon: <a href=\"tel:+41435450150\" class=\"tel\"><span>+41435450150<\/span><\/a><\/span><br\/><span class=\"wpseo-email\">E-Mail: <a href=\"mailto:&#105;&#110;&#102;&#111;&#064;witti&#098;&#045;law.&#099;&#104;\">&#105;n&#102;o&#64;wi&#116;t&#105;&#98;&#45;law&#46;&#99;&#104;<\/a><\/span><br\/><\/div><\/div>\n\n\n\n<section id=\"section-1297a794-8206-4abf-903d-5ec3a20f2946\" class=\"wp-block-gutentor-divider section-1297a794-8206-4abf-903d-5ec3a20f2946 gutentor-element gutentor-section gutentor-divider text-center\"><div class=\"grid-container\"><div class=\"gutentor-divider-box\"><span><svg xmlns=\"http:\/\/www.w3.org\/2000\/svg\" viewBox=\"0 0 240 40\" preserveAspectRatio=\"none\"><path d=\"M56.2 20c5.3-.1 10.6-.2 16-.3l16-.2c10.6-.1 21.3-.1 31.9-.2 10.6.1 21.3 0 31.9.1l16 .2c5.3.1 10.6.2 16 .3-5.3.1-10.6.2-16 .3l-16 .2c-10.6.1-21.3.1-31.9.1-10.6-.1-21.3 0-31.9-.2l-16-.2c-5.4.1-10.7 0-16-.1z\"><\/path><\/svg><\/span><\/div><\/div><\/section>\n\n\n\n<h2 class=\"wp-block-heading\" id=\"h-ffnungszeiten-und-telefonische-erreichbarkeit-ihres-anwaltes-f-r-wirtschaftsrecht\">\u00d6ffnungszeiten und telefonische Erreichbarkeit Ihres Anwaltes f\u00fcr Wirtschaftsrecht<\/h2>\n\n\n\n<div class=\"wp-block-yoast-seo-local-opening-hours\"><div class=\"wpseo-opening-hours-wrapper\"><table class=\"wpseo-opening-hours\" id =\"wpseo-opening-hours-\"><tr><td class=\"day\">Montag<\/td><td class=\"time\"><span>8:00 AM - 5:00 PM<\/span><\/td><\/tr><tr><td class=\"day\">Dienstag<\/td><td class=\"time\"><span>8:00 AM - 5:00 PM<\/span><\/td><\/tr><tr><td class=\"day\">Mittwoch<\/td><td class=\"time\"><span>8:00 AM - 5:00 PM<\/span><\/td><\/tr><tr><td class=\"day\">Donnerstag<\/td><td class=\"time\"><span>8:00 AM - 5:00 PM<\/span><\/td><\/tr><tr><td class=\"day\">Freitag<\/td><td class=\"time\"><span>8:00 AM - 5:00 PM<\/span><\/td><\/tr><tr><td class=\"day\">Samstag<\/td><td class=\"time\">Geschlossen<\/td><\/tr><tr><td class=\"day\">Sonntag<\/td><td class=\"time\">Geschlossen<\/td><\/tr><\/table><\/div><\/div>\n\n\n\n<section id=\"section-9b6ae26c-554b-4c3e-a106-eb1572a57d65\" class=\"wp-block-gutentor-divider section-9b6ae26c-554b-4c3e-a106-eb1572a57d65 gutentor-element gutentor-section gutentor-divider text-center\"><div class=\"grid-container\"><div class=\"gutentor-divider-box\"><span><svg xmlns=\"http:\/\/www.w3.org\/2000\/svg\" viewBox=\"0 0 240 40\" preserveAspectRatio=\"none\"><path d=\"M56.2 20c5.3-.1 10.6-.2 16-.3l16-.2c10.6-.1 21.3-.1 31.9-.2 10.6.1 21.3 0 31.9.1l16 .2c5.3.1 10.6.2 16 .3-5.3.1-10.6.2-16 .3l-16 .2c-10.6.1-21.3.1-31.9.1-10.6-.1-21.3 0-31.9-.2l-16-.2c-5.4.1-10.7 0-16-.1z\"><\/path><\/svg><\/span><\/div><\/div><\/section>\n\n\n\n<p id=\"h-als-anw-ltin-expertin-f-r-internationales-privatrecht-auf-kabeleins\"><strong>ALS ANW\u00c4LTIN &amp; EXPERTIN F\u00dcR INTERNATIONALES PRIVATRECHT AUF KABELEINS<\/strong><\/p>\n\n\n\n<p><strong>Achtung Abzocke<\/strong> geh\u00f6rt zu den erfolgreichsten Sendungen auf Kabeleins. Der beliebte <strong>TV-Moderator Peter Giesel<\/strong> l\u00e4sst sich umfassend von <strong>Stanislava Wittibschlager<\/strong> beraten. Auch bei Fragen zum Arbeitsrecht kann Ihr Anwalt Arbeitszeugnis helfen.<\/p>\n\n\n\n<figure class=\"wp-block-embed aligncenter is-type-video is-provider-youtube wp-block-embed-youtube wp-embed-aspect-16-9 wp-has-aspect-ratio\"><div class=\"wp-block-embed__wrapper\">\n<iframe title=\"Krumme Gesch\u00e4fte: E-Bike-Verk\u00e4ufer verpfeift Ex-Gesch\u00e4ftspartner| 2\/3 | Achtung Abzocke | Kabel Eins\" width=\"550\" height=\"309\" src=\"https:\/\/www.youtube.com\/embed\/34dHcfpV3QQ?start=41&#038;feature=oembed\" frameborder=\"0\" allow=\"accelerometer; autoplay; clipboard-write; encrypted-media; gyroscope; picture-in-picture; web-share\" referrerpolicy=\"strict-origin-when-cross-origin\" allowfullscreen><\/iframe>\n<\/div><figcaption><strong>TV-Moderator Peter Giesel<\/strong> stellt Stanislava Wittibschlager Fragen zum Schweizer Insolvenzrecht. Gerne unterst\u00fctzt Sie Ihr <a href=\"https:\/\/www.wittib-law.ch\/Anwaltskanzlei-in-zuerich\/schuldbetreibung-konkursrecht-inkasso\/\">Anwalt f\u00fcr Insolvenzrecht in Z\u00fcrich.<\/a> Auch als Anwalt f\u00fcr Wirtschaftsrecht kann Sie Frau Wittibschlager kompetent unterst\u00fctzen.<br>.<\/figcaption><\/figure>\n\n\n\n<section id=\"section-19bf167d-4538-4acd-ba8d-d0d643859412\" class=\"wp-block-gutentor-divider section-19bf167d-4538-4acd-ba8d-d0d643859412 gutentor-element gutentor-section gutentor-divider text-center\"><div class=\"grid-container\"><div class=\"gutentor-divider-box\"><span><svg xmlns=\"http:\/\/www.w3.org\/2000\/svg\" viewBox=\"0 0 240 40\" preserveAspectRatio=\"none\"><path d=\"M56.2 20c5.3-.1 10.6-.2 16-.3l16-.2c10.6-.1 21.3-.1 31.9-.2 10.6.1 21.3 0 31.9.1l16 .2c5.3.1 10.6.2 16 .3-5.3.1-10.6.2-16 .3l-16 .2c-10.6.1-21.3.1-31.9.1-10.6-.1-21.3 0-31.9-.2l-16-.2c-5.4.1-10.7 0-16-.1z\"><\/path><\/svg><\/span><\/div><\/div><\/section>\n\n\n\n<p>Weitere Infos<\/p>\n\n\n\n<ul class=\"wp-block-yoast-seo-related-links\"><li><a href=\"https:\/\/www.anwalt-zuerich.attorney\/ch\/\">Anwalt Z\u00fcrich<\/a><\/li><li><a href=\"https:\/\/www.anwalt-zuerich.attorney\/ch\/anwalt-vertragsrecht\/\">Vertragsrecht<\/a><\/li><li><a href=\"https:\/\/www.anwalt-zuerich.attorney\/ch\/anwalt-transportrecht\/\">Transportrecht<\/a><\/li><li><a href=\"https:\/\/www.anwalt-zuerich.attorney\/ch\/anwalt-anwaeltin-fuer-prozessrecht\/\">Prozessrecht<\/a><\/li><li><a href=\"https:\/\/www.anwalt-zuerich.attorney\/ch\/anwalt-wettbewerbsrecht\/\">Wettbewerbsrecht<\/a><\/li><\/ul>\n<div style='text-align:center' class='yasr-auto-insert-visitor'><\/div>","protected":false},"excerpt":{"rendered":"<p>Ihr Anwalt f\u00fcr Wirtschaftsrecht &#8211; Kanzlei f\u00fcr Gesellschafts- und Handelsrecht in Z\u00fcrich Suchen Sie einen Anwalt f\u00fcr Wirtschaftsrecht? Das Wirtschaftsrecht ist ein sehr grosses Rechtsgebiet, welches viele verschiedene Dinge und Themen umfasst. Wir haben grosse Expertise, wenn es um die Gr\u00fcndung, Umgr\u00fcndung oder Expansion von Unternehmen geht, die Vereinbarung eines Joint Ventures oder die \u00dcbernahme [&hellip;]<\/p>\n","protected":false},"author":1,"featured_media":540,"comment_status":"closed","ping_status":"closed","sticky":false,"template":"","format":"standard","meta":{"yasr_overall_rating":0,"yasr_post_is_review":"","yasr_auto_insert_disabled":"","yasr_review_type":"","footnotes":""},"categories":[1],"tags":[159,263,161,1892,1891,340,305],"class_list":["post-9365","post","type-post","status-publish","format-standard","has-post-thumbnail","hentry","category-anwalt-zuerich","tag-betriebsnachfolge","tag-gesellschaftsrecht","tag-handelsrecht","tag-schuldbetreibungsrecht","tag-schuldrecht","tag-urheberrecht","tag-werkvertragsrecht"],"yasr_visitor_votes":{"stars_attributes":{"read_only":true,"span_bottom":"<div class='yasr-small-block-bold'><span class='yasr-visitor-votes-must-sign-in'>99% zufriedene Nutzer \/ Durchschnittsbewertungen unserer Klienten<\/span><\/div>"},"number_of_votes":44,"sum_votes":220},"gutentor_comment":0,"yoast_head":"<!-- This site is optimized with the Yoast SEO Premium plugin v26.4 (Yoast SEO v26.4) - https:\/\/yoast.com\/wordpress\/plugins\/seo\/ -->\n<title>Anwalt Wirtschaftsrecht - Anwalt Z\u00fcrich<\/title>\n<meta name=\"description\" content=\"Ihr Anwalt f\u00fcr Wirtschaftsrecht in Z\u00fcrich unterst\u00fctzt bei vertrags-, handels-, wirtschafts- und gesellschaftsrechtlichen Fragen.\" \/>\n<meta name=\"robots\" content=\"index, follow, max-snippet:-1, max-image-preview:large, max-video-preview:-1\" \/>\n<link rel=\"canonical\" href=\"https:\/\/www.anwalt-zuerich.attorney\/ch\/anwalt-wirtschaftsrecht\/\" \/>\n<meta property=\"og:locale\" content=\"de_DE\" \/>\n<meta property=\"og:type\" content=\"article\" \/>\n<meta property=\"og:title\" content=\"Anwalt Wirtschaftsrecht\" \/>\n<meta property=\"og:description\" content=\"Ihr Anwalt f\u00fcr Wirtschaftsrecht in Z\u00fcrich unterst\u00fctzt bei vertrags-, handels-, wirtschafts- und gesellschaftsrechtlichen Fragen.\" \/>\n<meta property=\"og:url\" content=\"https:\/\/www.anwalt-zuerich.attorney\/ch\/anwalt-wirtschaftsrecht\/\" \/>\n<meta property=\"og:site_name\" content=\"Anwalt Z\u00fcrich\" \/>\n<meta property=\"article:publisher\" content=\"https:\/\/www.facebook.com\/Anwalt-f%c3%bcr-Familienrech-Arbeitsrecht-und-Scheidungsrecht-Z%c3%bcrich-2016470341934582\" \/>\n<meta property=\"article:published_time\" content=\"2021-11-10T10:31:01+00:00\" \/>\n<meta property=\"article:modified_time\" content=\"2021-12-22T08:27:33+00:00\" \/>\n<meta property=\"og:image\" content=\"https:\/\/www.anwalt-zuerich.attorney\/ch\/wp-content\/uploads\/2019\/12\/Screenshot-2017-10-09-08.06.11.png\" \/>\n\t<meta property=\"og:image:width\" content=\"271\" \/>\n\t<meta property=\"og:image:height\" content=\"73\" \/>\n\t<meta property=\"og:image:type\" content=\"image\/png\" \/>\n<meta name=\"author\" content=\"Anwalt Zuerich\" \/>\n<meta name=\"twitter:card\" content=\"summary_large_image\" \/>\n<meta name=\"twitter:label1\" content=\"Verfasst von\" \/>\n\t<meta name=\"twitter:data1\" content=\"Anwalt Zuerich\" \/>\n\t<meta name=\"twitter:label2\" content=\"Gesch\u00e4tzte Lesezeit\" \/>\n\t<meta name=\"twitter:data2\" content=\"6\u00a0Minuten\" \/>\n<meta name=\"geo.placename\" content=\"Z\u00fcrich\" \/>\n<meta name=\"geo.position\" content=\"47.37554931640625;8.53688907623291\" \/>\n<meta name=\"geo.region\" content=\"Schweiz\" \/>\n<!-- \/ Yoast SEO Premium plugin. -->","yoast_head_json":{"title":"Anwalt Wirtschaftsrecht - Anwalt Z\u00fcrich","description":"Ihr Anwalt f\u00fcr Wirtschaftsrecht in Z\u00fcrich unterst\u00fctzt bei vertrags-, handels-, wirtschafts- und gesellschaftsrechtlichen Fragen.","robots":{"index":"index","follow":"follow","max-snippet":"max-snippet:-1","max-image-preview":"max-image-preview:large","max-video-preview":"max-video-preview:-1"},"canonical":"https:\/\/www.anwalt-zuerich.attorney\/ch\/anwalt-wirtschaftsrecht\/","og_locale":"de_DE","og_type":"article","og_title":"Anwalt Wirtschaftsrecht","og_description":"Ihr Anwalt f\u00fcr Wirtschaftsrecht in Z\u00fcrich unterst\u00fctzt bei vertrags-, handels-, wirtschafts- und gesellschaftsrechtlichen Fragen.","og_url":"https:\/\/www.anwalt-zuerich.attorney\/ch\/anwalt-wirtschaftsrecht\/","og_site_name":"Anwalt Z\u00fcrich","article_publisher":"https:\/\/www.facebook.com\/Anwalt-f%c3%bcr-Familienrech-Arbeitsrecht-und-Scheidungsrecht-Z%c3%bcrich-2016470341934582","article_published_time":"2021-11-10T10:31:01+00:00","article_modified_time":"2021-12-22T08:27:33+00:00","og_image":[{"width":271,"height":73,"url":"https:\/\/www.anwalt-zuerich.attorney\/ch\/wp-content\/uploads\/2019\/12\/Screenshot-2017-10-09-08.06.11.png","type":"image\/png"}],"author":"Anwalt Zuerich","twitter_card":"summary_large_image","twitter_misc":{"Verfasst von":"Anwalt Zuerich","Gesch\u00e4tzte Lesezeit":"6\u00a0Minuten"},"schema":{"@context":"https:\/\/schema.org","@graph":[{"@type":"Article","@id":"https:\/\/www.anwalt-zuerich.attorney\/ch\/anwalt-wirtschaftsrecht\/#article","isPartOf":{"@id":"https:\/\/www.anwalt-zuerich.attorney\/ch\/anwalt-wirtschaftsrecht\/"},"author":{"name":"Anwalt Zuerich","@id":"https:\/\/www.anwalt-zuerich.attorney\/ch\/#\/schema\/person\/95f940152c58e99e980bf0fb13e9f1c1"},"headline":"Anwalt Wirtschaftsrecht","datePublished":"2021-11-10T10:31:01+00:00","dateModified":"2021-12-22T08:27:33+00:00","mainEntityOfPage":{"@id":"https:\/\/www.anwalt-zuerich.attorney\/ch\/anwalt-wirtschaftsrecht\/"},"wordCount":1045,"publisher":{"@id":"https:\/\/www.anwalt-zuerich.attorney\/ch\/#organization"},"image":{"@id":"https:\/\/www.anwalt-zuerich.attorney\/ch\/anwalt-wirtschaftsrecht\/#primaryimage"},"thumbnailUrl":"https:\/\/www.anwalt-zuerich.attorney\/ch\/wp-content\/uploads\/2019\/12\/Screenshot-2017-10-09-08.06.11.png","keywords":["Betriebsnachfolge","Gesellschaftsrecht","Handelsrecht","Schuldbetreibungsrecht","Schuldrecht","Urheberrecht","Werkvertragsrecht"],"articleSection":["Anwalt Z\u00fcrich"],"inLanguage":"de","accessibilityFeature":["tableOfContents"]},{"@type":"WebPage","@id":"https:\/\/www.anwalt-zuerich.attorney\/ch\/anwalt-wirtschaftsrecht\/","url":"https:\/\/www.anwalt-zuerich.attorney\/ch\/anwalt-wirtschaftsrecht\/","name":"Anwalt Wirtschaftsrecht - Anwalt Z\u00fcrich","isPartOf":{"@id":"https:\/\/www.anwalt-zuerich.attorney\/ch\/#website"},"primaryImageOfPage":{"@id":"https:\/\/www.anwalt-zuerich.attorney\/ch\/anwalt-wirtschaftsrecht\/#primaryimage"},"image":{"@id":"https:\/\/www.anwalt-zuerich.attorney\/ch\/anwalt-wirtschaftsrecht\/#primaryimage"},"thumbnailUrl":"https:\/\/www.anwalt-zuerich.attorney\/ch\/wp-content\/uploads\/2019\/12\/Screenshot-2017-10-09-08.06.11.png","datePublished":"2021-11-10T10:31:01+00:00","dateModified":"2021-12-22T08:27:33+00:00","description":"Ihr Anwalt f\u00fcr Wirtschaftsrecht in Z\u00fcrich unterst\u00fctzt bei vertrags-, handels-, wirtschafts- und gesellschaftsrechtlichen Fragen.","breadcrumb":{"@id":"https:\/\/www.anwalt-zuerich.attorney\/ch\/anwalt-wirtschaftsrecht\/#breadcrumb"},"inLanguage":"de","potentialAction":[{"@type":"ReadAction","target":["https:\/\/www.anwalt-zuerich.attorney\/ch\/anwalt-wirtschaftsrecht\/"]}]},{"@type":"ImageObject","inLanguage":"de","@id":"https:\/\/www.anwalt-zuerich.attorney\/ch\/anwalt-wirtschaftsrecht\/#primaryimage","url":"https:\/\/www.anwalt-zuerich.attorney\/ch\/wp-content\/uploads\/2019\/12\/Screenshot-2017-10-09-08.06.11.png","contentUrl":"https:\/\/www.anwalt-zuerich.attorney\/ch\/wp-content\/uploads\/2019\/12\/Screenshot-2017-10-09-08.06.11.png","width":271,"height":73,"caption":"Anwalt Handelsrecht Z\u00fcrich"},{"@type":"BreadcrumbList","@id":"https:\/\/www.anwalt-zuerich.attorney\/ch\/anwalt-wirtschaftsrecht\/#breadcrumb","itemListElement":[{"@type":"ListItem","position":1,"name":"Home","item":"https:\/\/www.anwalt-zuerich.attorney\/ch\/"},{"@type":"ListItem","position":2,"name":"Anwalt Wirtschaftsrecht"}]},{"@type":"WebSite","@id":"https:\/\/www.anwalt-zuerich.attorney\/ch\/#website","url":"https:\/\/www.anwalt-zuerich.attorney\/ch\/","name":"Anwalt Z\u00fcrich","description":"Anwalt f\u00fcr \u2713 Arbeitsrecht \u2713 Erbrecht \u2713 Familienrecht \u2713  Verwaltungsrecht  \u2713 Wirtschaftsrecht \u2713 Privatrecht \u2713 Handelsrecht","publisher":{"@id":"https:\/\/www.anwalt-zuerich.attorney\/ch\/#organization"},"potentialAction":[{"@type":"SearchAction","target":{"@type":"EntryPoint","urlTemplate":"https:\/\/www.anwalt-zuerich.attorney\/ch\/?s={search_term_string}"},"query-input":{"@type":"PropertyValueSpecification","valueRequired":true,"valueName":"search_term_string"}}],"inLanguage":"de"},{"@type":["Organization","Place"],"@id":"https:\/\/www.anwalt-zuerich.attorney\/ch\/#organization","name":"Anwaltskanzlei Zuerich","url":"https:\/\/www.anwalt-zuerich.attorney\/ch\/","logo":{"@id":"https:\/\/www.anwalt-zuerich.attorney\/ch\/anwalt-wirtschaftsrecht\/#local-main-organization-logo"},"image":{"@id":"https:\/\/www.anwalt-zuerich.attorney\/ch\/anwalt-wirtschaftsrecht\/#local-main-organization-logo"},"sameAs":["https:\/\/www.facebook.com\/Anwalt-f\u00fcr-Familienrech-Arbeitsrecht-und-Scheidungsrecht-Z\u00fcrich-2016470341934582"],"address":{"@id":"https:\/\/www.anwalt-zuerich.attorney\/ch\/anwalt-wirtschaftsrecht\/#local-main-place-address"},"geo":{"@type":"GeoCoordinates","latitude":"47.37554931640625","longitude":"8.53688907623291"},"telephone":["+41435450150"],"openingHoursSpecification":[{"@type":"OpeningHoursSpecification","dayOfWeek":["Monday","Tuesday","Wednesday","Thursday","Friday"],"opens":"08:00","closes":"17:00"},{"@type":"OpeningHoursSpecification","dayOfWeek":["Saturday","Sunday"],"opens":"00:00","closes":"00:00"}],"email":"info@wittib-law.ch"},{"@type":"Person","@id":"https:\/\/www.anwalt-zuerich.attorney\/ch\/#\/schema\/person\/95f940152c58e99e980bf0fb13e9f1c1","name":"Anwalt Zuerich","image":{"@type":"ImageObject","inLanguage":"de","@id":"https:\/\/www.anwalt-zuerich.attorney\/ch\/#\/schema\/person\/image\/","url":"https:\/\/secure.gravatar.com\/avatar\/42daca3ba25e2656c8a93581cdf1443d649767a7cbec9c51a67a8fd9baded316?s=96&d=mm&r=g","contentUrl":"https:\/\/secure.gravatar.com\/avatar\/42daca3ba25e2656c8a93581cdf1443d649767a7cbec9c51a67a8fd9baded316?s=96&d=mm&r=g","caption":"Anwalt Zuerich"}},{"@type":"PostalAddress","@id":"https:\/\/www.anwalt-zuerich.attorney\/ch\/anwalt-wirtschaftsrecht\/#local-main-place-address","streetAddress":"L\u00f6wenstrasse 43","addressLocality":"Z\u00fcrich","postalCode":"8001","addressCountry":"CH"},{"@type":"ImageObject","inLanguage":"de","@id":"https:\/\/www.anwalt-zuerich.attorney\/ch\/anwalt-wirtschaftsrecht\/#local-main-organization-logo","url":"https:\/\/www.anwalt-zuerich.attorney\/ch\/wp-content\/uploads\/2019\/02\/Anwaltskanzlei-Wittibschlager.jpg","contentUrl":"https:\/\/www.anwalt-zuerich.attorney\/ch\/wp-content\/uploads\/2019\/02\/Anwaltskanzlei-Wittibschlager.jpg","width":555,"height":176,"caption":"Anwaltskanzlei Zuerich"},false]},"geo.placename":"Z\u00fcrich","geo.position":{"lat":"47.37554931640625","long":"8.53688907623291"},"geo.region":"Schweiz"},"_links":{"self":[{"href":"https:\/\/www.anwalt-zuerich.attorney\/ch\/wp-json\/wp\/v2\/posts\/9365","targetHints":{"allow":["GET"]}}],"collection":[{"href":"https:\/\/www.anwalt-zuerich.attorney\/ch\/wp-json\/wp\/v2\/posts"}],"about":[{"href":"https:\/\/www.anwalt-zuerich.attorney\/ch\/wp-json\/wp\/v2\/types\/post"}],"author":[{"embeddable":true,"href":"https:\/\/www.anwalt-zuerich.attorney\/ch\/wp-json\/wp\/v2\/users\/1"}],"replies":[{"embeddable":true,"href":"https:\/\/www.anwalt-zuerich.attorney\/ch\/wp-json\/wp\/v2\/comments?post=9365"}],"version-history":[{"count":25,"href":"https:\/\/www.anwalt-zuerich.attorney\/ch\/wp-json\/wp\/v2\/posts\/9365\/revisions"}],"predecessor-version":[{"id":11026,"href":"https:\/\/www.anwalt-zuerich.attorney\/ch\/wp-json\/wp\/v2\/posts\/9365\/revisions\/11026"}],"wp:featuredmedia":[{"embeddable":true,"href":"https:\/\/www.anwalt-zuerich.attorney\/ch\/wp-json\/wp\/v2\/media\/540"}],"wp:attachment":[{"href":"https:\/\/www.anwalt-zuerich.attorney\/ch\/wp-json\/wp\/v2\/media?parent=9365"}],"wp:term":[{"taxonomy":"category","embeddable":true,"href":"https:\/\/www.anwalt-zuerich.attorney\/ch\/wp-json\/wp\/v2\/categories?post=9365"},{"taxonomy":"post_tag","embeddable":true,"href":"https:\/\/www.anwalt-zuerich.attorney\/ch\/wp-json\/wp\/v2\/tags?post=9365"}],"curies":[{"name":"wp","href":"https:\/\/api.w.org\/{rel}","templated":true}]}}